{"id":102033,"date":"2018-06-08T14:09:39","date_gmt":"2018-06-08T18:09:39","guid":{"rendered":"http:\/\/www.bibula.com\/?p=102033"},"modified":"2018-06-08T14:09:39","modified_gmt":"2018-06-08T18:09:39","slug":"ujawniamy-skad-plyna-darowizny-dla-polin","status":"publish","type":"post","link":"https:\/\/www.bibula.com\/?p=102033","title":{"rendered":"Ujawniamy sk\u0105d p\u0142yn\u0105 darowizny dla POLIN"},"content":{"rendered":"<p><em>Z artyku\u0142u nale\u017cy odrzuci\u0107 be\u0142kot o jakim\u015b \u201eantysemityzmie\u201d w\u0142adzy w 1968 roku, a szczeg\u00f3lnie o \u201ewyrzucaniu\u201d \u017byd\u00f3w z Polski, co nigdy nie mia\u0142o miejsca.<br>\r\nAdmin<\/em><\/p>\r\n<p><strong>Plac\u00f3wka zorganizowa\u0142a kampani\u0119 zr\u00f3wnuj\u0105c\u0105 antysemityzm w\u0142adzy z 1968 r. z dzisiejszym marginesem.<\/strong><\/p>\r\n<p><span id=\"more-70574\"><\/span>Jakie polityczne powi\u0105zania, czy interesy mo\u017ce mie\u0107 POLIN? Dotarli\u015bmy do dokument\u00f3w jasno pokazuj\u0105cych ca\u0142\u0105 finansow\u0105 sie\u0107 powi\u0105za\u0144 instytucji dzia\u0142aj\u0105cych na rzecz kultury \u017cydowskiej w Polsce. To darowizny, o kt\u00f3rych opowiada dyrektor plac\u00f3wki. <em>[Kultura \u017cydowska? Czy chodzi o dowcip szmoncesowy? &#8211; admin]<\/em><\/p>\r\n<p>Marzec 1968 r., Warszawa. Czarno-bia\u0142y film, Pa\u0142ac Kultury i Nauki, blokowisko, ulica Krakowskie Przedmie\u015bcie. Polacy, stylizowani na \u00f3wczesnych mieszka\u0144c\u00f3w stolicy g\u0142osz\u0105 antysemickie has\u0142a. \u201eCo jest z tymi \u017bydami? Oni chyba s\u0105 op\u0119tani, no bo jak mam wyt\u0142umaczy\u0107 te wszystkie nieszcz\u0119\u015bcia, kt\u00f3re ci\u0105gle sprowadzaj\u0105 na \u015bwiat?\u201d &#8211; m\u00f3wi warszawianka.<\/p>\r\n<p>Odczytane przez aktor\u00f3w kwestie to wsp\u00f3\u0142czesne komentarze internaut\u00f3w. To fragment pierwszego z cyklu \u201eInna historia, taki sam hejt\u201d spotu przygotowanego przez Muzeum Historii \u017byd\u00f3w w Polsce POLIN <em>[Muzeum im. Jakuba Bermana\u2026 &#8211; admin]<\/em>.<\/p>\r\n<p><em>W marcu 1968 roku w\u0142adze komunistyczne rozp\u0119ta\u0142y kampani\u0119 antysemick\u0105, w efekcie kt\u00f3rej wyrzucono z Polski ok. 13 tysi\u0119cy Polak\u00f3w pochodzenia \u017cydowskiego<\/em> \u201d\u201d czytamy. I to jest prawda <em>[\u201ePrawda\u201d G*** Wyborczego &#8211; admin]<\/em>.<\/p>\r\n<p><em>Dzi\u015b powracaj\u0105 has\u0142a sprzed pi\u0119\u0107dziesi\u0119ciu lat<\/em> \u201d\u201dwnioskuje jednak Muzeum Historii \u017byd\u00f3w Polskich POLIN, kt\u00f3re przygotowa\u0142o spot. I to por\u00f3wnanie jest ju\u017c skandaliczne.<\/p>\r\n<p>Czy wsp\u00f3\u0142czesna retoryka antysemicka r\u00f3\u017cni si\u0119 od tej sprzed 50 lat? Obejrzyj film, poznaj histori\u0119. Nie pozw\u00f3lmy, \u017ceby si\u0119 powt\u00f3rzy\u0142a &#8211; g\u0142osi opis filmu.<\/p>\r\n<p>Ale dyrektor POLIN, prof. Dariusz Stola, zaznacza, \u017ce film nie jest pe\u0142nym obrazem kampanii, jak\u0105 przygotowa\u0142. Odsy\u0142a do ca\u0142ej wystawy \u201eObcy w domu. Wok\u00f3\u0142 Marca \u201868\u201d dost\u0119pnej w Muzeum. Przyznaje tak\u017ce, \u017ce zdaje sobie spraw\u0119 z tego, \u017ce cytowane komentarze to jedynie fragment z ca\u0142ego przekroju polskiego spo\u0142ecze\u0144stwa. My doprecyzujmy, \u017ce chodzi o anonimowe komentarze w sieci.<\/p>\r\n<p><strong>Dlaczego zatem Muzeum POLIN sugeruje problem antysemityzmu w Polsce?<\/strong><\/p>\r\n<p><em>Nie m\u00f3wimy, jaka jest atmosfera w Polsce. (\u2026) W\u015br\u00f3d r\u00f3\u017cnych problem\u00f3w mamy taki, \u017ce poka\u017ana grupa ma silne uprzedzenia anty\u017cydowskie, a niekt\u00f3re z nich wyra\u017caj\u0105 w internecie rzeczy haniebne&nbsp;<\/em>\u201d\u201d stwierdza prof. Dariusz Stola.<\/p>\r\n<p><em>Uwa\u017cam, \u017ce to powa\u017cny problem. Dziwi\u0119 si\u0119 tylko, \u017ce niekt\u00f3rzy twierdz\u0105, \u017ce m\u00f3wimy o wszystkich Polakach. M\u00f3wimy o pewnej niewielkiej, ale ha\u0142a\u015bliwiej internetowo mniejszo\u015bci<\/em> \u201d\u201d m\u00f3wi.<\/p>\r\n<p>Antysemityzm jest, jego zdaniem, powa\u017cnym problemem pod wzgl\u0119dem moralnym i duchowym. <em>[Problemem dla Polak\u00f3w jest zbyt MA\u0141Y antysemityzm, zbytnia tolerancja dla zaciek\u0142ych, szubrawczych wrog\u00f3w Polski &#8211; admin]<\/em><\/p>\r\n<p><em>Jest problem, du\u017cy czy ma\u0142y to ju\u017c do dyskusji, ale jako Muzeum mamy prawo o tym m\u00f3wi\u0107<\/em> \u201d\u201d dodaje.<br>\r\n<em>[To m\u00f3wcie, \u0142ajdaki, za W\u0141ASNE pieni\u0105dze! &#8211; admin]<\/em><\/p>\r\n<p>Tymczasem Muzeum POLIN emituje drugi film, nadal oparty jedynie na komentarzach w sieci, kt\u00f3re tym razem czytaj\u0105 Polacy \u017cydowskiego pochodzenia, w tym Daniel Passent i Seweryn Blumsztajn. Do udzia\u0142u w nagraniach zosta\u0142 zaproszony tak\u017ce Bronis\u0142aw Wildstein. Odm\u00f3wi\u0142.<\/p>\r\n<p><em>W tym konkretnym momencie, przy okazji rocznicy Marca \u201868 eksponowanie antysemityzmu, kt\u00f3ry mo\u017ce si\u0119 pojawia\u0107, jest wyolbrzymiany i prowadzi do zaburzenia perspektywy tego czym naprawd\u0119 by\u0142 marzec z tamtych lat<\/em> \u201d\u201d m\u00f3wi Bronis\u0142aw Wildstein.<\/p>\r\n<p><em>To wypacza ca\u0142kowicie obraz tamtych wydarze\u0144. To by\u0142 zryw wolno\u015bciowy Polak\u00f3w. Istnia\u0142, owszem, antysemityzm, ale by\u0142 on eksponowany przez parti\u0119 rz\u0105dz\u0105c\u0105 i na polecenie Moskwy. U\u017cywano go do wewn\u0119trznych rozgrywek politycznych. W systemie komunistycznym zawsze szukano wroga politycznego, na kt\u00f3rego mo\u017cna by\u0142o zrzuci\u0107 wszystkie istniej\u0105ce problemy. Natomiast Muzeum sugeruje, jakoby istnia\u0142a wsp\u00f3\u0142wina Polak\u00f3w za wydarzenia z 1968 r<\/em>. \u201d\u201d uwa\u017ca Wildstein.<\/p>\r\n<p><strong>Kto za to zap\u0142aci\u0142<\/strong><\/p>\r\n<p>Na pytanie, kto finansuje ca\u0142\u0105 kampani\u0119 \u201eObcy w domu\u201d, dyrektor odpowiada, \u017ce Muzeum utrzymuje si\u0119 wy\u0142\u0105cznie z darowizn.<\/p>\r\n<p>Kampania \u201eInna historia, taki sam hejt\u201d finansowana jest ze \u015brodk\u00f3w <strong>Stowarzyszenia \u017bydowski Instytut Historyczny w Polsce,<\/strong> jej wsp\u00f3\u0142organizatora. Muzeum zapewnia wsparcie komunikacyjne i promocyjne kampanii.<\/p>\r\n<p>Jakie polityczne powi\u0105zania, czy interesy mo\u017ce mie\u0107 POLIN? Dotarli\u015bmy do dokument\u00f3w jasno pokazuj\u0105cych ca\u0142\u0105 finansow\u0105 sie\u0107 powi\u0105za\u0144 instytucji dzia\u0142aj\u0105cych na rzecz kultury \u017cydowskiej w Polsce. To te darowizny, o kt\u00f3rych m\u00f3wi\u0142 dyrektor.<\/p>\r\n<p>Najwi\u0119cej na Stowarzyszenie \u017bydowski Instytut Historyczny im. Emanuela Ringelbluma, wspieraj\u0105ce dzia\u0142alno\u015b\u0107 POLIN, w z\u0142ot\u00f3wkach przekaza\u0142 w 2012 r. <strong>Kulczyk Holding SA<\/strong> &#8211; wp\u0142ata w wysoko\u015bci a\u017c 20 mln z\u0142. Z kolei ponad 8,5 mln z\u0142 wys\u0142a\u0142a na konto bankowe Stowarzyszenia <strong>Ambasada Republiki Federalnej Niemiec<\/strong> przez p\u00f3\u0142 roku. Od czerwca 2010 r. do stycznia 2011.<br>\r\nTrzykrotne przelewy na ponad 1 mln z\u0142 ka\u017cdy z rachunk\u00f3w bankowych prowadzonych w Monako i Szwajcarii wykona\u0142 <strong>Gregory Jankilevitsh<\/strong>. To osoba powi\u0105zana z podmiotem J&amp;S Service and Investment Ltd. znana ze wsp\u00f3\u0142pracy z PKN Orlen SA., kt\u00f3re tak\u017ce dotowa\u0142o Stowarzyszenie. Na kwot\u0119 ponad 300 tys. z\u0142 do 2012 r.<\/p>\r\n<p>Wsparcie p\u0142yn\u0119\u0142o tak\u017ce ze strony <strong>Telekomunikacji Polskiej S.A<\/strong>. Na ponad 1,6 mln z\u0142 w 7 transakcjach. <strong>PZU SA<\/strong> &#8211; 350 tys. z\u0142 do 2015 r., <strong>KPMG<\/strong> &#8211; 688 tys. z\u0142. Z kolei niebagateln\u0105 kwot\u0119 ponad 7,5 mln dol. przekaza\u0142o <strong>The American Jewish Joint Distribution Committee<\/strong> od stycznia 2010 r. do maja 2017 r. Pieni\u0105dze wysy\u0142a\u0142y tak\u017ce inne \u017cydowskie organizacje ze \u015bwiata.<\/p>\r\n<p>Ale instytucj\u0119 dotowa\u0142 tak\u017ce podmiot <strong>T. Ulatowski Family Foundation CO,<\/strong> prawdopodobnie powi\u0105zany z Tomaszem Ulatowskim pozostaj\u0105cym w zainteresowaniu Agencji Bezpiecze\u0144stwa Wewn\u0119trznego.<\/p>\r\n<p>Istotnym elementem finansowania m.in. Muzeum jest fakt otrzymywania \u015brodk\u00f3w od r\u00f3\u017cnego rodzaju fundacji, ale przede wszystkim <strong>za po\u015brednictwem tzw. \u201etrust\u00f3w\u201d, pochodz\u0105cych z terytorium Gibraltatu z udzia\u0142em os\u00f3b pochodzenia \u017cydowskiego.<\/strong> Takie podmioty zajmuj\u0105 si\u0119 ograniczaniem p\u0142acenia podatk\u00f3w, a tak\u017ce kamufluj\u0105 pochodzenie przychodz\u0105cych \u015brodk\u00f3w. Instytut otrzyma\u0142 w ten spos\u00f3b oko\u0142o 900 tys. dol.<\/p>\r\n<p>Stowarzyszenie wspiera\u0142y tak\u017ce <strong>Manufaktury Polskie<\/strong>, gdzie wi\u0119kszo\u015bciowym udzia\u0142owcem by\u0142 cypryjski podmiot <strong>Silvasco Trading Ltd.<\/strong> W sp\u00f3\u0142ce posiada\u0142 udzia\u0142y <strong>Janusz Palikot,<\/strong> kt\u00f3ry wsp\u00f3lnie z <strong>Markiem Nowakowskim<\/strong> i <strong>Paw\u0142em Gmochem<\/strong> prowadzili biznes ksi\u0119garski.<\/p>\r\n<p><strong>Muzeum t\u0142umaczy, \u017ce samo zajmuje si\u0119 PR.<\/strong><\/p>\r\n<p><em>S\u0105 to w zdecydowanej wi\u0119kszo\u015bci dzia\u0142ania niep\u0142atne, dok\u0142adne dane b\u0119dziemy mogli przekaza\u0107 po zamkni\u0119ciu projektu. Muzeum realizuje dzia\u0142ania public relations we w\u0142asnym zakresie, nie korzysta z pomocy zewn\u0119trznych podmiot\u00f3w. Za produkcj\u0119 spot\u00f3w odpowiada agencja Saatchi &amp; Saatchi IS<\/em> \u201d\u201d uzupe\u0142nia \u0179aneta Czy\u017cniewska z biura prasowego Muzeum.<\/p>\r\n<p>A na kolejne pytanie, czy pieni\u0105dze na funkcjonowanie instytucji pochodz\u0105 tak\u017ce z <strong>funduszy norweskich<\/strong>, Muzeum odpowiada, \u017ce Muzeum mia\u0142o takie dofinansowania i otrzyma kolejne. Obecnie takich nie posiada. To istotna informacja, bo fundusze norweskie s\u0105 przeznaczane m.in. na walk\u0119 z antysemityzmem.<\/p>\r\n<p>Ale Muzeum stara\u0142o si\u0119 tak\u017ce o dofinansowanie z Banku Gospodarstwa Krajowego. Nie otrzyma\u0142o go. Jak m\u00f3wi nasz rozm\u00f3wca powi\u0105zany z BGK, w\u0142a\u015bnie dlatego, \u017ce bank dowiedzia\u0142 si\u0119, jak kampania mia\u0142aby wygl\u0105da\u0107.<\/p>\r\n<p><strong><em>Edyta Ho\u0142dy\u0144ska<\/em><\/strong><br>\r\n<em>Dziennikarka i publicystka. Autorka ksi\u0105\u017cki \u201eEmigracja Ambicji\u201d &#8211; reporta\u017cy o m\u0142odych emigrantach z Polski, a tak\u017ce: wielu tekst\u00f3w, wywiad\u00f3w, reporta\u017cy, program\u00f3w telewizyjnych z dziedziny polityki mi\u0119dzynarodowej i krajowej oraz spo\u0142ecze\u0144stwa i ekonomii. Laureatka nagroda Stowarzyszenia Dziennikarzy Polskich za cykl tekst\u00f3w o Fundacji \u201ePrzysz\u0142o\u015b\u0107 dla Dzieci\u201d. Wsp\u00f3\u0142pracowa\u0142a m.in. z tygodnikiem \u201eDo Rzeczy\u201d, \u201eRzeczpospolit\u0105\u201d, \u201eUwa\u017cam Rze\u201d i \u201eGazet\u0105 Olszty\u0144sk\u0105\u201d. Obserwuj na TT: @EHoldynska<\/em><\/p>\r\n<p><a href=\"https:\/\/wpolityce.pl\/polityka\/397688-ujawniamy-skad-plyna-darowizny-dla-polin-placowka-pokazywala-kampanie-zrownujaca-antysemityzm-wladzy-z-1968-r-z-tym-wystepujacym-dzis\" target=\"_blank\" rel=\"noopener\"><em>https:\/\/wpolityce.pl<\/em><\/a><\/p>\r\n<p class=\"zrodlo\">Za: <a href=\"https:\/\/marucha.wordpress.com\/2018\/06\/08\/ujawniamy-skad-plyna-darowizny-dla-polin\/\">Dziennik gajowego Maruchy (2018-06-08) <\/a><\/p>","protected":false},"excerpt":{"rendered":"Z artyku\u0142u nale\u017cy odrzuci\u0107 be\u0142kot o jakim\u015b \u201eantysemityzmie\u201d w\u0142adzy w 1968 roku, a szczeg\u00f3lnie o \u201ewyrzucaniu\u201d \u017byd\u00f3w z Polski, co nigdy nie mia\u0142o miejsca. Admin Plac\u00f3wka zorganizowa\u0142a kampani\u0119 zr\u00f3wnuj\u0105c\u0105 antysemityzm w\u0142adzy z 1968 r. z dzisiejszym marginesem. Jakie polityczne powi\u0105zania, czy interesy mo\u017ce mie\u0107 POLIN? Dotarli\u015bmy do dokument\u00f3w jasno pokazuj\u0105cych ca\u0142\u0105 finansow\u0105 sie\u0107 powi\u0105za\u0144 instytucji [&hellip;]","protected":false},"author":1,"featured_media":0,"comment_status":"closed","ping_status":"closed","sticky":false,"template":"","format":"standard","meta":{"_acf_changed":false,"_monsterinsights_skip_tracking":false,"_monsterinsights_sitenote_active":false,"_monsterinsights_sitenote_note":"","_monsterinsights_sitenote_category":0,"ngg_post_thumbnail":0,"footnotes":"","_wp_rev_ctl_limit":""},"categories":[9],"tags":[48,65,98,53],"acf":[],"_links":{"self":[{"href":"https:\/\/www.bibula.com\/index.php?rest_route=\/wp\/v2\/posts\/102033"}],"collection":[{"href":"https:\/\/www.bibula.com\/index.php?rest_route=\/wp\/v2\/posts"}],"about":[{"href":"https:\/\/www.bibula.com\/index.php?rest_route=\/wp\/v2\/types\/post"}],"author":[{"embeddable":true,"href":"https:\/\/www.bibula.com\/index.php?rest_route=\/wp\/v2\/users\/1"}],"replies":[{"embeddable":true,"href":"https:\/\/www.bibula.com\/index.php?rest_route=%2Fwp%2Fv2%2Fcomments&post=102033"}],"version-history":[{"count":0,"href":"https:\/\/www.bibula.com\/index.php?rest_route=\/wp\/v2\/posts\/102033\/revisions"}],"wp:attachment":[{"href":"https:\/\/www.bibula.com\/index.php?rest_route=%2Fwp%2Fv2%2Fmedia&parent=102033"}],"wp:term":[{"taxonomy":"category","embeddable":true,"href":"https:\/\/www.bibula.com\/index.php?rest_route=%2Fwp%2Fv2%2Fcategories&post=102033"},{"taxonomy":"post_tag","embeddable":true,"href":"https:\/\/www.bibula.com\/index.php?rest_route=%2Fwp%2Fv2%2Ftags&post=102033"}],"curies":[{"name":"wp","href":"https:\/\/api.w.org\/{rel}","templated":true}]}}