{"id":102018,"date":"2018-06-08T10:05:27","date_gmt":"2018-06-08T14:05:27","guid":{"rendered":"http:\/\/www.bibula.com\/?p=102018"},"modified":"2018-06-09T09:26:50","modified_gmt":"2018-06-09T13:26:50","slug":"ks-glodz-obecny-arcybiskup-byl-co-najmniej-przez-szesc-lat-informatorem-wywiadu-prl","status":"publish","type":"post","link":"https:\/\/www.bibula.com\/?p=102018","title":{"rendered":"Ks. G\u0142\u00f3d\u017a, obecny Arcybiskup, by\u0142 co najmniej przez sze\u015b\u0107 lat informatorem wywiadu PRL"},"content":{"rendered":"<p><strong>Arcybiskup S\u0142awoj Leszek G\u0142\u00f3d\u017a by\u0142 podczas trwaj\u0105cej kilka lat pracy w&nbsp;Watykanie wykorzystywany przez wywiad wojskowy jako jego informator<\/strong> &#8211;&nbsp;twierdz\u0105 Onet i&nbsp;&#8222;Rzeczpospolita&#8221;.<\/p>\r\n<p>Jak twierdz\u0105 dziennikarze tych dw\u00f3ch tytu\u0142\u00f3w, metropolita gda\u0144ski, a&nbsp;wcze\u015bniej ordynariusz diecezji warszawsko-praskiej i&nbsp;biskup polowy Wojska Polskiego, w&nbsp;czasie swojego 1<strong>4-letniego pobytu w&nbsp;Watykanie, przez 6 lat mia\u0142 by\u0107 uwa\u017cany przez wywiad wojskowy PRL za&nbsp;informatora.<\/strong> S\u0142u\u017cby pr\u00f3bowa\u0142y pozyska\u0107 go&nbsp;do&nbsp;\u015bwiadomej wsp\u00f3\u0142pracy.<\/p>\r\n<p>Autorzy artyku\u0142u Andrzej Gajcy i&nbsp;Tomasz Krzy\u017cak powo\u0142uj\u0105 si\u0119 w&nbsp;swojej publikacji na&nbsp;dokumenty Zarz\u0105du II Sztabu Generalnego Wojska Polskiego (Zarz\u0105d II SG). <strong>Do&nbsp;niedawna dokumenty te&nbsp;by\u0142y tajne i&nbsp;znajdowa\u0142y si\u0119 w&nbsp;zbiorze zastrze\u017conym Instytutu Pami\u0119ci Narodowej. <\/strong><\/p>\r\n<p>&#8222;<strong>Informacje uzyskiwane od&nbsp;kontaktu o&nbsp;kryptonimach \u201eBA-10&#8243; lub&nbsp;\u201eB-10&#8243; (stosowano je&nbsp;wymiennie), pod&nbsp;kt\u00f3rym ukryto ks. G\u0142\u00f3dzia, oceniano jako \u201ecenne i&nbsp;warto\u015bciowe&#8221; typu agenturalnego&#8221; <\/strong>&#8211;&nbsp;pisz\u0105 dziennikarze.<\/p>\r\n<p>Gajcy i&nbsp;Krzy\u017cak twierdz\u0105, \u017ce&nbsp;raporty i&nbsp;notatki z&nbsp;rozm\u00f3w z&nbsp;G\u0142\u00f3dziem mia\u0142 sporz\u0105dza\u0107 p\u0142k Franciszek Mazurek ps. &#8222;Barcz&#8221;, kt\u00f3ry w&nbsp;roku 1982 zosta\u0142 skierowany do&nbsp;Rzymu, pracuj\u0105c oficjalnie jako kierownik przedstawicielstwa PLL LOT. Jego zadaniem by\u0142o rozpoznanie zagranicznych kontakt\u00f3w w\u0142adz Solidarno\u015bci i&nbsp;powi\u0105za\u0144 z&nbsp;Watykanem. Dziennikarze przekonuj\u0105, \u017ce&nbsp;to&nbsp;w\u0142a\u015bnie od&nbsp;abp. G\u0142\u00f3dzia mia\u0142 pozyskiwa\u0107 m.in.: charakterystyki &#8222;pracownik\u00f3w poszczeg\u00f3lnych sekcji watyka\u0144skich&#8221;.<\/p>\r\n<p class=\"podpis_sz\">Za: <a href=\"https:\/\/dorzeczy.pl\/kraj\/66728\/Arcybiskup-Glodz-byl-wykorzystywany-jako-informator-wywiadu-PRL.html\">https:\/\/dorzeczy.pl\/kraj\/66728\/Arcybiskup-Glodz-byl-wykorzystywany-jako-informator-wywiadu-PRL.html<\/a><\/p>\r\n<p>===================<\/p>\r\n<p>M.Dakowski<\/p>\r\n<p>\u201e <strong>Wyja\u015bnienie\u201d Arcybiskupa S\u0142awoja Leszka G\u0142\u00f3dzia jest albo bardzo infantylne, albo bardzo bezczelne.<\/strong> Na pewno jest <strong>niedorzeczne<\/strong>, bo nie odnosi si\u0119 do <em>rzeczy samej. <\/em><\/p>\r\n<p>Oto ono:<\/p>\r\n<p style=\"padding-left: 30px;\"><em>Po raz kolejny padam ofiar\u0105 systemu totalitarnego. Po&nbsp;raz pierwszy pad\u0142em ofiar\u0105 tego systemu przed matur\u0105, maj\u0105c 17 lat. Zosta\u0142em wtedy osadzony w&nbsp;Centralnym Wi\u0119zieniu Karno-\u015aledczym w&nbsp;Bia\u0142ymstoku na&nbsp;3 miesi\u0105ce. Nast\u0119pnie zosta\u0142em skazany wyrokiem s\u0105du wojew\u00f3dzkiego w&nbsp;Bia\u0142ymstoku na&nbsp;rok wi\u0119zienia, w&nbsp;zawieszeniu na&nbsp;5 lat i&nbsp;wydalony ze&nbsp;szko\u0142y za&nbsp;przynale\u017cno\u015b\u0107 do&nbsp;tajnej organizacji \u201eBia\u0142e Or\u0142y\u201d i&nbsp;namalowanie plakatu o&nbsp;szkodliwo\u015bci sojuszu Pa\u0144stwa Polskiego ze&nbsp;Zwi\u0105zkiem Radzieckim. Dnia 6 sierpnia 1963 r. wraz z&nbsp;czterema kolegami zosta\u0142em wyrzucony z&nbsp;Liceum Og\u00f3lnokszta\u0142c\u0105cego w&nbsp;Sok\u00f3\u0142ce, przez co&nbsp;musia\u0142em rok p\u00f3\u017aniej sk\u0142ada\u0107 matur\u0119 korespondencyjnie.<\/em><\/p>\r\n<p style=\"padding-left: 30px;\"><em>Dzi\u015b po&nbsp;raz drugi padam ofiar\u0105 systemu, kt\u00f3ry podst\u0119pnie osacza\u0142 pracuj\u0105cych w&nbsp;Kurii Rzymskiej Polak\u00f3w, cz\u0119sto pod&nbsp;pozorem przygodnych rozm\u00f3w z&nbsp;przedstawicielami Ambasady Polskiej w&nbsp;Rzymie, Konsulatu i&nbsp;LOT-u.<\/em><\/p>\r\n<p style=\"padding-left: 30px;\"><em>By\u0142em ofiar\u0105 inwigilacji, ale&nbsp;nigdy nie&nbsp;podj\u0105\u0142em \u017cadnej wsp\u00f3\u0142pracy ze&nbsp;s\u0142u\u017cbami komunistycznymi, co&nbsp;zreszt\u0105 wynika z&nbsp;przedstawionych dokument\u00f3w.<\/em><\/p>\r\n<p>====================================<\/p>\r\n<p class=\"podpis_sz\">Z Rzepy: <a href=\"http:\/\/wiadomosci.dziennik.pl\/wydarzenia\/artykuly\/575859,rzeczpospolita-abp-slawoj-leszek-glodz-traktowany-przez-wywaid-wojskowy-jako-informator.html\">http:\/\/wiadomosci.dziennik.pl\/wydarzenia\/artykuly\/575859,rzeczpospolita-abp-slawoj-leszek-glodz-traktowany-przez-wywaid-wojskowy-jako-informator.html<\/a><\/p>\r\n<p>&nbsp;<\/p>\r\n<p>W pi\u0105tkowych tekstach portalu &#8222;Onet&#8221; i &#8222;Rzeczpospolitej&#8221; podano, \u017ce <strong>abp G\u0142\u00f3d\u017a <\/strong><em>by\u0142<\/em><em><strong> co najmniej przez sze\u015b\u0107 lat uwa\u017cany za informatora wywiadu wojskowego PRL<\/strong><\/em>. Ich autorzy pisz\u0105 jednocze\u015bnie, \u017ce przez t\u0119 PRL-owsk\u0105 s\u0142u\u017cb\u0119 by\u0142 on traktowany jako informator nie\u015bwiadomy. Opisana inwigilacja abp. G\u0142\u00f3dzia &#8211; wed\u0142ug dziennikarzy, kt\u00f3rzy powo\u0142uj\u0105 si\u0119 na dokumenty z odtajnionego w 2017 r. tzw. zbioru zastrze\u017conego IPN &#8211; rozpocz\u0119\u0142a si\u0119 w 1982 roku.<\/p>\r\n<p>Raporty i notatki z rozm\u00f3w z G\u0142\u00f3dziem mia\u0142 sporz\u0105dza<strong>\u0107 p\u0142k Franciszek Mazurek ps. Barcz.<\/strong> W 1982 r. zosta\u0142 skierowany do Rzymu, pracuj\u0105c oficjalnie jako kierownik przedstawicielstwa PLL LOT. Jego zadaniem by\u0142o rozpoznanie zagranicznych kontakt\u00f3w w\u0142adz &#8222;Solidarno\u015bci&#8221; i powi\u0105za\u0144 z Watykanem.<\/p>\r\n<p><em>Dotarcie do \u015brodowiska polskich ksi\u0119\u017cy u\u0142atwi\u0142 mu paradoksalnie stan wojenny. Po jego og\u0142oszeniu z ca\u0142ego \u015bwiata s\u0142ano bowiem do Polski paczki z pomoc\u0105. Si\u0142\u0105 rzeczy pracuj\u0105cy w Rzymie duchowni nawi\u0105zywali znajomo\u015bci z Mazurkiem i ju\u017c w maju 1982 roku wys\u0142a\u0142 on do Warszawy informacj\u0119 o swoich \u017ar\u00f3d\u0142ach w Watykanie<\/em> &#8211; poda\u0142 &#8222;Onet&#8221;.<\/p>\r\n<p>Jak twierdz\u0105 dziennikarze, <strong>to w\u0142a\u015bnie od G\u0142\u00f3dzia mia\u0142 pozyskiwa\u0107 m.in.: charakterystyki pracownik\u00f3w poszczeg\u00f3lnych sekcji watyka\u0144skich, cz\u0142onk\u00f3w polskiego Episkopatu, grup nacisku dzia\u0142aj\u0105cych w Watykanie i ich mi\u0119dzynarodowych powi\u0105za\u0144. Informacje, jakie wywiad wojskowy mia\u0142 uzyskiwa\u0107 od \u00f3wczesnego pracownika Kongregacji ds. Ko\u015bcio\u0142\u00f3w Wschodnich, funkcjonariusze komunistycznej s\u0142u\u017cby oceniali jako &#8222;cenne i warto\u015bciowe&#8221;.<\/strong><\/p>\r\n<p><em>W sprawozdaniu podsumowuj\u0105cym prac\u0119 w Rzymie sporz\u0105dzonym w sierpniu 1987 roku &#8211; ju\u017c po powrocie do Polski &#8211; p\u0142k Mazurek pisa\u0142 o G\u0142\u00f3dziu: +Ostro\u017cnie i umiej\u0119tnie prowadzone z nim rozmowy pozwoli\u0142y mi na uzyskanie w latach 1983-1985 wielu cennych i wiarygodnych informacji, zw\u0142aszcza w okresie II wizyty papieskiej w Polsce. Ks. S. G. darzy\u0142 mnie du\u017cym zaufaniem, czego zreszt\u0105 nie omieszka\u0142 podkre\u015bli\u0107 kilkakrotnie podczas spotka\u0144 dwustronnych <\/em>&#8211; czytamy na portalu &#8222;Onet&#8221;.<\/p>\r\n<p>Podleg\u0142y MON <strong>wywiad wojskowy PRL-u<\/strong> (Zarz\u0105d II Sztabu Generalnego Wojska Polskiego) planowa\u0142 te\u017c uczynienie z abp. G\u0142\u00f3dzia \u015bwiadomego informatora, co jednak &#8211; jak wynika z tekst\u00f3w &#8222;Onetu&#8221; i &#8222;Rzeczpospolitej&#8221; &#8211; nie uda\u0142o si\u0119. &#8222;Wiele wskazuje na to, \u017ce <strong>duchowny albo zorientowa\u0142 si\u0119, z kim ma do czynienia i podj\u0105\u0142 z wywiadem jak\u0105\u015b gr\u0119, albo po sprawdzeniu zrezygnowano z zamiaru uczynienia go wsp\u00f3\u0142pracownikiem \u015bwiadomym&#8221;<\/strong> &#8211; podali dziennikarze.<\/p>\r\n<p class=\"zrodlo\">Za: <a href=\"http:\/\/dakowski.pl\/index.php?option=com_content&amp;task=view&amp;id=23132&amp;Itemid=46\">Strona prof. Miros\u0142awa Dakowskiego (08.06.2018)<\/a><\/p>\r\n<h4>&nbsp;<\/h4>\r\n<hr style=\"background-color: #000000; border-width: 0; color: #000000; height: 2px; line-height: 0; text-align: center; width: 100%;\">\r\n<h4>&nbsp;<\/h4>\r\n<blockquote>\r\n<p><strong>KOMENTARZ <em>BIBU\u0141Y<\/em><\/strong>: Nie znamy ca\u0142o\u015bci sprawy, a do tego fakt, \u017ce sensacj\u0119 podaje niemiecki Onet oraz &#8211; ostatnio antypolska &#8211; Rzeczpospolita, nie dodaje pe\u0142nej wiarygodno\u015bci.&nbsp; Jednocze\u015bnie infantylne o\u015bwiadczenie samego oskar\u017conego dodatkowo zaciemnia spraw\u0119. Wa\u017cne w tym wszystkim jest to, \u017ce informacja ma pochodzi\u0107 z dotychczas zastrze\u017conego zbioru IPN. Ile\u017c to jeszcze tajemnic kryj\u0105 te zbiory! Czy dlatego sejf prezydenta Dudy dalej jest zamkni\u0119ty, a Prezydent &#8211; pomimo wcze\u015bniejszych zapewnie\u0144 &#8211; teraz m\u00f3wi &#8222;<em>Nie widz\u0119 powod\u00f3w do ujawniania aneksu do raportu<\/em> WSI&#8221;? Od dawna powtarzamy przypuszczenie, \u017ce ten\u017ce Raport kryje takie tajemnice, \u017ce ca\u0142a dotychczasowa IV RP run\u0119\u0142aby jak domek z kart, a to za spraw\u0105 nie tyle jakich\u015b &#8222;czynnych agent\u00f3w&#8221; (bo takie to wyja\u015bnienia snuj\u0105 niekt\u00f3rzy), lecz najwy\u017cszych hierarch\u00f3w Ko\u015bcio\u0142a, by\u0107 mo\u017ce &#8230;<\/p>\r\n<p>A w sprawie abp L. G\u0142\u00f3dzia czekamy teraz na g\u0142os samego ojca Tadeusza, kt\u00f3rzy zn\u00f3w zagrzmi jak to &#8222;kamieniuj\u0105 Chrystusa&#8221; &#8211; bo takie argumenty wytacza\u0142 gdy ujawniona zosta\u0142a wieloletnia wsp\u00f3\u0142praca z SB &#8222;konserwatywnego&#8221;<span style=\"text-decoration: underline;\"><a href=\"http:\/\/www.bibula.com\/?p=79212\"> arcybiskupa Wielgusa.<\/a><\/span><\/p>\r\n<\/blockquote>\r\n<h4>&nbsp;<\/h4>\r\n<hr style=\"background-color: #000000; border-width: 0; color: #000000; height: 2px; line-height: 0; text-align: center; width: 100%;\">\r\n<h4>&nbsp;<\/h4>","protected":false},"excerpt":{"rendered":"Arcybiskup S\u0142awoj Leszek G\u0142\u00f3d\u017a by\u0142 podczas trwaj\u0105cej kilka lat pracy w&nbsp;Watykanie wykorzystywany przez wywiad wojskowy jako jego informator &#8211;&nbsp;twierdz\u0105 Onet i&nbsp;&#8222;Rzeczpospolita&#8221;. Jak twierdz\u0105 dziennikarze tych dw\u00f3ch tytu\u0142\u00f3w, metropolita gda\u0144ski, a&nbsp;wcze\u015bniej ordynariusz diecezji warszawsko-praskiej i&nbsp;biskup polowy Wojska Polskiego, w&nbsp;czasie swojego 14-letniego pobytu w&nbsp;Watykanie, przez 6 lat mia\u0142 by\u0107 uwa\u017cany przez wywiad wojskowy PRL za&nbsp;informatora. S\u0142u\u017cby pr\u00f3bowa\u0142y [&hellip;]","protected":false},"author":1,"featured_media":0,"comment_status":"closed","ping_status":"closed","sticky":false,"template":"","format":"standard","meta":{"_acf_changed":false,"_monsterinsights_skip_tracking":false,"_monsterinsights_sitenote_active":false,"_monsterinsights_sitenote_note":"","_monsterinsights_sitenote_category":0,"ngg_post_thumbnail":0,"footnotes":"","_wp_rev_ctl_limit":""},"categories":[5],"tags":[98,36],"acf":[],"_links":{"self":[{"href":"https:\/\/www.bibula.com\/index.php?rest_route=\/wp\/v2\/posts\/102018"}],"collection":[{"href":"https:\/\/www.bibula.com\/index.php?rest_route=\/wp\/v2\/posts"}],"about":[{"href":"https:\/\/www.bibula.com\/index.php?rest_route=\/wp\/v2\/types\/post"}],"author":[{"embeddable":true,"href":"https:\/\/www.bibula.com\/index.php?rest_route=\/wp\/v2\/users\/1"}],"replies":[{"embeddable":true,"href":"https:\/\/www.bibula.com\/index.php?rest_route=%2Fwp%2Fv2%2Fcomments&post=102018"}],"version-history":[{"count":0,"href":"https:\/\/www.bibula.com\/index.php?rest_route=\/wp\/v2\/posts\/102018\/revisions"}],"wp:attachment":[{"href":"https:\/\/www.bibula.com\/index.php?rest_route=%2Fwp%2Fv2%2Fmedia&parent=102018"}],"wp:term":[{"taxonomy":"category","embeddable":true,"href":"https:\/\/www.bibula.com\/index.php?rest_route=%2Fwp%2Fv2%2Fcategories&post=102018"},{"taxonomy":"post_tag","embeddable":true,"href":"https:\/\/www.bibula.com\/index.php?rest_route=%2Fwp%2Fv2%2Ftags&post=102018"}],"curies":[{"name":"wp","href":"https:\/\/api.w.org\/{rel}","templated":true}]}}