{"id":101995,"date":"2018-06-06T13:40:35","date_gmt":"2018-06-06T17:40:35","guid":{"rendered":"http:\/\/www.bibula.com\/?p=101995"},"modified":"2018-06-06T22:24:00","modified_gmt":"2018-06-07T02:24:00","slug":"ustawa-o-ipn-zrodlem-antysemityzmu-tak-mowi-kandydat-na-ambasadora-usa-w-polsce","status":"publish","type":"post","link":"https:\/\/www.bibula.com\/?p=101995","title":{"rendered":"Ustawa o IPN \u201e\u017ar\u00f3d\u0142em antysemityzmu&#8221;. Tak m\u00f3wi kandydat na ambasadora USA w Polsce"},"content":{"rendered":"<p><strong>Zdaniem kandydatki na ambasadora USA w Polsce Georgette Mosbacher, to ustawa o IPN wywo\u0142a\u0142a fal\u0119 antysemityzmu w Europie Wschodniej. Polityk od lat przyja\u017ani si\u0119 z Donaldem Trumpem i mo\u017ce wkr\u00f3tce obj\u0105\u0107 dyplomatyczn\u0105 plac\u00f3wk\u0119 w naszym kraju.<\/strong><\/p>\r\n<p>Kuriozalna wypowied\u017a pad\u0142a podczas przes\u0142uchania komisji spraw zagranicznych Senatu. Mosbacher zapytana o kwestie antysemityzmu w Europie Wschodniej odpowiedzia\u0142a: \u201eNiestety zosta\u0142 on wywo\u0142any przez prawo dotycz\u0105ce holokaustu, kt\u00f3re Polska niedawno ustali\u0142a\u201d.<\/p>\r\n<p>Dodatkowo zaznaczy\u0142a, \u017ce b\u0119dzie w przysz\u0142o\u015bci wsp\u00f3\u0142pracowa\u0107 z polskimi w\u0142adzami, by podobne ustawy nie zosta\u0142y uchwalone w takim kszta\u0142cie. Senator zadaj\u0105cy pytanie, wyra\u017anie zaskoczony odpowiedzi\u0105, poprosi\u0142 o doprecyzowanie.<\/p>\r\n<p>&#8211; Powiedzia\u0142am, \u017ce b\u0119d\u0119 wsp\u00f3\u0142pracowa\u0107 z Polsk\u0105, by \u017cadne ustawy nie wywo\u0142ywa\u0142y uprzedze\u0144. Nietolerancja w jakiejkolwiek formie jest nie do zaakceptowania &#8211; t\u0142umaczy\u0142a.<\/p>\r\n<p>Wypowied\u017a spotka\u0142a si\u0119 z silnym oburzeniem polskiej delegacji rz\u0105dowej w Waszyngtonie. Bartosz Cichocki, wiceminister spraw zagranicznych ma poruszy\u0107 t\u0105 kwesti\u0119 na spotkaniu z Wessem Mitchellem, asystentem sekretarza stanu ds. Europy i Eurazji.<\/p>\r\n<p>W dalszej cz\u0119\u015bci przes\u0142uchania Georgette Mosbacher wskaza\u0142a strategiczn\u0105 rol\u0119 Polski w kontaktach z USA oraz konieczno\u015b\u0107 zacie\u015bniania wsp\u00f3\u0142pracy na ka\u017cdym szczeblu. W przypadku zaprzysi\u0119\u017cenia jest gotowa do\u0142o\u017cy\u0107 wszelkich stara\u0144, by w Polsce wolno\u015bci i swobody demokratyczne by\u0142y przestrzegane. B\u0119dzie tak\u017ce wywiera\u0107 naciski, aby Polska przyj\u0119\u0142a uchod\u017ac\u00f3w.<\/p>\r\n<p>\u0179r\u00f3d\u0142o: tvp.info<\/p>\r\n<p>PR<\/p>\r\n<p class=\"zrodlo\">Za: <a href=\"https:\/\/www.pch24.pl\/ustawa-o-ipn-zrodlem-antysemityzmu--tak-mowi-kandydat-na-ambasadora-usa-w-polsce,60761,i.html\">PoloniaChristiana &#8211; pch24.pl (2018-06-06)<\/a><\/p>\r\n<h4>&nbsp;<\/h4>\r\n<hr style=\"background-color: #000000; border-width: 0; color: #000000; height: 2px; line-height: 0; text-align: center; width: 100%;\">\r\n<h4>&nbsp;<\/h4>\r\n<h2><br>\r\nSkandal! Nie wpuszcza\u0107 jej do Polski! Kandydatka na ambasador USA w Warszawie oskar\u017ca nas o antysemityzm i chce aby\u015bmy przyjmowali imigrant\u00f3w<\/h2>\r\n<p>Niestety zosta\u0142 on (antysemityzm) wywo\u0142any przez prawo dotycz\u0105ce Holokaustu, kt\u00f3re Polska niedawno uchwali\u0142a &#8211; stwierdzi\u0142a Georgette Mosbacher kandydatka na ambasadora USA w naszym kraju. Podczas przes\u0142uchania przed senack\u0105 komisj\u0105 zapowiedzia\u0142a r\u00f3wnie\u017c, \u017ce b\u0119dzie si\u0119 stara\u0107, by Polska przyj\u0119\u0142a uchod\u017ac\u00f3w.<\/p>\r\n<p>Mosbacher, kt\u00f3ra okre\u015bla sam\u0105 siebie, jako uciele\u015bnienie american dream, mo\u017ce wkr\u00f3tce pojawi\u0107 si\u0119 w ameryka\u0144skiej ambasadzie w Warszawie. Podczas przes\u0142uchania przed senack\u0105 komisj\u0105 ds. zagranicznych zszokowa\u0142a nie tylko polsk\u0105 delegacj\u0119, ale r\u00f3wnie\u017c swoich rozm\u00f3wc\u00f3w.<\/p>\r\n<p>Jej zdaniem antysemityzm w Polsce wywo\u0142a\u0142o uchwalenie przez rz\u0105d nowelizacji ustawy o IPN. Kobieta nie zada\u0142a sobie trudu, by zag\u0142\u0119bi\u0107 si\u0119 w zapisy projektu, histori\u0119 Polski, ani nawet przejrze\u0107 pras\u0119.<\/p>\r\n<p>W kraju ro\u015bnie niech\u0119\u0107 do Izraela i \u017byd\u00f3w, ale ci\u0119\u017cko okre\u015bla\u0107 j\u0105 mianem antysemityzmu. Wojna propagandowo-medialna, jak\u0105 Warszawie wypowiedzia\u0142 Tel Awiw, pe\u0142na k\u0142amstw i pom\u00f3wie\u0144 budzi s\u0142uszn\u0105 z\u0142o\u015b\u0107 polskich obywateli.<\/p>\r\n<p>Zaskoczony odpowiedzi\u0105 senator Johny Isakson pr\u00f3bowa\u0142 dopyta\u0107 si\u0119 o wi\u0119cej szczeg\u00f3\u0142\u00f3w, na co Mosbacher odpar\u0142a: Powiedzia\u0142am, \u017ce b\u0119d\u0119 wsp\u00f3\u0142pracowa\u0107 z Polsk\u0105, by \u017cadne ustawy nie wywo\u0142ywa\u0142y uprzedze\u0144. Nietolerancja w jakiejkolwiek formie jest nie do zaakceptowania.<\/p>\r\n<p>Kandydatka na ambasadora ma w zanadrzu kolejne plany. Podczas przes\u0142uchania przed komisj\u0105 przyzna\u0142a, \u017ce b\u0119dzie pr\u00f3bowa\u0142a nak\u0142oni\u0107 polskie w\u0142adze do przyj\u0119cia, jak to okre\u015bli\u0142a, \u201esprawiedliwej cz\u0119\u015bci\u201d uchod\u017ac\u00f3w.<\/p>\r\n<p>Przebywaj\u0105ca w Waszyngtonie polska delegacja nie kry\u0142a swojego oburzenia i zdziwienia stanowiskiem prezentowanym przez Mosbacher. Wiceminister Bartosz Cichocki ma w najbli\u017cszym czasie poruszy\u0107 t\u0119 spraw\u0119 w rozmowie z asystentem sekretarza stanu do spraw Europy i Eurazji Wessem Mitchellem.<\/p>\r\n<p>\u0179r\u00f3d\u0142o: tvp.info\/onet.pl<\/p>\r\n<p class=\"zrodlo\">Za: <a href=\"http:\/\/nczas.com\/2018\/06\/06\/skandal-nie-wpuszczac-jej-do-polski-kandydatka-na-ambasador-usa-w-warszawie-oskarza-nas-o-antysemityzm-i-chce-abysmy-przyjmowali-imigrantow\/\">Najwy\u017cszy Czas! (6-6-2018) <\/a><\/p>\r\n<h4>&nbsp;<\/h4>\r\n<hr style=\"background-color: #000000; border-width: 0; color: #000000; height: 2px; line-height: 0; text-align: center; width: 100%;\">\r\n<h4>&nbsp;<\/h4>","protected":false},"excerpt":{"rendered":"Zdaniem kandydatki na ambasadora USA w Polsce Georgette Mosbacher, to ustawa o IPN wywo\u0142a\u0142a fal\u0119 antysemityzmu w Europie Wschodniej. Polityk od lat przyja\u017ani si\u0119 z Donaldem Trumpem i mo\u017ce wkr\u00f3tce obj\u0105\u0107 dyplomatyczn\u0105 plac\u00f3wk\u0119 w naszym kraju. Kuriozalna wypowied\u017a pad\u0142a podczas przes\u0142uchania komisji spraw zagranicznych Senatu. Mosbacher zapytana o kwestie antysemityzmu w Europie Wschodniej odpowiedzia\u0142a: \u201eNiestety [&hellip;]","protected":false},"author":1,"featured_media":0,"comment_status":"closed","ping_status":"closed","sticky":false,"template":"","format":"standard","meta":{"_acf_changed":false,"_monsterinsights_skip_tracking":false,"_monsterinsights_sitenote_active":false,"_monsterinsights_sitenote_note":"","_monsterinsights_sitenote_category":0,"ngg_post_thumbnail":0,"footnotes":"","_wp_rev_ctl_limit":""},"categories":[7],"tags":[48,65,22,76,98,53,221],"acf":[],"_links":{"self":[{"href":"https:\/\/www.bibula.com\/index.php?rest_route=\/wp\/v2\/posts\/101995"}],"collection":[{"href":"https:\/\/www.bibula.com\/index.php?rest_route=\/wp\/v2\/posts"}],"about":[{"href":"https:\/\/www.bibula.com\/index.php?rest_route=\/wp\/v2\/types\/post"}],"author":[{"embeddable":true,"href":"https:\/\/www.bibula.com\/index.php?rest_route=\/wp\/v2\/users\/1"}],"replies":[{"embeddable":true,"href":"https:\/\/www.bibula.com\/index.php?rest_route=%2Fwp%2Fv2%2Fcomments&post=101995"}],"version-history":[{"count":0,"href":"https:\/\/www.bibula.com\/index.php?rest_route=\/wp\/v2\/posts\/101995\/revisions"}],"wp:attachment":[{"href":"https:\/\/www.bibula.com\/index.php?rest_route=%2Fwp%2Fv2%2Fmedia&parent=101995"}],"wp:term":[{"taxonomy":"category","embeddable":true,"href":"https:\/\/www.bibula.com\/index.php?rest_route=%2Fwp%2Fv2%2Fcategories&post=101995"},{"taxonomy":"post_tag","embeddable":true,"href":"https:\/\/www.bibula.com\/index.php?rest_route=%2Fwp%2Fv2%2Ftags&post=101995"}],"curies":[{"name":"wp","href":"https:\/\/api.w.org\/{rel}","templated":true}]}}