{"id":101953,"date":"2018-06-04T11:22:29","date_gmt":"2018-06-04T15:22:29","guid":{"rendered":"http:\/\/www.bibula.com\/?p=101953"},"modified":"2018-06-04T11:22:29","modified_gmt":"2018-06-04T15:22:29","slug":"rzad-otworzy-sie-na-imigrantow-w-polsce-brakuje-pracownikow-firmy-potrzebuja-azjatow","status":"publish","type":"post","link":"https:\/\/www.bibula.com\/?p=101953","title":{"rendered":"Rz\u0105d otworzy si\u0119 na imigrant\u00f3w! W Polsce brakuje pracownik\u00f3w \u2013 firmy potrzebuj\u0105 Azjat\u00f3w"},"content":{"rendered":"<p><strong>Braki personalne na rynku pracy oraz perspektywa zapa\u015bci demograficznej to powody nadchodz\u0105cych zmian w prawie. W\u0142a\u015bnie dobiegaj\u0105 ko\u0144ca mi\u0119dzyresortowe negocjacje w sprawie strategii imigracyjnej. Spodziewa\u0107 mo\u017cemy si\u0119 jeszcze szerszego otwarcia si\u0119 Polski na przybysz\u00f3w spoza Unii Europejskiej &#8211; donosi \u201eDziennik Gazeta Prawna\u201d.<\/strong><\/p>\r\n<p>Jak informuje dziennik, pracownicy z Ukrainy nie wype\u0142niaj\u0105 w wystarczaj\u0105cym stopniu luki na rynku pracy. Dlatego te\u017c konieczne jest jeszcze wi\u0119ksze otwarcie na wsch\u00f3d. Oznacza to, \u017ce ju\u017c wkr\u00f3tce do Polski mog\u0105 przyby\u0107 liczni pracownicy spoza UE &#8211; w tym z Azji Po\u0142udniowo-Wschodniej.<\/p>\r\n<p>Negocjacje w sprawie zmian legislacyjnych prowadz\u0105 resorty: pracy, spraw wewn\u0119trznych oraz inwestycji i rozwoju. Efektem ustale\u0144 ma by\u0107 nowelizacja przepis\u00f3w o instytucjach rynku pracy.<\/p>\r\n<p>Rz\u0105d planuje mi\u0119dzy innymi wyd\u0142u\u017cenie okresu pracy na podstawie o\u015bwiadczenia z 6 miesi\u0119cy do roku. To rozwi\u0105zanie dotyczy sze\u015bciu kraj\u00f3w by\u0142ego ZSRR. Kolejn\u0105 zmian\u0105 b\u0119dzie u\u0142atwienie uzyskiwania pozwole\u0144 na prac\u0119 i wyd\u0142u\u017cenie ich obowi\u0105zywania. Dzi\u015b to maksymalnie trzy lata, za\u015b po zmianach &#8211; pi\u0119\u0107. Co wi\u0119cej, je\u015bli jeden z ma\u0142\u017conk\u00f3w ma pozwolenie na prac\u0119, to w my\u015bl nowych przepis\u00f3w wsp\u00f3\u0142ma\u0142\u017conek nie b\u0119dzie musia\u0142 wyst\u0119powa\u0107 o dokument.<\/p>\r\n<p>Rozszerzona zostanie tak\u017ce lista kraj\u00f3w obj\u0119tych \u0142agodniejsz\u0105 polityk\u0105 migracyjn\u0105. Jak powiedzia\u0142 \u201eDziennikowi Gazecie Prawnej\u201d wiceminister Pawe\u0142 Chor\u0105\u017cy, chodzi g\u0142\u00f3wnie o osoby z Wietnamu i Filipin, gdy\u017c do\u015bwiadczenie pokazuje, \u017ce dobrze integruj\u0105 si\u0119 z polskim spo\u0142ecze\u0144stwem.<\/p>\r\n<p>Tymczasem rz\u0105d jest zainteresowany nie tylko uzupe\u0142nieniem brak\u00f3w na rynku pracy, ale tak\u017ce zmniejszeniem konsekwencji wynikaj\u0105cych z kryzysu demograficznego. Politycy chc\u0105, aby obcokrajowcy nie tylko w Polsce pracowali, ale tak\u017ce zak\u0142adali rodziny.<\/p>\r\n<p>\u0179r\u00f3d\u0142o: \u201eDziennik Gazeta Prawna\u201d \/ gosc.pl<\/p>\r\n<p>MW\u0142<\/p>","protected":false},"excerpt":{"rendered":"Braki personalne na rynku pracy oraz perspektywa zapa\u015bci demograficznej to powody nadchodz\u0105cych zmian w prawie. W\u0142a\u015bnie dobiegaj\u0105 ko\u0144ca mi\u0119dzyresortowe negocjacje w sprawie strategii imigracyjnej. Spodziewa\u0107 mo\u017cemy si\u0119 jeszcze szerszego otwarcia si\u0119 Polski na przybysz\u00f3w spoza Unii Europejskiej &#8211; donosi \u201eDziennik Gazeta Prawna\u201d. Jak informuje dziennik, pracownicy z Ukrainy nie wype\u0142niaj\u0105 w wystarczaj\u0105cym stopniu luki na [&hellip;]","protected":false},"author":1,"featured_media":0,"comment_status":"closed","ping_status":"closed","sticky":false,"template":"","format":"standard","meta":{"_acf_changed":false,"_monsterinsights_skip_tracking":false,"_monsterinsights_sitenote_active":false,"_monsterinsights_sitenote_note":"","_monsterinsights_sitenote_category":0,"ngg_post_thumbnail":0,"footnotes":"","_wp_rev_ctl_limit":""},"categories":[8],"tags":[76,98,52],"acf":[],"_links":{"self":[{"href":"https:\/\/www.bibula.com\/index.php?rest_route=\/wp\/v2\/posts\/101953"}],"collection":[{"href":"https:\/\/www.bibula.com\/index.php?rest_route=\/wp\/v2\/posts"}],"about":[{"href":"https:\/\/www.bibula.com\/index.php?rest_route=\/wp\/v2\/types\/post"}],"author":[{"embeddable":true,"href":"https:\/\/www.bibula.com\/index.php?rest_route=\/wp\/v2\/users\/1"}],"replies":[{"embeddable":true,"href":"https:\/\/www.bibula.com\/index.php?rest_route=%2Fwp%2Fv2%2Fcomments&post=101953"}],"version-history":[{"count":0,"href":"https:\/\/www.bibula.com\/index.php?rest_route=\/wp\/v2\/posts\/101953\/revisions"}],"wp:attachment":[{"href":"https:\/\/www.bibula.com\/index.php?rest_route=%2Fwp%2Fv2%2Fmedia&parent=101953"}],"wp:term":[{"taxonomy":"category","embeddable":true,"href":"https:\/\/www.bibula.com\/index.php?rest_route=%2Fwp%2Fv2%2Fcategories&post=101953"},{"taxonomy":"post_tag","embeddable":true,"href":"https:\/\/www.bibula.com\/index.php?rest_route=%2Fwp%2Fv2%2Ftags&post=101953"}],"curies":[{"name":"wp","href":"https:\/\/api.w.org\/{rel}","templated":true}]}}