{"id":101942,"date":"2018-06-03T21:24:51","date_gmt":"2018-06-04T01:24:51","guid":{"rendered":"http:\/\/www.bibula.com\/?p=101942"},"modified":"2018-06-03T21:24:51","modified_gmt":"2018-06-04T01:24:51","slug":"o-wyzszosci-teorii-spiskowej-stanislaw-michalkiewicz","status":"publish","type":"post","link":"https:\/\/www.bibula.com\/?p=101942","title":{"rendered":"O wy\u017cszo\u015bci teorii spiskowej &#8211; <em>Stanis\u0142aw Michalkiewicz<\/em>"},"content":{"rendered":"<p>Mo\u015bci panowie, proroctwa mnie wspiera\u0142y &#8211; chcia\u0142bym zawo\u0142a\u0107 za panem Zag\u0142ob\u0105 na wie\u015b\u0107, \u017ce w ubieg\u0142\u0105 niedziel\u0119 energiczne mamy m\u0142odych inwalid\u00f3w w jednej chwili spakowa\u0142y si\u0119 i zako\u0144czy\u0142y ponad 40-dniowy protest, kt\u00f3ry cz\u0119\u015b\u0107 sejmowych korytarzy przekszta\u0142ci\u0142 w rodzaj polowego lazaretu na zapleczu frontu wschodniego i to w fazie odwrotu na z g\u00f3ry upatrzone pozycje. Pisa\u0142em bowiem, \u017ce surdyna, jaka pojawi\u0142a si\u0119 23 maja zar\u00f3wno w mediach rz\u0105dowych, jak i nierz\u0105dnych, musia\u0142a mie\u0107 zagadkow\u0105 przyczyn\u0119 &#8211; a wyobra\u017ania podsun\u0119\u0142a mi obraz rozmowy telefonicznej dy\u017curnego genera\u0142a okupuj\u0105cych Polsk\u0119 starych kiejkut\u00f3w z przedstawicielem Departamentu Stanu, a je\u015bli nawet nie z nim, to z rezydentem CIA na Polsk\u0119. Wspominam o tym mi\u0119dzy innymi dlatego, \u017ce pryncypialni przeciwnicy teorii spiskowych czyni\u0105 mi gorzkie wyrzuty, jakobym \u201e<i>wszystko<\/i>\u201d t\u0142umaczy\u0142 intrygami starych kiejkut\u00f3w, kt\u00f3rych poza tym ju\u017c przecie\u017c \u201e<i>nie ma<\/i>\u201d &#8211; ewentualnie intrygami \u017byd\u00f3w, czy \u201e<i>cyklist\u00f3w<\/i>\u201d. Ci \u201e<i>cykli\u015bci<\/i>\u201d to dla wi\u0119kszego szyderstwa, bo wiadomo, \u017ce ani starych kiejkut\u00f3w, ani \u017byd\u00f3w, nie m\u00f3wi\u0105c ju\u017c o \u201e<i>cyklistach<\/i>\u201d przecie\u017c \u201e<i>nie ma<\/i>\u201d. Ja rozumiem, \u017ce o\u015bwieceni mikrocefale chc\u0105 jak najlepiej, ale czy w swoim pot\u0119pieniu teorii spiskowych nie posuwaj\u0105 si\u0119 aby za daleko? Chodzi mi oczywi\u015bcie o antysemitismus, bo czy mo\u017cna sobie wyobrazi\u0107 gorszy przejaw antysemitismusa, jak negowanie istnienia narodu \u017cydowskiego? Ten karygodny przypadek pokazuje, w jaki spos\u00f3b przedsionek piek\u0142a mo\u017ce by\u0107 wybrukowany dobrymi ch\u0119ciami. Ale nie tylko to &#8211; bo o\u015bwiecone przez Michnika mikrocefale t\u0142umacz\u0105 z kolei rozmaite wydarzenia spontanem i odlotem &#8211; niczym w Wielkiej Orkiestrze \u201e<i>Jurka Owsiaka<\/i>\u201d. Wydaje mi si\u0119 jednak, \u017ce moja ulubiona teoria spiskowa jednak lepiej wyja\u015bnia rozmaite zagadki, ni\u017c \u201e<i>spontany i odloty<\/i>\u201d, nad kt\u00f3rymi, m\u00f3wi\u0105c nawiasem, \u201e<i>Jurek Owsiak<\/i>\u201d musi nie\u017ale si\u0119 nauwija\u0107. Tymczasem teoria spiskowa wyja\u015bnia nie tylko r\u00f3\u017cne zagadki, ale i fenomen \u201e<i>Jurka Owsiaka<\/i>\u201d. Jak\u017ce bowiem wyt\u0142umaczy\u0107 wielkie zaanga\u017cowanie po stronie Orkiestry nierz\u0105dnej stacji TVN, kt\u00f3r\u0105 podejrzewam, \u017ce zosta\u0142a za\u0142o\u017cona za pieni\u0105dze ukradzione przez starych kiejkut\u00f3w z Funduszu Obs\u0142ugi Zad\u0142u\u017cenia Zagranicznego? Przypomn\u0119, \u017ce na nielegaln\u0105 operacj\u0119 wykupienia polskich d\u0142ug\u00f3w na mi\u0119dzynarodowym rynku finansowym PRL wy\u0142o\u017cy\u0142a 1700 mln dolar\u00f3w, podczas gdy na wykupienie d\u0142ug\u00f3w posz\u0142o tylko 60 milion\u00f3w, za\u015b reszta, czyli 1640 mln dolar\u00f3w, \u201e<i>gdzie\u015b<\/i>\u201d si\u0119 rozesz\u0142a, a potem pojawi\u0142y si\u0119 takie fenomeny, jak TVN, w kt\u00f3rym gwiazd\u0105 pierwszej wielko\u015bci jest pani Justyna Pochanke &#8211; c\u00f3rka Renaty Pochanke, sekretarki Janiny Chim, zast\u0119pczyni dyrektora generalnego FOZZ, kt\u00f3ra &#8211; chocia\u017c oskar\u017cona w tej sprawie razem z Grzegorzem \u0179emkiem &#8211; podobnie jak i ona, nie pu\u015bci\u0142a farby? Dzi\u0119ki temu wysz\u0142a na wolno\u015b\u0107 przed terminem, dzi\u0119ki \u017cyczliwo\u015bci niezawis\u0142ego s\u0105du w Tarnobrzegu, kt\u00f3ry najwyra\u017aniej \u201e<i>powinno\u015b\u0107 swej s\u0142u\u017cby zrozumia\u0142<\/i>\u201d. W tej sytuacji trudno si\u0119 dziwi\u0107, \u017ce w TVN znalaz\u0142a przysta\u0144 r\u00f3wnie\u017c resortowa \u201e<i>Stokrotka<\/i>\u201d, surowo swoich go\u015bci przes\u0142uchuj\u0105ca. Ostatnio przes\u0142uchuj\u0105c Wielce Czcigodnego Rafa\u0142a Trzaskowskiego, wysuwanego na prezydenta Warszawy gwoli rozci\u0105gni\u0119cia zas\u0142ony tajemnicy nad wyczynami pani Hanny Gronkiewicz-Waltz, \u201e<i>Stokrotka<\/i>\u201d ostro zwr\u00f3ci\u0142a mu uwag\u0119, \u017ceby odpowiadaj\u0105c na pytania, patrzy\u0142 na ni\u0105, a nie na podgl\u0105d gdzie\u015b z ty\u0142u, czy z boku. Pami\u0119tam, \u017ce kapitan K\u0142ak, kt\u00f3ry przes\u0142uchiwa\u0142 mnie w maju 1982 roku, te\u017c domaga\u0142 si\u0119, bym patrzy\u0142 mu w oczy, wi\u0119c wida\u0107, \u017ce musieli przej\u015b\u0107 to samo szkolenie, dzi\u0119ki czemu \u201e<i>Stokrotka<\/i>\u201d, mimo transformacji ustrojowej, przoduje nie tylko w pracy operacyjnej, ale i w wyszkoleniu bojowym i politycznym. Tylko na gruncie ulubionej teorii spiskowej mo\u017cna wyja\u015bni\u0107 przyczyn\u0119, dla kt\u00f3rej prokuratura w Gda\u0144sku podj\u0119\u0142a tak zwane \u201e<i>energiczne kroki<\/i>\u201d w sprawie Amber Gold dopiero wtedy, kiedy forsa zosta\u0142a wyprowadzona w nieznanym kierunku, a przes\u0142uchiwani przed sejmow\u0105 komisj\u0105 delikwenci, r\u00f3wnie\u017c w randze genera\u0142\u00f3w, nawet na pytanie o nazwisko, odpowiadaj\u0105: \u201e<i>nie wiem, nie pami\u0119tam<\/i>\u201d, ewentualnie, \u017ce udzielenie takiej odpowiedzi mog\u0142oby ich narazi\u0107 na odpowiedzialno\u015b\u0107 karn\u0105. Podobnie tylko na gruncie ulubionej teorii spiskowej mo\u017cna wyja\u015bni\u0107, dlaczego w sprawie tak zwanej \u201e<i>reprywatyzacji<\/i>\u201d kamienic w warszawie niezawis\u0142e s\u0105dy przechodzi\u0142y do porz\u0105dku nad pe\u0142nomocnictwami wystawianymi przez osoby 150-letnie, albo &#8211; dlaczego w s\u0142yn\u0105cym z niezawis\u0142o\u015bci gda\u0144skim okr\u0119gu s\u0105dowym, niezawis\u0142y s\u0105d w\u0142a\u015bnie wypu\u015bci\u0142 notariuszy zatrzymanych pod zarzutem uczestnictwa w wy\u0142udzaniu nieruchomo\u015bci przez lichwiarzy. Jak inaczej wyja\u015bni\u0107 fenomen dw\u00f3ch kongres\u00f3w s\u0119dzi\u00f3w polskich, na kt\u00f3re przybywa\u0142, kto chcia\u0142, albo &#8211; kto musia\u0142, albo wreszcie pogl\u0105d prezydenta Andrzeja Dudy, \u017ce Pierwszym Prezesem S\u0105du Najwy\u017cszego w naszym bantustanie musi by\u0107 pani Ma\u0142gorzata Gersdorf? Przypomn\u0119, \u017ce jej przetrwanie na tym stanowisku stanowi jeden z warunk\u00f3w trzypunktowego ultimatum, kt\u00f3re niedawno przedstawi\u0142 Polsce niemiecki owczarek Franciszek Timmermans, uplasowany na stanowisku zast\u0119pcy przewodnicz\u0105cego Komisji Europejskiej. \u201e<i>Nikt nie jest zadowolony ze swojej fortuny, ka\u017cdy &#8211; ze swego rozumu<\/i>\u201d &#8211; twierdzi\u0142 XVII-wieczny francuski aforysta Franciszek ksi\u0105\u017c\u0119 de La Rochefoucauld. Ze swego rozumu zadowoleni s\u0105 zw\u0142aszcza mikrocefale &#8211; absolwenci wy\u017cszych szk\u00f3\u0142 gotowania na gazie, albo akademii pierwszomajowych. Tych ani nikt nie przekona,ani nawet nie przegada.<\/p>\r\n<p>Tymczasem w przypadku nag\u0142ego zwini\u0119cia 40-dniowego protestu w Sejmie nie tylko wyobra\u017ania mnie wspiera\u0142a, bo okaza\u0142o si\u0119, \u017ce protestuj\u0105cych inwalid\u00f3w dyskretnie \u201e<i>wspiera<\/i>\u201d sam pan genera\u0142 Gromos\u0142aw Czempi\u0144ski, kt\u00f3ry r\u00f3wnie\u017c \u017cywo \u201e<i>interesuje si\u0119<\/i>\u201d rozwojem sytuacji. To by\u0142a ta wisienka na torcie, spinaj\u0105ca puzzle teorii spiskowej, jako \u017ce pan genera\u0142 Czempi\u0144ski, kt\u00f3ry z niejednego komina wygartywa\u0142, razem z ostatnim (?) szefem Wojskowych S\u0142u\u017cb Informacyjnych, genera\u0142em Markiem Dukaczewskim, wzywany jest przez resortow\u0105 \u201e<i>Stokrotk\u0119<\/i>\u201d do TVN, kiedy tylko co\u015b si\u0119 w naszym nieszcz\u0119\u015bliwym kraju dzieje i m\u00f3wi\u0105 tam, nie tylko \u201e<i>jak jest<\/i>\u201d, ale r\u00f3wnie\u017c &#8211; \u201e<i>jak b\u0119dzie<\/i>\u201d. W tej sytuacji rozmowa telefoniczna mog\u0142a odby\u0107 si\u0119 naprawd\u0119, a kiedy do energicznych mam dotar\u0142y stosowne rozkazy, to w jednej chwili zacz\u0119\u0142y pakowa\u0107 manatki, bo zrozumia\u0142y, \u017ce tym razem to nie jest \u017cadne PiS-owskie safandulstwo. Tote\u017c, chocia\u017c oczywi\u015bcie protest zako\u0144czy\u0142 si\u0119 \u201e<i>zwyci\u0119stwem<\/i>\u201d, no bo jak\u017ce inaczej &#8211; to zaprawionym gorycz\u0105, bo nieprzejednana opozycja, kt\u00f3ra nie szcz\u0119dzi\u0142a inwalidom wyraz\u00f3w serdeczno\u015bci, w podpisanym w ostatniej chwili \u201e<i>Pakcie Solidarno\u015bciowym<\/i>\u201d jednak 500 z\u0142otych miesi\u0119cznie na g\u0142ow\u0119 w got\u00f3wce te\u017c nie obieca\u0142a &#8211; w przecie\u017c na tyle w\u0142a\u015bnie wyceniona zosta\u0142a \u201e<i>godno\u015b\u0107<\/i>\u201d. Oczywi\u015bcie tylko w przypadku inwalid\u00f3w, bo w przypadku naszego bantustanu godno\u015b\u0107 kosztuje znacznie wi\u0119cej &#8211; mniej wi\u0119cej tyle, ile trzeba wyda\u0107 na sprowadzenie i utrzymanie ameryka\u0144skiej dywizji &#8211; bo taka w\u0142a\u015bnie konkluzja objawi\u0142a si\u0119 w rezultacie Zgromadzenia Parlamentarnego NATO w Warszawie, kt\u00f3re protest na sejmowych korytarzach zdmuchn\u0119\u0142o, niczym tornado.<\/p>\r\n<p><strong><em>Stanis\u0142aw Michalkiewicz<\/em><\/strong><\/p>\r\n<p>Komentarz &nbsp;<b>\u2022<\/b>&nbsp; tygodnik \u201eGoniec\u201d (Toronto) &nbsp;<b>\u2022<\/b>&nbsp; 3 czerwca 2018<\/p>\r\n<p><i>Sta\u0142y komentarz Stanis\u0142awa Michalkiewicza ukazuje si\u0119 w ka\u017cdym numerze tygodnika \u201eGoniec\u201d (Toronto, Kanada).<\/i><\/p>","protected":false},"excerpt":{"rendered":"Mo\u015bci panowie, proroctwa mnie wspiera\u0142y &#8211; chcia\u0142bym zawo\u0142a\u0107 za panem Zag\u0142ob\u0105 na wie\u015b\u0107, \u017ce w ubieg\u0142\u0105 niedziel\u0119 energiczne mamy m\u0142odych inwalid\u00f3w w jednej chwili spakowa\u0142y si\u0119 i zako\u0144czy\u0142y ponad 40-dniowy protest, kt\u00f3ry cz\u0119\u015b\u0107 sejmowych korytarzy przekszta\u0142ci\u0142 w rodzaj polowego lazaretu na zapleczu frontu wschodniego i to w fazie odwrotu na z g\u00f3ry upatrzone pozycje. Pisa\u0142em [&hellip;]","protected":false},"author":1,"featured_media":0,"comment_status":"closed","ping_status":"closed","sticky":false,"template":"","format":"standard","meta":{"_acf_changed":false,"_monsterinsights_skip_tracking":false,"_monsterinsights_sitenote_active":false,"_monsterinsights_sitenote_note":"","_monsterinsights_sitenote_category":0,"ngg_post_thumbnail":0,"footnotes":"","_wp_rev_ctl_limit":""},"categories":[9],"tags":[92,98,34,36],"acf":[],"_links":{"self":[{"href":"https:\/\/www.bibula.com\/index.php?rest_route=\/wp\/v2\/posts\/101942"}],"collection":[{"href":"https:\/\/www.bibula.com\/index.php?rest_route=\/wp\/v2\/posts"}],"about":[{"href":"https:\/\/www.bibula.com\/index.php?rest_route=\/wp\/v2\/types\/post"}],"author":[{"embeddable":true,"href":"https:\/\/www.bibula.com\/index.php?rest_route=\/wp\/v2\/users\/1"}],"replies":[{"embeddable":true,"href":"https:\/\/www.bibula.com\/index.php?rest_route=%2Fwp%2Fv2%2Fcomments&post=101942"}],"version-history":[{"count":0,"href":"https:\/\/www.bibula.com\/index.php?rest_route=\/wp\/v2\/posts\/101942\/revisions"}],"wp:attachment":[{"href":"https:\/\/www.bibula.com\/index.php?rest_route=%2Fwp%2Fv2%2Fmedia&parent=101942"}],"wp:term":[{"taxonomy":"category","embeddable":true,"href":"https:\/\/www.bibula.com\/index.php?rest_route=%2Fwp%2Fv2%2Fcategories&post=101942"},{"taxonomy":"post_tag","embeddable":true,"href":"https:\/\/www.bibula.com\/index.php?rest_route=%2Fwp%2Fv2%2Ftags&post=101942"}],"curies":[{"name":"wp","href":"https:\/\/api.w.org\/{rel}","templated":true}]}}