{"id":101922,"date":"2018-06-02T09:50:57","date_gmt":"2018-06-02T13:50:57","guid":{"rendered":"http:\/\/www.bibula.com\/?p=101922"},"modified":"2018-06-02T09:50:57","modified_gmt":"2018-06-02T13:50:57","slug":"niemcy-zabraklo-tradycyjnej-procesji-na-boze-cialo-winni-islamisci","status":"publish","type":"post","link":"https:\/\/www.bibula.com\/?p=101922","title":{"rendered":"Niemcy: zabrak\u0142o tradycyjnej procesji na Bo\u017ce Cia\u0142o. Winni islami\u015bci?"},"content":{"rendered":"<p><strong>W niemieckim Bergkamen w Zag\u0142\u0119biu Ruhry nie odby\u0142a si\u0119 w Bo\u017ce Cia\u0142o tradycyjna procesja. To skutek zwi\u0105zanych z ryzykiem islamskiego ataku terrorystycznego wymog\u00f3w bezpiecze\u0144stwa &#8211; i prawdopodobnej niech\u0119ci urz\u0119dnik\u00f3w wobec procesji.<\/strong><\/p>\r\n<p>&#8211; <em>To by\u0142a bardzo trudna decyzja, bo procesje w\u0142a\u015bciwie nie udawa\u0142y si\u0119 tylko w\u00f3wczas, gdy nie dopuszcza\u0142y takiego warunki pogodowe <\/em>&#8211; ubolewa w rozmowie z Domradio.de ks. Thorsten Neudenberger z parafii \u015bw. El\u017cbiety w Bergkamen.<\/p>\r\n<p>Tym razem jednak parafia otrzyma\u0142a od miasta list z wytycznymi dotycz\u0105cymi organizacji procesji od strony bezpiecze\u0144stwa. &#8211; <em>Musieliby\u015bmy ustawi\u0107 barierki, a na newralgicznych skrzy\u017cowaniach postawi\u0107 trzy samochody osobowe lub ci\u0119\u017carowe. Musieliby\u015bmy zablokowa\u0107 drog\u0119 procesji, z dwoma stra\u017cnikami przy blokadach na czas ca\u0142ej procesji<\/em> &#8211; powiedzia\u0142 kap\u0142an.<\/p>\r\n<p>Podwy\u017cszone \u015brodki bezpiecze\u0144stwa nakazano w Bergkamen dopiero dwa tygodnie przed Bo\u017cym Cia\u0142em, co, jak m\u00f3wi ksi\u0105dz, stanowi\u0142o dla parafii du\u017ce wyzwanie.<\/p>\r\n<p>Miasto wskazywa\u0142o, \u017ce procesj\u0119 b\u0119d\u0105 musieli zabezpieczy\u0107 wolontariusze. Ksi\u0105dz by\u0142 przekonany, \u017ce ich znajdzie. Zada\u0142 sobie pytanie, co b\u0119dzie jednak, je\u017celi jaki\u015b samoch\u00f3d mimo zabezpiecze\u0144 wjedzie w procesj\u0119? W\u00f3wczas odpowiedzialno\u015b\u0107 spad\u0142aby prawdopodobnie na parafi\u0119.<\/p>\r\n<p>Dlaczego miasto nie przydzieli\u0142o procesji ochrony policyjnej, nie wiadomo. Burmistrzem Bergkamen jest polityk socjaldemokracji, Roland Sch\u00c3\u00a4fer.<\/p>\r\n<p>\u017ar\u00f3d\u0142o: domradio.de<\/p>\r\n<p>Pach<\/p>\r\n<p>WMa<\/p>\r\n<p class=\"zrodlo\">Za: <a href=\"https:\/\/www.pch24.pl\/niemcy--zabraklo-tradycyjnej-procesji-na-boze-cialo--winni-islamisci-,60678,i.html\">PoloniaChristiana &#8211; pch24.pl (2018-06-02)<\/a><\/p>\r\n<h4>&nbsp;<\/h4>\r\n<hr style=\"background-color: #000000; border-width: 0; color: #000000; height: 2px; line-height: 0; text-align: center; width: 100%;\">\r\n<h4>&nbsp;<\/h4>","protected":false},"excerpt":{"rendered":"W niemieckim Bergkamen w Zag\u0142\u0119biu Ruhry nie odby\u0142a si\u0119 w Bo\u017ce Cia\u0142o tradycyjna procesja. To skutek zwi\u0105zanych z ryzykiem islamskiego ataku terrorystycznego wymog\u00f3w bezpiecze\u0144stwa &#8211; i prawdopodobnej niech\u0119ci urz\u0119dnik\u00f3w wobec procesji. &#8211; To by\u0142a bardzo trudna decyzja, bo procesje w\u0142a\u015bciwie nie udawa\u0142y si\u0119 tylko w\u00f3wczas, gdy nie dopuszcza\u0142y takiego warunki pogodowe &#8211; ubolewa w rozmowie [&hellip;]","protected":false},"author":1,"featured_media":0,"comment_status":"closed","ping_status":"closed","sticky":false,"template":"","format":"standard","meta":{"_acf_changed":false,"_monsterinsights_skip_tracking":false,"ngg_post_thumbnail":0,"footnotes":"","_wp_rev_ctl_limit":""},"categories":[3],"tags":[218,166,70,33],"acf":[],"_links":{"self":[{"href":"https:\/\/www.bibula.com\/index.php?rest_route=\/wp\/v2\/posts\/101922"}],"collection":[{"href":"https:\/\/www.bibula.com\/index.php?rest_route=\/wp\/v2\/posts"}],"about":[{"href":"https:\/\/www.bibula.com\/index.php?rest_route=\/wp\/v2\/types\/post"}],"author":[{"embeddable":true,"href":"https:\/\/www.bibula.com\/index.php?rest_route=\/wp\/v2\/users\/1"}],"replies":[{"embeddable":true,"href":"https:\/\/www.bibula.com\/index.php?rest_route=%2Fwp%2Fv2%2Fcomments&post=101922"}],"version-history":[{"count":0,"href":"https:\/\/www.bibula.com\/index.php?rest_route=\/wp\/v2\/posts\/101922\/revisions"}],"wp:attachment":[{"href":"https:\/\/www.bibula.com\/index.php?rest_route=%2Fwp%2Fv2%2Fmedia&parent=101922"}],"wp:term":[{"taxonomy":"category","embeddable":true,"href":"https:\/\/www.bibula.com\/index.php?rest_route=%2Fwp%2Fv2%2Fcategories&post=101922"},{"taxonomy":"post_tag","embeddable":true,"href":"https:\/\/www.bibula.com\/index.php?rest_route=%2Fwp%2Fv2%2Ftags&post=101922"}],"curies":[{"name":"wp","href":"https:\/\/api.w.org\/{rel}","templated":true}]}}