{"id":101889,"date":"2018-05-31T17:02:12","date_gmt":"2018-05-31T21:02:12","guid":{"rendered":"http:\/\/www.bibula.com\/?p=101889"},"modified":"2018-05-31T17:02:12","modified_gmt":"2018-05-31T21:02:12","slug":"apel-bylych-prezydentow-polski-i-ukrainy-ws-pojednania-mocna-odpowiedz-millera","status":"publish","type":"post","link":"https:\/\/www.bibula.com\/?p=101889","title":{"rendered":"Apel by\u0142ych prezydent\u00f3w Polski i Ukrainy ws. pojednania. Mocna odpowied\u017a Millera"},"content":{"rendered":"<p><em><strong>\u201eDo kogo ten apel?\u201d &#8211; pyta by\u0142ych prezydent\u00f3w Polski i Ukrainy Leszek Miller.<\/strong><\/em><\/p>\r\n<p><img decoding=\"async\" style=\"border: 0px none; margin: 10px;\" src=\"https:\/\/dorzeczy.pl\/_thumb\/4b\/eb\/6c6af4d151f3a71b541c54eae915.jpeg\" width=\"260\" align=\"left\"><strong>Byli prezydenci Polski i Ukrainy: Bronis\u0142aw Komorowski i Aleksander Kwa\u015bniewski, Leonin Krawczuk, Leonin Kuczma oraz Wiktor Juszczenko wystosowali specjalny apel, w kt\u00f3rym zaapelowali o obron\u0119 procesu pojednania pomi\u0119dzy naszymi krajami. <\/strong><\/p>\r\n<p>\u201eApelujemy o prowadzenie sta\u0142ego, cierpliwego dialogu, o przeciwstawianie si\u0119 postawom nacjonalistycznym i ekstremalnym zachowaniom, o edukacj\u0119 opart\u0105 na prawdzie i rzetelnych \u017ar\u00f3d\u0142ach historycznych, na wzajemnym szacunku, na wzmocnionej wsp\u00f3\u0142pracy historyk\u00f3w, uczelni wy\u017cszych, ludzi kultury i sztuki, nauczycieli i wychowawc\u00f3w, wszystkich, kt\u00f3rzy kszta\u0142tuj\u0105 wiedz\u0119, my\u015blenie i wra\u017cliwo\u015b\u0107 obywateli naszych kraj\u00f3w, a szczeg\u00f3lnie m\u0142odego pokolenia. <span id=\"more-70446\"><\/span>Niech pami\u0119\u0107 o niewinnych ofiarach dawnych konflikt\u00f3w polsko-ukrai\u0144skich \u0142\u0105czy nasze kraje i narody we wsp\u00f3lnej refleksji i wsp\u00f3lnym d\u0105\u017ceniu ku przysz\u0142o\u015bci opartej na wsp\u00f3\u0142pracy i przyja\u017ani\u201d &#8211; czytamy w apelu, kt\u00f3rego tre\u015b\u0107 opublikowa\u0142a \u201eGazeta Wyborcza\u201d.<\/p>\r\n<p><em>[A to koorvy bezczelne\u2026 &#8211; admin] <\/em>[DzgM]<\/p>\r\n<p>W mocnych s\u0142owach odni\u00f3s\u0142 si\u0119 do tego apelu by\u0142y premier i by\u0142y szef SLD Leszek Miller.<\/p>\r\n<p>\u201eBardzo to pi\u0119kne tyle tylko, \u017ce jednym z sygnatariuszy apelu jest Wiktor Juszczenko, kt\u00f3ry uczyni\u0142 kult Stepana Bandery i Romana Szuchewycza oficjaln\u0105 doktryn\u0105 pa\u0144stwow\u0105\u201d &#8211; zauwa\u017ca polityk.<\/p>\r\n<p>W felietonie zamieszczonym na portalu se.pl Leszek Miller pyta by\u0142ych prezydent\u00f3w do kogo kieruj\u0105 sw\u00f3j apel o przeciwstawianie si\u0119 postawom nacjonalistycznym, \u201eskoro nacjonalizm ukrai\u0144ski kwitnie u naszych s\u0105siad\u00f3w w najlepsze\u201d. \u201eKogo maj\u0105 na my\u015bli, je\u015bli obecny prezydent Ukrainy w odpowiedzi na nie\u015bmia\u0142e protesty dotycz\u0105ce rehabilitacji ukrai\u0144skich nacjonalist\u00f3w i faszyst\u00f3w o\u015bwiadczy\u0142: \u201d\u0161uznaj\u0105c za bohater\u00f3w narodowych UPA i Bander\u0119, Ukraina nie powinna bra\u0107 pod uwag\u0119 krytycznych opinii innych pa\u0144stw, w tym nawet ich oficjalnych protest\u00f3w i negatywnych reakcji&#8217;\u201d &#8211; pyta dalej by\u0142y premier.<\/p>\r\n<p>Zdaniem polityka, problem w relacjach polsko-ukrai\u0144skich nie dotyczy jedynie z nierozliczonej przesz\u0142o\u015bci i nierozliczonego ludob\u00f3jstwa dokonanego na Polakach na Wo\u0142yniu, ale przede wszystkim z tego, co nasi s\u0105siedzi czyni\u0105 dzi\u015b. \u201eA dzi\u015b z ich woli mordercy staj\u0105 si\u0119 bohaterami\u201d &#8211; podkre\u015bla b. lider SLD.<\/p>\r\n<p>\u201eByli prezydenci pisz\u0105, \u017ce nie mo\u017cemy by\u0107 zak\u0142adnikami historii, ale nie o histori\u0119 tu chodzi. Idzie o wzorce i warto\u015bci, na kt\u00f3rych wychowywani s\u0105 m\u0142odzi Ukrai\u0144cy. O to, \u017ce dziedzictwo zbrodniczego nacjonalizmu Bandery, Doncowa i Szuchewycza, tradycje UPA i SS Galizien przy akceptacji ukrai\u0144skich przyw\u00f3dc\u00f3w wesz\u0142o do szkolnych podr\u0119cznik\u00f3w i staje si\u0119 wzorcami dla m\u0142odego pokolenia. W apelu by\u0142ych prezydent\u00f3w nie ma na ten temat ani s\u0142owa\u201d &#8211; zauwa\u017ca.<\/p>\r\n<p><em><a href=\"https:\/\/dorzeczy.pl\/kraj\/66006\/Apel-bylych-prezydentow-Polski-i-Ukrainy-ws-pojednania-Mocna-odpowiedz-Millera.html\" target=\"_blank\" rel=\"noopener\">https:\/\/dorzeczy.pl<\/a><\/em><\/p>\r\n<p class=\"zrodlo\">Za: <a href=\"https:\/\/marucha.wordpress.com\/2018\/05\/31\/apel-bylych-prezydentow-polski-i-ukrainy-ws-pojednania-mocna-odpowiedz-millera\/\">Dziennika gajowego Maruchy (2018-05-31)<\/a><\/p>","protected":false},"excerpt":{"rendered":"\u201eDo kogo ten apel?\u201d &#8211; pyta by\u0142ych prezydent\u00f3w Polski i Ukrainy Leszek Miller. Byli prezydenci Polski i Ukrainy: Bronis\u0142aw Komorowski i Aleksander Kwa\u015bniewski, Leonin Krawczuk, Leonin Kuczma oraz Wiktor Juszczenko wystosowali specjalny apel, w kt\u00f3rym zaapelowali o obron\u0119 procesu pojednania pomi\u0119dzy naszymi krajami. \u201eApelujemy o prowadzenie sta\u0142ego, cierpliwego dialogu, o przeciwstawianie si\u0119 postawom nacjonalistycznym i [&hellip;]","protected":false},"author":1,"featured_media":0,"comment_status":"closed","ping_status":"closed","sticky":false,"template":"","format":"standard","meta":{"_acf_changed":false,"_monsterinsights_skip_tracking":false,"_monsterinsights_sitenote_active":false,"_monsterinsights_sitenote_note":"","_monsterinsights_sitenote_category":0,"ngg_post_thumbnail":0,"footnotes":"","_wp_rev_ctl_limit":""},"categories":[8],"tags":[65,66,98,167,17],"acf":[],"_links":{"self":[{"href":"https:\/\/www.bibula.com\/index.php?rest_route=\/wp\/v2\/posts\/101889"}],"collection":[{"href":"https:\/\/www.bibula.com\/index.php?rest_route=\/wp\/v2\/posts"}],"about":[{"href":"https:\/\/www.bibula.com\/index.php?rest_route=\/wp\/v2\/types\/post"}],"author":[{"embeddable":true,"href":"https:\/\/www.bibula.com\/index.php?rest_route=\/wp\/v2\/users\/1"}],"replies":[{"embeddable":true,"href":"https:\/\/www.bibula.com\/index.php?rest_route=%2Fwp%2Fv2%2Fcomments&post=101889"}],"version-history":[{"count":0,"href":"https:\/\/www.bibula.com\/index.php?rest_route=\/wp\/v2\/posts\/101889\/revisions"}],"wp:attachment":[{"href":"https:\/\/www.bibula.com\/index.php?rest_route=%2Fwp%2Fv2%2Fmedia&parent=101889"}],"wp:term":[{"taxonomy":"category","embeddable":true,"href":"https:\/\/www.bibula.com\/index.php?rest_route=%2Fwp%2Fv2%2Fcategories&post=101889"},{"taxonomy":"post_tag","embeddable":true,"href":"https:\/\/www.bibula.com\/index.php?rest_route=%2Fwp%2Fv2%2Ftags&post=101889"}],"curies":[{"name":"wp","href":"https:\/\/api.w.org\/{rel}","templated":true}]}}