{"id":101876,"date":"2018-05-31T11:02:36","date_gmt":"2018-05-31T15:02:36","guid":{"rendered":"http:\/\/www.bibula.com\/?p=101876"},"modified":"2020-06-11T21:25:23","modified_gmt":"2020-06-12T01:25:23","slug":"corpus-christii-samotny-pan-jezus-na-ulicy-wielkiego-miasta","status":"publish","type":"post","link":"https:\/\/www.bibula.com\/?p=101876","title":{"rendered":"Tak wygl\u0105da\u0142y procesje Bo\u017cego Cia\u0142a w przedwojennej Polsce! <i>ZOBACZ ZDJ\u0118CIA<\/i>"},"content":{"rendered":"<p class=\"podpis_sz\"><small>Dodano: 2018-05-31 11:02 am<\/small><\/p>\r\n<p><strong>W czwartek przypada Uroczysto\u015b\u0107 Naj\u015bwi\u0119tszego Cia\u0142a i Krwi Chrystusa, Bo\u017ce Cia\u0142o. To jedno z g\u0142\u00f3wnych \u015bwi\u0105t obchodzonych w Ko\u015bciele katolickim. Cho\u0107 \u015bwiadomo\u015b\u0107 niezwyk\u0142ego cudu przemiany konsekrowanego chleba i wina w rzeczywiste Cia\u0142o i Krew Chrystusa towarzyszy\u0142a wiernym od pocz\u0105tku chrze\u015bcija\u0144stwa, jednak trzeba by\u0142o czeka\u0107 a\u017c dziesi\u0119\u0107 stuleci, zanim zewn\u0119trzne przejawy tego kultu powsta\u0142y i zadomowi\u0142y si\u0119 w Ko\u015bciele katolickim.<\/strong><\/p>\r\n<p>Bezpo\u015bredni\u0105 przyczyn\u0105 ustanowienia uroczysto\u015bci Naj\u015bwi\u0119tszego Cia\u0142a i Krwi Chrystusa by\u0142y objawienia b\u0142. Julianny z Cornillon. Oko\u0142o 1207 r., jako szesnastoletnia dziewczyna, prze\u017cy\u0142a pierwsze widzenia, cho\u0107 by\u0142y one jeszcze mgliste i niezrozumia\u0142e. Zgodnie z tradycj\u0105 hagiograficzn\u0105, dopiero kilkana\u015bcie lat p\u00f3\u017aniej, w 1245 roku, \u015bw. Juliannie ukaza\u0107 mia\u0142 si\u0119 Chrystus, kt\u00f3ry w widzeniu domaga\u0142 si\u0119 ustanowienia \u015bwi\u0119ta Eucharystii na pierwszy czwartek po \u015bwi\u0119cie Tr\u00f3jcy Przenaj\u015bwi\u0119tszej. Pod wp\u0142ywem tych objawie\u0144 biskup Robert ustanowi\u0142 w 1246 r. \u015bwi\u0119to Bo\u017cego Cia\u0142a, pocz\u0105tkowo dla diecezji Liege, oraz zainaugurowa\u0142 pierwsz\u0105 procesj\u0119 eucharystyczn\u0105 ulicami miasta.<\/p>\r\n<p>W Polsce jako pierwszy wprowadzi\u0142 to \u015bwi\u0119to biskup Nankier w 1320 r. w diecezji krakowskiej, natomiast w Ko\u015bciele unickim &#8211; synod zamojski w 1720 r. W Ko\u015bciele katolickim w Polsce pod koniec XIV w. \u015bwi\u0119to Bo\u017cego Cia\u0142a by\u0142o obchodzone ju\u017c we wszystkich diecezjach. By\u0142o ono zawsze zaliczane do \u015bwi\u0105t g\u0142\u00f3wnych. Od ko\u0144ca XV w. przy okazji tego \u015bwi\u0119ta udzielano b\u0142ogos\u0142awie\u0144stwa Naj\u015bwi\u0119tszym Sakramentem.<\/p>\r\n<p>Procesje eucharystyczne w dniu Bo\u017cego Cia\u0142a wprowadzono p\u00f3\u017aniej ni\u017c samo \u015bwi\u0119to. Pierwszym \u015bladem ich istnienia jest wzmianka o uroczystej procesji przed sum\u0105 w Kolonii w latach 1265-75. Podczas procesji niesiono krzy\u017c z Naj\u015bwi\u0119tszym Sakramentem. W ten spos\u00f3b nawi\u0105zywano do dawnego zwyczaju zabierania w podr\u00f3\u017c Eucharystii dla ochrony przed niebezpiecze\u0144stwami.<\/p>\r\n<p>W Polsce od czas\u00f3w rozbior\u00f3w z udzia\u0142em w procesji \u0142\u0105czy\u0142a si\u0119 w \u015bwiadomo\u015bci wiernych manifestacja przynale\u017cno\u015bci narodowej. Po II wojnie \u015bwiatowej procesje w czasie Bo\u017cego Cia\u0142a by\u0142y znakiem jedno\u015bci narodu i wiary. Z tej racji ateistyczne w\u0142adze pa\u0144stwowe niejednokrotnie zakazywa\u0142y procesji urz\u0105dzanych ulicami miast.<\/p>\r\n<p><img fetchpriority=\"high\" decoding=\"async\" class=\"aligncenter\" src=\"http:\/\/www.pch24.pl\/files\/b1.jpg\" width=\"599\" height=\"852\"><\/p>\r\n<p style=\"text-align: center;\">Uroczysto\u015b\u0107 Bo\u017cego Cia\u0142a w Warszawie.&nbsp;&nbsp;19.06.1930<\/p>\r\n<p style=\"text-align: center;\"><img decoding=\"async\" class=\"aligncenter\" src=\"http:\/\/www.pch24.pl\/files\/b2.jpg\" alt=\"\" width=\"599\" height=\"434\"><\/p>\r\n<p style=\"text-align: center;\">Uroczysto\u015b\u0107 Bo\u017cego Cia\u0142a w Myszy\u0144cu. 27.05.1937<\/p>\r\n<p><img decoding=\"async\" class=\"aligncenter\" src=\"http:\/\/www.pch24.pl\/files\/b3.jpg\" alt=\"\" width=\"600\" height=\"386\"><\/p>\r\n<p style=\"text-align: center;\">Uroczysto\u015b\u0107 Bo\u017cego Cia\u0142a w Toruniu. 30.05.1929<\/p>\r\n<p><img loading=\"lazy\" decoding=\"async\" class=\"aligncenter\" src=\"http:\/\/www.pch24.pl\/files\/b4.jpg\" alt=\"\" width=\"599\" height=\"402\"><\/p>\r\n<p style=\"text-align: center;\">Uroczysto\u015b\u0107 Bo\u017cego Cia\u0142a w Samborze. 19.06.1930<\/p>\r\n<p><img loading=\"lazy\" decoding=\"async\" class=\"aligncenter\" src=\"http:\/\/www.pch24.pl\/files\/b5.jpg\" alt=\"\" width=\"598\" height=\"394\"><\/p>\r\n<p style=\"text-align: center;\">Uroczysto\u015b\u0107 Bo\u017cego Cia\u0142a w Poznaniu. 19.06.1930<\/p>\r\n<p><img loading=\"lazy\" decoding=\"async\" class=\"aligncenter\" src=\"http:\/\/www.pch24.pl\/files\/b6.jpg\" alt=\"\" width=\"599\" height=\"442\"><\/p>\r\n<p style=\"text-align: center;\">Uroczysto\u015b\u0107 Bo\u017cego Cia\u0142a w Krakowie &#8211; widok na Sukiennice. 31.05.1934<\/p>\r\n<p><img loading=\"lazy\" decoding=\"async\" class=\"aligncenter\" src=\"http:\/\/www.pch24.pl\/files\/b7.jpg\" alt=\"\" width=\"598\" height=\"389\"><\/p>\r\n<p style=\"text-align: center;\">Uroczysto\u015b\u0107 Bo\u017cego Cia\u0142a w Krakowie &#8211; ul. Kanonicza. 19.06.1930.<\/p>\r\n<p><img loading=\"lazy\" decoding=\"async\" class=\"aligncenter\" src=\"http:\/\/www.pch24.pl\/files\/b8.jpg\" alt=\"\" width=\"601\" height=\"445\"><\/p>\r\n<p style=\"text-align: center;\">Uroczysto\u015b\u0107 Bo\u017cego Cia\u0142a w Gnie\u017anie. 30.05.1929.<\/p>\r\n<p><img loading=\"lazy\" decoding=\"async\" class=\"aligncenter\" src=\"http:\/\/www.pch24.pl\/files\/b9.jpg\" alt=\"\" width=\"599\" height=\"433\"><\/p>\r\n<p style=\"text-align: center;\">Uroczysto\u015b\u0107 Bo\u017cego Cia\u0142a w Poznaniu. 19.06.1930<\/p>\r\n<p>Wszystkie fotografie pochodz\u0105 ze zbior\u00f3w Narodowego Archiwum Cyfrowego \/ nac.gov.pl.<\/p>\r\n<p>KAI<\/p>\r\n<p>TK<\/p>\r\n<p class=\"zrodlo\">Za: <a href=\"http:\/\/www.pch24.pl\/tak-wygladaly-procesje-bozego-ciala-w-przedwojennej-polsce--zobacz-zdjecia,60597,i.html\">PoloniaChristiana &#8211; pch24.pl (2018-05-30)<\/a><\/p>\r\n<h4>&nbsp;<\/h4>\r\n<hr style=\"background-color: #000000; border-width: 0; color: #000000; height: 2px; line-height: 0; text-align: center; width: 100%;\">\r\n<h4>&nbsp;<\/h4>\r\n<h2>Corpus Christii &#8211; samotny Pan Jezus na ulicy wielkiego miasta<\/h2>\r\n<p>[youtube =WBLGBs8KV_k]<\/p>\r\n<p class=\"zrodlo\">Za: <a href=\"http:\/\/katoliktradycjionline.blogspot.com\/2018\/05\/corpus-christii-samotny-pan-jezus-na.html\">Katolik Tradycji (31 maja 2018)<\/a><\/p>\r\n<h4>&nbsp;<\/h4>\r\n<hr style=\"background-color: #000000; border-width: 0; color: #000000; height: 2px; line-height: 0; text-align: center; width: 100%;\">\r\n<h4>&nbsp;<\/h4>\r\n<h2>&nbsp;<\/h2>","protected":false},"excerpt":{"rendered":"Dodano: 2018-05-31 11:02 am W czwartek przypada Uroczysto\u015b\u0107 Naj\u015bwi\u0119tszego Cia\u0142a i Krwi Chrystusa, Bo\u017ce Cia\u0142o. To jedno z g\u0142\u00f3wnych \u015bwi\u0105t obchodzonych w Ko\u015bciele katolickim. Cho\u0107 \u015bwiadomo\u015b\u0107 niezwyk\u0142ego cudu przemiany konsekrowanego chleba i wina w rzeczywiste Cia\u0142o i Krew Chrystusa towarzyszy\u0142a wiernym od pocz\u0105tku chrze\u015bcija\u0144stwa, jednak trzeba by\u0142o czeka\u0107 a\u017c dziesi\u0119\u0107 stuleci, zanim zewn\u0119trzne przejawy tego [&hellip;]","protected":false},"author":1,"featured_media":0,"comment_status":"closed","ping_status":"closed","sticky":false,"template":"","format":"standard","meta":{"_acf_changed":false,"_monsterinsights_skip_tracking":false,"_monsterinsights_sitenote_active":false,"_monsterinsights_sitenote_note":"","_monsterinsights_sitenote_category":0,"ngg_post_thumbnail":0,"footnotes":"","_wp_rev_ctl_limit":""},"categories":[5],"tags":[218,30,98,221],"acf":[],"_links":{"self":[{"href":"https:\/\/www.bibula.com\/index.php?rest_route=\/wp\/v2\/posts\/101876"}],"collection":[{"href":"https:\/\/www.bibula.com\/index.php?rest_route=\/wp\/v2\/posts"}],"about":[{"href":"https:\/\/www.bibula.com\/index.php?rest_route=\/wp\/v2\/types\/post"}],"author":[{"embeddable":true,"href":"https:\/\/www.bibula.com\/index.php?rest_route=\/wp\/v2\/users\/1"}],"replies":[{"embeddable":true,"href":"https:\/\/www.bibula.com\/index.php?rest_route=%2Fwp%2Fv2%2Fcomments&post=101876"}],"version-history":[{"count":0,"href":"https:\/\/www.bibula.com\/index.php?rest_route=\/wp\/v2\/posts\/101876\/revisions"}],"wp:attachment":[{"href":"https:\/\/www.bibula.com\/index.php?rest_route=%2Fwp%2Fv2%2Fmedia&parent=101876"}],"wp:term":[{"taxonomy":"category","embeddable":true,"href":"https:\/\/www.bibula.com\/index.php?rest_route=%2Fwp%2Fv2%2Fcategories&post=101876"},{"taxonomy":"post_tag","embeddable":true,"href":"https:\/\/www.bibula.com\/index.php?rest_route=%2Fwp%2Fv2%2Ftags&post=101876"}],"curies":[{"name":"wp","href":"https:\/\/api.w.org\/{rel}","templated":true}]}}