{"id":101711,"date":"2018-05-21T15:19:19","date_gmt":"2018-05-21T19:19:19","guid":{"rendered":"http:\/\/www.bibula.com\/?p=101711"},"modified":"2018-05-21T15:19:19","modified_gmt":"2018-05-21T19:19:19","slug":"niemiecki-rysownik-wylecial-za-karykature-netanjahu","status":"publish","type":"post","link":"https:\/\/www.bibula.com\/?p=101711","title":{"rendered":"Niemiecki rysownik wylecia\u0142 za karykatur\u0119 Netanjahu"},"content":{"rendered":"<p><strong>INFO:&nbsp;Cenzura w niemieckich mediach to zjawisko powszechne. Redakcja &#8222;S\u00fcddeutsche Zeitung&#8221; zwolni\u0142a swojego rysownika, kt\u00f3ry przygotowa\u0142 karykatur\u0119 p. Benjamina Netanjahu, premiera Izraela.<\/strong><\/p>\r\n<p>85-letni rysownik 15 maja br. zaprezentowa\u0142 na \u0142amach gazety karykatur\u0119, kt\u00f3ra przedstawia izraelskiego przyw\u00f3dc\u0119 w przebraniu p. Netty Barzilai, piosenkarki, kt\u00f3ra wygra\u0142a niedawny konkurs Eurowizji. Na obrazku p. Netanjahu w jednej d\u0142oni trzyma mikrofon, a w drugiej rakiet\u0119 z gwiazd\u0105 Dawida. W chmurce pojawi\u0142 si\u0119 natomiast napis: &#8222;Nast\u0119pnego roku w Jerozolimie&#8221;.<\/p>\r\n<p>Redaktor naczelny dziennika, p. Wolfgang Krach przeprosi\u0142 publicznie za &#8222;antysemick\u0105&#8221; karykatur\u0119, natomiast jej autor p. Dieter Hanitzsch przeprosi\u0107 nie zamierza\u0142 i zosta\u0142 zwolniony.<\/p>\r\n<p>\u0179r\u00f3d\u0142o: <a href=\"http:\/\/www.foxnews.com\/world\/2018\/05\/20\/german-cartoonist-fired-over-netanyahu-caricature.html\">FoxNews.com<\/a><\/p>\r\n<p>Opracowa\u0142: TP<\/p>","protected":false},"excerpt":{"rendered":"INFO:&nbsp;Cenzura w niemieckich mediach to zjawisko powszechne. Redakcja &#8222;S\u00fcddeutsche Zeitung&#8221; zwolni\u0142a swojego rysownika, kt\u00f3ry przygotowa\u0142 karykatur\u0119 p. Benjamina Netanjahu, premiera Izraela. 85-letni rysownik 15 maja br. zaprezentowa\u0142 na \u0142amach gazety karykatur\u0119, kt\u00f3ra przedstawia izraelskiego przyw\u00f3dc\u0119 w przebraniu p. Netty Barzilai, piosenkarki, kt\u00f3ra wygra\u0142a niedawny konkurs Eurowizji. Na obrazku p. Netanjahu w jednej d\u0142oni trzyma mikrofon, [&hellip;]","protected":false},"author":1,"featured_media":0,"comment_status":"closed","ping_status":"closed","sticky":false,"template":"","format":"standard","meta":{"_acf_changed":false,"_monsterinsights_skip_tracking":false,"_monsterinsights_sitenote_active":false,"_monsterinsights_sitenote_note":"","_monsterinsights_sitenote_category":0,"ngg_post_thumbnail":0,"footnotes":"","_wp_rev_ctl_limit":""},"categories":[6],"tags":[48,16,166,61,53,159],"acf":[],"_links":{"self":[{"href":"https:\/\/www.bibula.com\/index.php?rest_route=\/wp\/v2\/posts\/101711"}],"collection":[{"href":"https:\/\/www.bibula.com\/index.php?rest_route=\/wp\/v2\/posts"}],"about":[{"href":"https:\/\/www.bibula.com\/index.php?rest_route=\/wp\/v2\/types\/post"}],"author":[{"embeddable":true,"href":"https:\/\/www.bibula.com\/index.php?rest_route=\/wp\/v2\/users\/1"}],"replies":[{"embeddable":true,"href":"https:\/\/www.bibula.com\/index.php?rest_route=%2Fwp%2Fv2%2Fcomments&post=101711"}],"version-history":[{"count":0,"href":"https:\/\/www.bibula.com\/index.php?rest_route=\/wp\/v2\/posts\/101711\/revisions"}],"wp:attachment":[{"href":"https:\/\/www.bibula.com\/index.php?rest_route=%2Fwp%2Fv2%2Fmedia&parent=101711"}],"wp:term":[{"taxonomy":"category","embeddable":true,"href":"https:\/\/www.bibula.com\/index.php?rest_route=%2Fwp%2Fv2%2Fcategories&post=101711"},{"taxonomy":"post_tag","embeddable":true,"href":"https:\/\/www.bibula.com\/index.php?rest_route=%2Fwp%2Fv2%2Ftags&post=101711"}],"curies":[{"name":"wp","href":"https:\/\/api.w.org\/{rel}","templated":true}]}}