{"id":1016,"date":"2007-05-18T00:00:00","date_gmt":"2007-05-18T00:00:00","guid":{"rendered":""},"modified":"-0001-11-30T00:00:00","modified_gmt":"-0001-11-30T04:00:00","slug":"","status":"publish","type":"post","link":"https:\/\/www.bibula.com\/?p=1016","title":{"rendered":"Kardyna\u0142 Maradiaga z Hondurasu, odrzucaj\u0105c wezwania Papie\u017ca i niezmienn\u0105 Nauk\u0119 Ko\u015bcio\u0142a: &#8222;Nie mog\u0119 odm\u00f3wi\u0107 Komunii \u015bw. proaborcyjnym politykom&#8221;"},"content":{"rendered":"<p>Kardyna\u0142 Oscar Andres Rodriguez Maradiaga z Hondurasu, publicznie sprzeciwi\u0142 si\u0119 wezwaniom Papie\u017ca o nie udzielanie Komunii \u015bw. proaborcyjnym politykom.<BR \/>\r\n  Kardyna\u0142  Maradiaga, w wywiadzie dla pisma <em>Time<\/em>, zapytany wprost o wypowiedziane przez papie\u017ca Benedykta XVI podczas wizyty w Brazylii s\u0142owa wspieraj\u0105ce dzia\u0142ania biskup\u00f3w meksyka\u0144skich wzywaj\u0105cych do odmowy udzielania Komunii \u015bw. proaborcyjnym politykom, powiedzia\u0142, \u017ce &#8222;nie mo\u017ce odm\u00f3wi\u0107 udzielenia im [proaborcyjnym politykom]&#8221; Komunii \u015bw.<BR \/>\r\n  Na pytanie dziennikarza czy zgadza si\u0119 on &#8222;z biskupami, kt\u00f3rzy odmawiaj\u0105 Komunii \u015bwi\u0119tej tym [proaborcyjnym] politykom?&#8221;, <strong>kardyna\u0142 Maradiaga odpowiedzia\u0142: &#8222;A kim ja jestem, bym m\u00f3g\u0142 odm\u00f3wi\u0107 cz\u0142owiekowi Komunii \u015bwi\u0119tej? Nie mog\u0119. W tradycji teologii moralnej jest zawarte, \u017ce nawet je\u015bli wiem, \u017ce osoba \u017cyje w ci\u0119\u017ckim grzechu, nie mog\u0119 przedsi\u0119wzi\u0105\u0107 publicznego dzia\u0142ania przeciwko niej. By\u0142oby to skandalem czynionym przeciwko tej osobie. Tak, osoba ta nie powinna przyst\u0119powa\u0107 [do Komunii], ale [je\u015bli ju\u017c przyst\u0105pi, to] ja nie mog\u0119 jej odm\u00f3wi\u0107.&#8221;<\/strong><\/p>\r\n<p>S\u0142owami tymi kardyna\u0142 pokaza\u0142, i\u017c zupe\u0142nie nie zgadza si\u0119 z przypomnieniami papie\u017ca Benedykta XVI, i\u017c Komunia \u015bwi\u0119ta powinna by\u0107 odm\u00f3wiona osobie, o kt\u00f3rej wiadomo, \u017ce \u017cyje w grzechu ci\u0119\u017ckim. W przypadku polityk\u00f3w proaborcyjnych, kt\u00f3rzy swoim osobistym \u017cyciem i publicznymi dzia\u0142aniami promuj\u0105 grzech i przyczyniaj\u0105 si\u0119 do legalizacji zbrodni ludob\u00f3jstwa nienarodzonych, sytuacja jest klarowna i decyzja ta powinna by\u0107 podj\u0119ta przez ksi\u0119dza udzielaj\u0105cego Komunii \u015bwi\u0119tej.<BR \/>\r\nKardyna\u0142 Maradiaga ukaza\u0142 r\u00f3wnie\u017c w jak najgorszym \u015bwietle stan swojej wiedzy odno\u015bnie do Nauki Ko\u015bcio\u0142a, kt\u00f3ra zawsze i niezmiennie g\u0142osi\u0142a konieczno\u015b\u0107 ochrony Ciala Chrystusa przed profanacj\u0105 i niegodnym Jego przyjmowaniem. Czy to \u015bwiadomie czy te\u017c nie, kardyna\u0142 wprowadza wiernych w b\u0142\u0105d i sam staje si\u0119 \u017ar\u00f3d\u0142em najgorszego skandalu, zniekszta\u0142caj\u0105c prawdziw\u0105 Nauk\u0119 Ko\u015bcio\u0142a, w tym jasne przepisy ko\u015bcielne [<em>Prawo Kanoniczne, p. 915<\/em>], normuj\u0105ce to zagadnienie. <\/p>\r\n<p>&nbsp;<\/p>\r\n<p>Kardyna\u0142 Oscar Andr&eacute;s  Rodr&iacute;guez Maradiaga, S.D.B.,  jest Salezjaninem i ma 64 lata. Wy\u015bwi\u0119cony zosta\u0142 przed 36 laty, jest biskupem od 28 lat, a insygnia kardynalskie otrzyma\u0142 w 2001 roku od papie\u017ca Jana Paw\u0142a II.<\/p>\r\n<p>&nbsp;<\/p>\r\n<p>ZOB. R&Oacute;WNIE\u017b:<\/p>\r\n<ul>\r\n  <li><a class=\"content_sz\" href =\"http:\/\/www.bibula.com\/?p=01001\">Wszechpolacy: Ekskomunika pos\u0142\u00f3w? &#8211; <em>Robert Wit Wyrostkiewicz<\/em><\/a><\/li>\r\n  <li><a class=\"content_sz\" href =\"http:\/\/www.bibula.com\/?p=00879\">Kardyna\u0142 Egan: proaborcyjni politycy &#8222;s\u0105 moimi przyjaci\u00f3\u0142mi&#8221;<\/a><\/li>\r\n  <li><a class=\"content_sz\" href =\"http:\/\/www.bibula.com\/?p=00747\">Nowy dokument biskup\u00f3w ameryka\u0144skich o przyjmowaniu Komunii \u015bw.<\/a><\/li>\r\n  <li><a class=\"content_sz\" href =\"http:\/\/www.bibula.com\/?p=00705\">Kiedy Diabe\u0142 udziela Komunii&#8230;<\/a><\/li>\r\n  <li><a class=\"content_sz\" href =\"http:\/\/www.bibula.com\/?p=00674\">&#8222;Katolicki&#8221; uniwersytet Georgetown honoruje Jezuit\u0119, d\u0142ugoletniego agresywnego dzia\u0142acza pro-aborcyjnego<\/a><\/li>\r\n  <li><a class=\"content_sz\" href =\"http:\/\/www.bibula.com\/?p=00648\">&#8222;Katolicki&#8221; uniwerstytet w Chicago zaprosi\u0142 agresywn\u0105 aborcyjn\u0105 aktywistk\u0119<\/a><\/li>\r\n  <li><a class=\"content_sz\" href =\"http:\/\/www.bibula.com\/?p=01015\">Kl\u0119czenie grzechem ci\u0119\u017ckim?<\/a><\/li>\r\n  <li><a class=\"content_sz\" href =\"http:\/\/www.bibula.com\/?p=00671\">Papie\u017c Benedykt XVI zaostrzy\u0142 przepisy dotycz\u0105ce udzielania Komunii &#346;wi\u0119tej<\/a><\/li>\r\n  <li><a class=\"content_sz\" href =\"http:\/\/www.bibula.com\/?p=00430\">Nuncjusz papieski udzieli\u0142 Komunii \u015bw. proaborcyjnemu senatorowi John Kerry<\/a><\/li>\r\n  <li><a class=\"content_sz\" href =\"http:\/\/www.bibula.com\/?p=00384\">Kl\u0119czysz przed Panem Bogiem? P\u00f3jdziesz do piek\u0142a!<\/a><\/li>\r\n  <li><a class=\"content_sz\" href =\"http:\/\/www.bibula.com\/?p=00135\">&#8222;Kl\u0119kanie przed Bogiem jest ci\u0119\u017ckim grzechem!&#8221; &#8211; u\u015bwiadamiaj\u0105 ksi\u0119\u017ca  w Kalifornii<\/a><\/li>\r\n<\/ul>\r\n<p>&nbsp;<\/p>\r\n\r\n","protected":false},"excerpt":{"rendered":"Kardyna\u0142 Oscar Andres Rodriguez Maradiaga z Hondurasu, publicznie sprzeciwi\u0142 si\u0119 wezwaniom Papie\u017ca o nie udzielanie Komunii \u015bw. proaborcyjnym politykom. Kardyna\u0142 Maradiaga, w wywiadzie dla pisma Time, zapytany wprost o wypowiedziane przez papie\u017ca Benedykta XVI podczas wizyty w Brazylii s\u0142owa wspieraj\u0105ce dzia\u0142ania biskup\u00f3w meksyka\u0144skich wzywaj\u0105cych do odmowy udzielania Komunii \u015bw. proaborcyjnym politykom, powiedzia\u0142, \u017ce &#8222;nie mo\u017ce [&hellip;]","protected":false},"author":1,"featured_media":0,"comment_status":"closed","ping_status":"open","sticky":false,"template":"","format":"standard","meta":{"_acf_changed":false,"_monsterinsights_skip_tracking":false,"_monsterinsights_sitenote_active":false,"_monsterinsights_sitenote_note":"","_monsterinsights_sitenote_category":0,"ngg_post_thumbnail":0,"footnotes":"","_wp_rev_ctl_limit":""},"categories":[3],"tags":[],"acf":[],"_links":{"self":[{"href":"https:\/\/www.bibula.com\/index.php?rest_route=\/wp\/v2\/posts\/1016"}],"collection":[{"href":"https:\/\/www.bibula.com\/index.php?rest_route=\/wp\/v2\/posts"}],"about":[{"href":"https:\/\/www.bibula.com\/index.php?rest_route=\/wp\/v2\/types\/post"}],"author":[{"embeddable":true,"href":"https:\/\/www.bibula.com\/index.php?rest_route=\/wp\/v2\/users\/1"}],"replies":[{"embeddable":true,"href":"https:\/\/www.bibula.com\/index.php?rest_route=%2Fwp%2Fv2%2Fcomments&post=1016"}],"version-history":[{"count":0,"href":"https:\/\/www.bibula.com\/index.php?rest_route=\/wp\/v2\/posts\/1016\/revisions"}],"wp:attachment":[{"href":"https:\/\/www.bibula.com\/index.php?rest_route=%2Fwp%2Fv2%2Fmedia&parent=1016"}],"wp:term":[{"taxonomy":"category","embeddable":true,"href":"https:\/\/www.bibula.com\/index.php?rest_route=%2Fwp%2Fv2%2Fcategories&post=1016"},{"taxonomy":"post_tag","embeddable":true,"href":"https:\/\/www.bibula.com\/index.php?rest_route=%2Fwp%2Fv2%2Ftags&post=1016"}],"curies":[{"name":"wp","href":"https:\/\/api.w.org\/{rel}","templated":true}]}}