{"id":101551,"date":"2018-05-09T17:12:24","date_gmt":"2018-05-09T21:12:24","guid":{"rendered":"http:\/\/www.bibula.com\/?p=101551"},"modified":"2020-12-17T13:48:51","modified_gmt":"2020-12-17T18:48:51","slug":"tajemnica-duszy-zydowskiej","status":"publish","type":"post","link":"https:\/\/www.bibula.com\/?p=101551","title":{"rendered":"Tajemnica duszy \u017cydowskiej\u2026"},"content":{"rendered":"<p><strong>Dzie\u0144 po dniu nowe fakty tycz\u0105ce stosunk\u00f3w polsko-\u017cydowskich stawiaj\u0105 nas na r\u00f3wne nogi. Szczeg\u00f3lnie zaskoczona jest rz\u0105dz\u0105ca radykalna centroprawica, kt\u00f3ra by\u0142a przekonana, i\u017c oczy\u015bci\u0142a przedpole poprzez szereg wa\u017ckich gest\u00f3w, pocz\u0105wszy od dawnej inicjatywy Lecha Kaczy\u0144skiego w postaci finansowanej z bud\u017cetu budowy Muzeum Historii \u017byd\u00f3w Polskich poprzez r\u00f3\u017cnorakie wydarzenia \u201eocieplaj\u0105ce\u201d.<\/strong><\/p>\r\n<table class=\"outset\" style=\"height: 216px;\" width=\"226\" align=\"left\">\r\n<tbody>\r\n<tr>\r\n<td><img decoding=\"async\" class=\"alignleft\" src=\"https:\/\/i2.wp.com\/mysl-polska.pl\/gif\/fulop_0.jpg\" alt=\"\" width=\"220\"><\/td>\r\n<\/tr>\r\n<tr>\r\n<td>\r\n<p class=\"zrodlo\" style=\"text-align: center;\"><em>Fulop. Wypierdek.<\/em><\/p>\r\n<\/td>\r\n<\/tr>\r\n<\/tbody>\r\n<\/table>\r\n<p>Jedynie w kwestii reprywatyzacji nie uczyniono \u017cadnego gestu, ale to ze wzgl\u0119du na zasadniczo sceptyczny stosunek przyw\u00f3dztwa rz\u0105dz\u0105cej partii do koncepcji zwrotu zagrabionej przez w\u0142adze komunistyczne w\u0142asno\u015bci przejawiany od pocz\u0105tku III RP.<\/p>\r\n<p><span id=\"more-70147\"><\/span>Nic jednak nie pomog\u0142o. Na atak zwi\u0105zany z (lepiej lub gorzej pomy\u015blan\u0105, tu mo\u017cna by dyskutowa\u0107) nowelizacj\u0105 ustawy o IPN odpowiadano przypominaniem polskiego wk\u0142adu z ratowanie \u017byd\u00f3w \u015bciganych przez Niemc\u00f3w w okupowanej Polsce. Premier uda\u0142 si\u0119 w towarzystwie dziennikarzy do Muzeum Polak\u00f3w Ratuj\u0105cych \u017byd\u00f3w Podczas II Wojny \u015awiatowej im. Rodziny Ulm\u00f3w w Markowej, a w mediach przypominano dzie\u0142o \u0179egoty, tj. Rady Pomocy \u017bydom za\u0142o\u017conej przez pisark\u0119 i dzia\u0142aczk\u0119 narodowo-katolick\u0105 Zofi\u0119 Kossak-Szczuck\u0105.<\/p>\r\n<p><span class=\"pullquote\"><!-- 'Uczucia nasze wzgl\u0119dem \u017byd\u00f3w nie uleg\u0142y zmianie. Nie przestajemy uwa\u017ca\u0107 ich za politycznych, gospodarczych i ideowych wrog\u00f3w Polski. Co wi\u0119cej, zdajemy sobie spraw\u0119 z tego, i\u017c nienawidz\u0105 nas oni wi\u0119cej ni\u017c Niemc\u00f3w, \u017ce czyni\u0105 nas odpowiedzialnymi za swoje nieszcz\u0119\u015bcie. Dlaczego, na jakiej podstawie - to pozostaje tajemnic\u0105 duszy \u017cydowskiej, niemniej jest faktem nieustannie potwierdzanym' - Zofia Kossak-Szczucka (1942) --><\/span><\/p>\r\n<p>A\u017c dosz\u0142o s\u0142awetnego ju\u017c wpisu burmistrza Jersey City (Stevena Fulopa &#8211; na zdj\u0119ciu) o marsza\u0142ku Senatu Rzeczypospolitej Polskiej (Stanis\u0142awie Karczewskim).<\/p>\r\n<p>Ot\u00f3\u017c w tocz\u0105cej si\u0119 dyskusji o pomniku polskich oficer\u00f3w zamordowanych w Katyniu \u017cydowski Amerykanin napisa\u0142 o poczciwym lekarzu z Nowego Miasta nad Pilic\u0105, i\u017c jest on: \u201eanti-Semite, white nationalist + holocaust denier\u201d. Cokolwiek by nie s\u0105dzi\u0107 o znaczeniach przydawanych s\u0142owom przez ameryka\u0144skiego samorz\u0105dowca \u017cydowskiego pochodzenia, to bodaj jedyne s\u0142owo, kt\u00f3re tu si\u0119 zgadza z rzeczywisto\u015bci\u0105 to \u201ewhite\u201d\u2026<\/p>\r\n<p>Dlatego te\u017c zamiast otwiera\u0107 ze zdziwienia usta i ci\u0105gle nie rozumie\u0107 <em>what is going on<\/em> &#8211; warto czyta\u0107 ze zrozumieniem! Wr\u00f3\u0107my wi\u0119c do naszej Kossak-Szczuckiej. Wszyscy cytuj\u0105 jej \u201eProtest\u201d z 1942, skupiaj\u0105c si\u0119 na wezwaniu do pomocy prze\u015bladowanym \u017bydom. Oczywi\u015bcie to wezwanie stanowi\u0142o kwintesencj\u0119 jej \u201eProtestu\u201d, jednak by\u0142o ono wypisane na tle r\u00f3wnie wa\u017cnych stwierdze\u0144 ujmuj\u0105cych istot\u0119 relacji pomi\u0119dzy Polakami a \u017bydami.<\/p>\r\n<p>Je\u017celi chcemy powa\u017cnie czyta\u0107 i dobrze rozumie\u0107 za\u0142o\u017cycielk\u0119 \u0179egoty, to musimy raz jeszcze przeczyta\u0107 jej \u015bwiadomie napisane s\u0142owa i podda\u0107 je refleksji, bo bez tego ani rusz w pojmowaniu istoty polskiego losu.<\/p>\r\n<p>Zofia Kossak-Szczucka w swym \u201eProte\u015bcie\u201d napisa\u0142a: \u201enie mamy mo\u017cno\u015bci czynnie przeciwdzia\u0142a\u0107 mordercom niemieckim, nie mo\u017cemy nic poradzi\u0107, nikogo uratowa\u0107 &#8211; lecz protestujemy z g\u0142\u0119bi serc przej\u0119tych lito\u015bci\u0105, oburzeniem i groz\u0105\u201d.<\/p>\r\n<p>Zanim jednak napisa\u0142a powy\u017csze s\u0142owa nie unikn\u0119\u0142a s\u0142\u00f3w brzmi\u0105cych w kontek\u015bcie \u201eProtestu\u201d mo\u017ce zaskakuj\u0105co, lecz przecie\u017c nie spos\u00f3b nie wzi\u0105\u0107 ich pod uwag\u0119, tak\u017ce w kontek\u015bcie wpisu Stevena Fulopa: \u201euczucia nasze wzgl\u0119dem \u017byd\u00f3w nie uleg\u0142y zmianie. Nie przestajemy uwa\u017ca\u0107 ich za politycznych, gospodarczych i ideowych wrog\u00f3w Polski. Co wi\u0119cej, zdajemy sobie spraw\u0119 z tego, i\u017c nienawidz\u0105 nas oni wi\u0119cej ni\u017c Niemc\u00f3w, \u017ce czyni\u0105 nas odpowiedzialnymi za swoje nieszcz\u0119\u015bcie. Dlaczego, na jakiej podstawie &#8211; to pozostaje tajemnic\u0105 duszy \u017cydowskiej, niemniej jest faktem nieustannie potwierdzanym\u201d.<\/p>\r\n<p>Aktualne w 1942 roku i aktualne w roku 2018.<\/p>\r\n<p><strong><em>Artur Zawisza<\/em><\/strong><br>\r\n<em><a href=\"http:\/\/mysl-polska.pl\/1553\" target=\"_blank\" rel=\"noopener noreferrer\">http:\/\/mysl-polska.pl<\/a><\/em><\/p>","protected":false},"excerpt":{"rendered":"Dzie\u0144 po dniu nowe fakty tycz\u0105ce stosunk\u00f3w polsko-\u017cydowskich stawiaj\u0105 nas na r\u00f3wne nogi. Szczeg\u00f3lnie zaskoczona jest rz\u0105dz\u0105ca radykalna centroprawica, kt\u00f3ra by\u0142a przekonana, i\u017c oczy\u015bci\u0142a przedpole poprzez szereg wa\u017ckich gest\u00f3w, pocz\u0105wszy od dawnej inicjatywy Lecha Kaczy\u0144skiego w postaci finansowanej z bud\u017cetu budowy Muzeum Historii \u017byd\u00f3w Polskich poprzez r\u00f3\u017cnorakie wydarzenia \u201eocieplaj\u0105ce\u201d. Fulop. Wypierdek. Jedynie w kwestii reprywatyzacji [&hellip;]","protected":false},"author":1,"featured_media":0,"comment_status":"closed","ping_status":"closed","sticky":false,"template":"","format":"standard","meta":{"_acf_changed":false,"_monsterinsights_skip_tracking":false,"_monsterinsights_sitenote_active":false,"_monsterinsights_sitenote_note":"","_monsterinsights_sitenote_category":0,"ngg_post_thumbnail":0,"footnotes":"","_wp_rev_ctl_limit":""},"categories":[9],"tags":[65,22,98,53,55,59],"acf":[],"_links":{"self":[{"href":"https:\/\/www.bibula.com\/index.php?rest_route=\/wp\/v2\/posts\/101551"}],"collection":[{"href":"https:\/\/www.bibula.com\/index.php?rest_route=\/wp\/v2\/posts"}],"about":[{"href":"https:\/\/www.bibula.com\/index.php?rest_route=\/wp\/v2\/types\/post"}],"author":[{"embeddable":true,"href":"https:\/\/www.bibula.com\/index.php?rest_route=\/wp\/v2\/users\/1"}],"replies":[{"embeddable":true,"href":"https:\/\/www.bibula.com\/index.php?rest_route=%2Fwp%2Fv2%2Fcomments&post=101551"}],"version-history":[{"count":1,"href":"https:\/\/www.bibula.com\/index.php?rest_route=\/wp\/v2\/posts\/101551\/revisions"}],"predecessor-version":[{"id":121326,"href":"https:\/\/www.bibula.com\/index.php?rest_route=\/wp\/v2\/posts\/101551\/revisions\/121326"}],"wp:attachment":[{"href":"https:\/\/www.bibula.com\/index.php?rest_route=%2Fwp%2Fv2%2Fmedia&parent=101551"}],"wp:term":[{"taxonomy":"category","embeddable":true,"href":"https:\/\/www.bibula.com\/index.php?rest_route=%2Fwp%2Fv2%2Fcategories&post=101551"},{"taxonomy":"post_tag","embeddable":true,"href":"https:\/\/www.bibula.com\/index.php?rest_route=%2Fwp%2Fv2%2Ftags&post=101551"}],"curies":[{"name":"wp","href":"https:\/\/api.w.org\/{rel}","templated":true}]}}