{"id":101515,"date":"2018-05-08T12:32:15","date_gmt":"2018-05-08T16:32:15","guid":{"rendered":"http:\/\/www.bibula.com\/?p=101515"},"modified":"2018-05-08T12:36:22","modified_gmt":"2018-05-08T16:36:22","slug":"gen-boguslaw-pacek-gdyby-doszlo-do-wojny-rosji-z-nato-to-mialaby-miejsce-na-terytorium-polski","status":"publish","type":"post","link":"https:\/\/www.bibula.com\/?p=101515","title":{"rendered":"Gen. Bogus\u0142aw Pacek: gdyby dosz\u0142o do wojny Rosji z NATO, to mia\u0142aby miejsce na terytorium Polski"},"content":{"rendered":"<p><strong><em>Wojna hybrydowa to tak naprawd\u0119 walka wszystkimi mo\u017cliwymi \u015brodkami, wszystkimi mo\u017cliwymi sposobami, wszystkimi mo\u017cliwymi si\u0142ami w spos\u00f3b legalny, nielegalny, podst\u0119pny, przebieg\u0142y czy te\u017c zasygnalizowany na terytorium przeciwnika<\/em>&nbsp;&#8211; powiedzia\u0142 w poniedzia\u0142ek na Uniwersytecie Pedagogicznym w Krakowie prof. gen. Bogus\u0142aw Pacek.<\/strong><\/p>\r\n<p>&#8211;&nbsp;<em>Wojna hybrydowa nie jest wojn\u0105. Wojna hybrydowa jest konfliktem zbrojnym<\/em>&nbsp;&#8211; podkre\u015bli\u0142 wojskowy. Doda\u0142, \u017ce zar\u00f3wno jedno jak i drugie poj\u0119cie s\u0105 odpowiednio zdefiniowane w prawie mi\u0119dzynarodowym, a najwa\u017cniejsza r\u00f3\u017cnica mi\u0119dzy nimi polega na tym, \u017ce wojny si\u0119 wypowiada, a konflikt\u00f3w zbrojnych:&nbsp;nie. Ma\u0142o tego, konflikty zbrojne mo\u017cna przeprowadza\u0107 za pomoc\u0105 wszelkich mo\u017cliwych technik&nbsp;&#8211; wojskowych, ekonomicznych, informacyjnych, partyzanckich, terrorystycznych etc. &#8211;&nbsp;<em>Nie wa\u017cne, co zostanie u\u017cyte. Nie wa\u017cne, co zostanie zrobione. Wa\u017cne, \u017ceby przynios\u0142o okre\u015blone efekty<\/em>&nbsp;&#8211; zaznaczy\u0142.<\/p>\r\n<p>&#8211;&nbsp;<em>Konflikt zbrojny jest bardzo szerokim poj\u0119ciem. Wyst\u0119puj\u0105 w nim wprawdzie dzia\u0142ania wojsk, kt\u00f3re wzajemnie si\u0119 zwalczaj\u0105, ale mog\u0105 w nim bra\u0107 r\u00f3wnie\u017c udzia\u0142 niewinni i niczego nie\u015bwiadomi cywile. W konfliktach zbrojnych nie trzeba stosowa\u0107 \u017cadnego prawa mi\u0119dzynarodowego ani \u017cadnych zasad. Wojna z kolei rz\u0105dzi si\u0119 okre\u015blonymi normami, takimi jak zerwanie stosunk\u00f3w mi\u0119dzy krajami, czy egzekwowaniem prawa wojennego. W zwi\u0105zku z powy\u017cszym powt\u00f3rz\u0119: wojna hybrydowa nie jest wojn\u0105, tylko konfliktem zbrojnym<\/em>&nbsp;&#8211; powiedzia\u0142 prof. gen. Pacek.<\/p>\r\n<p>Prelegent zwr\u00f3ci\u0142 uwag\u0119, \u017ce najwa\u017cniejszym elementem wojny hybrydowej jest \u201einteres danego pa\u0144stwa\u201d. &#8211; <em>Jaki interes ma dzisiaj Rosja, \u017ceby prowadzi\u0107 przeciwko Polsce wojn\u0119 hybrydow\u0105? Z jednej strony mo\u017cna powiedzie\u0107, \u017ce nie ma \u017cadnego. Co konkretnego mo\u017ce da\u0107 bowiem Rosji agresja przeciwko Polsce? Logicznie rzecz bior\u0105c nic, poniewa\u017c du\u017co wi\u0119ksze korzy\u015bci Moskwa mo\u017ce osi\u0105gn\u0105\u0107 prowadz\u0105c dzia\u0142ania przeciwko Kazachstanowi, Uzbekistanowi czy Turkmenistanowi&nbsp;&#8211; krajach bogatych w w\u0119glowodory i inne surowce. Z drugiej jednak strony Rosja przygotowuje si\u0119 do wojny ze Stanami Zjednoczonymi<\/em> &#8211; powiedzia\u0142 prof. gen. Pacek.<\/p>\r\n<p>Zdaniem wojskowego Amerykanie r\u00f3wnie\u017c przygotowuj\u0105 si\u0119 do starcia z Rosjanami&nbsp;&#8211; starcia l\u0105dowego, o czym \u015bwiadcz\u0105 podejmowane przez nich dzia\u0142ania. &#8211; <em>To wida\u0107 po tym, co kupuj\u0105, co produkuj\u0105, jak si\u0119 szkol\u0105, na co wydaj\u0105 pieni\u0105dze, jak\u0105 prowadz\u0105 polityk\u0119<\/em> &#8211; podkre\u015bli\u0142. Doda\u0142, \u017ce wszystko wskazuje na to, \u017ce do takiego starcia dojdzie w centrum Europy.<\/p>\r\n<p>&#8211; <em>Do podobnego starcia przygotowuj\u0105 si\u0119 Chiny, Japonia i Indie. R\u00f3\u017cnica polega na tym, \u017ce te trzy azjatyckie kraje przygotowuj\u0105 si\u0119 do starcia z USA na morzach i oceanach. Wida\u0107 to r\u00f3wnie\u017c po zakupionych przez nich sprz\u0119tach. Prosz\u0119 zwr\u00f3ci\u0107 uwag\u0119: Chi\u0144czycy nigdy nie posiadali okr\u0119t\u00f3w, a dzisiaj sami tworz\u0105 lotniskowce, niszczyciele i okr\u0119ty \u0142odzie podwodne. Dlaczego neutralnym Chinom potrzebny jest tego typu sprz\u0119t?<\/em> &#8211; zapyta\u0142 wyk\u0142adowca.<\/p>\r\n<p>&#8211; <em>Gdyby dosz\u0142o do wojny Rosji z NATO, kt\u00f3rego cz\u0142onkiem jest Polska, to mia\u0142aby ona miejsce w Europie, <strong>a dok\u0142adnie na terytorium Rzeczypospolitej Polskiej<\/strong><\/em> &#8211; zako\u0144czy\u0142 prof. gen. Pacek.<\/p>\r\n<p>TK<\/p>\r\n<p class=\"zrodlo\">Za: <a href=\"http:\/\/www.pch24.pl\/gen--boguslaw-pacek--gdyby-doszlo-do-wojny-rosji-z-nato--to-mialaby-miejsce-na-terytorium-polski,60122,i.html\">PoloniaChristiana &#8211; pch24.pl (2018-05-08)<\/a><\/p>\r\n<h4>&nbsp;<\/h4>\r\n<hr style=\"background-color: #000000; border-width: 0; color: #000000; height: 2px; line-height: 0; text-align: center; width: 100%;\">\r\n<h4>&nbsp;<\/h4>\r\n<blockquote>\r\n<p><strong>KOMENTARZ <em>BIBU\u0141Y<\/em><\/strong>: Ale\u017c przecie\u017c &#8222;sojusznikowi Polski&#8221;, czyli syjonistycznym Stanom Zjednoczonym, o to dok\u0142adnie chodzi: chodzi o wzmocnienie &#8222;wschodniej flanki&#8221; do tego stopnia, aby mo\u017cna by\u0142o w stosownym momencie przeprowadzi\u0107 militarn\u0105 operacj\u0119 konfrontacji z Rosj\u0105. Bo wojny najlepiej jest prowadzi\u0107 na obcym terenie, przy u\u017cyciu obcego mi\u0119sa. Wie to ka\u017cdy dow\u00f3dca, powinien wiedzie\u0107 ka\u017cdy polityk. Niestety, politycy w Polsce albo tego nie rozumiej\u0105, bo zara\u017ceni s\u0105 chorob\u0105 upo\u015bledzenia postrzegania rzeczywisto\u015bci, wywo\u0142an\u0105 przez wirus serwilizmu syjonistyczno-ameryka\u0144skiego, albo s\u0105 zwyk\u0142ymi zdrajcami. Wydaje si\u0119, \u017ce obecny ob\u00f3z sk\u0142ada si\u0119 bardziej z tych zara\u017conych, ni\u017c z pod\u0142ych cynik\u00f3w &#8211; jak w przesz\u0142o\u015bci. Nie pociesza to wiele, bo skutek jest ten sam&#8230;<\/p>\r\n<\/blockquote>\r\n<h4>&nbsp;<\/h4>\r\n<hr style=\"background-color: #000000; border-width: 0; color: #000000; height: 2px; line-height: 0; text-align: center; width: 100%;\">\r\n<h4>&nbsp;<\/h4>","protected":false},"excerpt":{"rendered":"Wojna hybrydowa to tak naprawd\u0119 walka wszystkimi mo\u017cliwymi \u015brodkami, wszystkimi mo\u017cliwymi sposobami, wszystkimi mo\u017cliwymi si\u0142ami w spos\u00f3b legalny, nielegalny, podst\u0119pny, przebieg\u0142y czy te\u017c zasygnalizowany na terytorium przeciwnika&nbsp;&#8211; powiedzia\u0142 w poniedzia\u0142ek na Uniwersytecie Pedagogicznym w Krakowie prof. gen. Bogus\u0142aw Pacek. &#8211;&nbsp;Wojna hybrydowa nie jest wojn\u0105. Wojna hybrydowa jest konfliktem zbrojnym&nbsp;&#8211; podkre\u015bli\u0142 wojskowy. Doda\u0142, \u017ce zar\u00f3wno jedno [&hellip;]","protected":false},"author":1,"featured_media":0,"comment_status":"closed","ping_status":"closed","sticky":false,"template":"","format":"standard","meta":{"_acf_changed":false,"_monsterinsights_skip_tracking":false,"_monsterinsights_sitenote_active":false,"_monsterinsights_sitenote_note":"","_monsterinsights_sitenote_category":0,"ngg_post_thumbnail":0,"footnotes":"","_wp_rev_ctl_limit":""},"categories":[8],"tags":[84,98,141,221],"acf":[],"_links":{"self":[{"href":"https:\/\/www.bibula.com\/index.php?rest_route=\/wp\/v2\/posts\/101515"}],"collection":[{"href":"https:\/\/www.bibula.com\/index.php?rest_route=\/wp\/v2\/posts"}],"about":[{"href":"https:\/\/www.bibula.com\/index.php?rest_route=\/wp\/v2\/types\/post"}],"author":[{"embeddable":true,"href":"https:\/\/www.bibula.com\/index.php?rest_route=\/wp\/v2\/users\/1"}],"replies":[{"embeddable":true,"href":"https:\/\/www.bibula.com\/index.php?rest_route=%2Fwp%2Fv2%2Fcomments&post=101515"}],"version-history":[{"count":0,"href":"https:\/\/www.bibula.com\/index.php?rest_route=\/wp\/v2\/posts\/101515\/revisions"}],"wp:attachment":[{"href":"https:\/\/www.bibula.com\/index.php?rest_route=%2Fwp%2Fv2%2Fmedia&parent=101515"}],"wp:term":[{"taxonomy":"category","embeddable":true,"href":"https:\/\/www.bibula.com\/index.php?rest_route=%2Fwp%2Fv2%2Fcategories&post=101515"},{"taxonomy":"post_tag","embeddable":true,"href":"https:\/\/www.bibula.com\/index.php?rest_route=%2Fwp%2Fv2%2Ftags&post=101515"}],"curies":[{"name":"wp","href":"https:\/\/api.w.org\/{rel}","templated":true}]}}