{"id":1015,"date":"2007-05-17T00:00:00","date_gmt":"2007-05-17T00:00:00","guid":{"rendered":""},"modified":"2017-05-17T11:18:39","modified_gmt":"2017-05-17T15:18:39","slug":"kleczenie-grzechem-ciezkim","status":"publish","type":"post","link":"https:\/\/www.bibula.com\/?p=1015","title":{"rendered":"Kl\u0119czenie grzechem ci\u0119\u017ckim?"},"content":{"rendered":"<p>Sobota 17 marca 2007 roku, Berlin. Tego dnia tradycj\u0105 tutejsz\u0105 jest tak zwany Marsz Pokutny, urz\u0105dzany rokrocznie przez Diecezj\u0119 Berli\u0144sk\u0105. Jest to swoista manifestacja \u201eresztek\u201d katolicyzmu! &#8211; w tym spogania\u0142ym mie\u015bcie. Procesja, z Krzy\u017cem wielko\u015bci oko\u0142o 5 metr\u00f3w, niesionym tradycyjnie ju\u017c przez kilkunastu cz\u0142onk\u00f3w Misji obcoj\u0119zycznych, porusza si\u0119 ulicami przez dzielnice blisko centrum le\u017c\u0105ce, wzd\u0142u\u017c trzech kolejnych Parafii i trwa ten marsz oko\u0142o 1,5 godziny, ko\u0144cz\u0105c si\u0119 w bazylice \u015bw. Jana Chrzciciela, kt\u00f3ra od ponad roku sta\u0142a si\u0119 siedzib\u0105 Polskiej Misji Katolickiej w Berlinie. Mottem tegorocznej Procesji by\u0142o: \u201e&#8230; poniewa\u017c moc wychodzi\u0142a od Niego i uzdrawia\u0142a wszystkich\u201d (\u0141k 6; 19). Jak na prawie 4-milionowe miasto, ko\u015bci\u00f3\u0142 mieszcz\u0105cy okolo 3 do 4 tysi\u0119cy wiernych by\u0142 wype\u0142niony w 80 procentach; by\u0142o jeszcze du\u017co wolnego miejsca dla stoj\u0105cych. By\u0142 ch\u00f3r i ca\u0142a uroczysta oprawa. Procesji i Mszy \u015bw. j\u0105 wie\u0144cz\u0105cej przewodniczy\u0142 ks. kardyna\u0142 Sterzynsky &#8211; bp ordynariusz diecezji berli\u0144skiej. Obecny by\u0142 r\u00f3wnie\u017c Nuncjusz Stolicy Apostolskiej w Berlinie.<\/p>\r\n<table width=\"250\" border=\"0\" align=\"right\">\r\n<tbody>\r\n<tr>\r\n<td class=\"content\"><img decoding=\"async\" src=\"http:\/\/www.polskiejutro.com\/img\/262nadeslane.jpg\" alt=\"\" width=\"250\" height=\"157\"><br>\r\n <em>Fot. Internet<\/em> <br>\r\n Jak nale\u017cy rozumie\u0107 sytuacj\u0119, gdy kl\u0119cz\u0105cy katolik jest uznany za wy\u0142\u0105czonego z Ko\u015bcio\u0142a Katolickiego, czyli \u017ce kl\u0119czenie sta\u0142o si\u0119 grzechem ci\u0119\u017ckim &#8211; bo tylko taki pow\u00f3d zobowi\u0105zuje kap\u0142ana do odmowy udzielenia Komunii \u015bw., lub jestem ju\u017c w ca\u0142kowitym b\u0142\u0119dzie&#8230;<\/td>\r\n<\/tr>\r\n<\/tbody>\r\n<\/table>\r\n<p>Krzy\u017c, po wniesieniu do ko\u015bcio\u0142a, za pomoc\u0105 specjalnie zainstalowanego urz\u0105dzenia zosta\u0142 postawiony po prawej stronie (patrz\u0105c na st\u00f3\u0142 ofiarny), za kt\u00f3rym oko\u0142o 8-10 m jest O\u0142tarz z Tabernakulum. Rozpocz\u0119\u0142a si\u0119 Msza \u015bw.<br>\r\n O homilii kardyna\u0142a Sterzynskiego wspomn\u0119 tylko tyle, \u017ce wychodz\u0105c od Motta, us\u0142yszeli\u015bmy, jak Pan Jezus uzdrawia\u0142 przez dotkni\u0119cie &#8211; zebrane chyba ze wszystkich Ewangelii i w teatralnych gestach po prostu przypominane, a wi\u0119c trudno mi jest po prostu powt\u00f3rzy\u0107 tak naprawd\u0119, o czym m\u00f3wi\u0142 tak dok\u0142adniej ks. kard. mo\u017cna by\u0142o odnie\u015b\u0107 wra\u017cenie, \u017ce chce nas przekona\u0107 o wielkiej Mocy Uzdrawiaj\u0105cej Pana Jezusa aby\u015bmy tylko si\u0119 Jego dotkn\u0119li, i ju\u017c ca\u0142y nasz \u015bwiat musi by\u0107 uzdrowiony. Mamy tego tylko pragn\u0105\u0107, ale nie us\u0142ysza\u0142em ani joty o sensie procesji &#8211; pokutnej przecie\u017c &#8211; ani s\u0142owa o skrusze i pokucie, nie, starczy dotyk. No c\u00f3\u017c, pewnie niewielu jest zdziwionych takim stawianiem sprawy zbawienia przez tak \u201eotwartego\u201d kardyna\u0142a, jakim jest kard Sterzynski, a skutki tego \u201eotwarcia\u201d przysz\u0142o mnie osobi\u015bcie i jeszcze jednej znajomej, odczu\u0107 \u201efizycznie\u201d nieco p\u00f3\u017aniej. Komunii udzielano dosy\u0107 spontanicznie, od o\u0142tarza i kilku ksi\u0119\u017cy uda\u0142o si\u0119 do ty\u0142u, aby unikn\u0105\u0107 nadmiernego st\u0142oczenia. Pozosta\u0142em w \u0142awce, a\u017c na tyle si\u0119 rozlu\u017ani, \u017ce b\u0119d\u0119 m\u00f3g\u0142 bez t\u0142oku, przyj\u0105\u0107 Komuni\u0119 \u015bw.<br>\r\n <strong>Ustawi\u0142em si\u0119 w ostatnim rz\u0119dzie, obok mnie po lewej stronie by\u0142o jeszcze cztery osoby i ja nieco na prawo, bezpo\u015brednio przed tym wielkim Krzy\u017cem procesyjnym. Osoby po lewej sta\u0142y z wyci\u0105gni\u0119tymi r\u0119koma, pomi\u0119dzy nimi kl\u0119cza\u0142a moja znajoma, skupiony na krzy\u017cu, nie widzia\u0142em, co si\u0119 obok dzia\u0142o, wiem tylko, \u017ce ksi\u0105dz udzielaj\u0105cy Komunii odszed\u0142 od tych os\u00f3b i patrz\u0105c na mnie zupe\u0142nie mnie zignorowa\u0142, jakby mnie tam nie by\u0142o. Jeden z ksi\u0119\u017cy znany mi, r\u00f3wnie\u017c Polak Kamilianin, widz\u0105c to i my\u015bl\u0105c, \u017ce mo\u017ce to jakie\u015b nieporozumienie, ale po wymianie wzroku z ks. kardyna\u0142em i kilkoma innymi przy stole ofiarnym spu\u015bci\u0142 g\u0142ow\u0119 i zamar\u0142 w bezruchu. Chc\u0119 tu jednoznacznie podkre\u015bli\u0107, \u017ce tu nie mo\u017ce by\u0107 mowy o nieporozumieniu. NIE. Nie by\u0142o \u017cadnego komunikatu jak i gdzie b\u0119dzie udzielana Komunia \u015bw., a wi\u0119c ka\u017cdy, kto podszed\u0142 do Komunii &#8211; otrzyma\u0142 j\u0105 z wyj\u0105tkiem nas dwojga &#8211; kl\u0119cz\u0105cych! <\/strong><\/p>\r\n<p>Widz\u0105c, \u017ce nikt nie wyra\u017ca najmniejszego zainteresowania jakimi\u015b tam kl\u0119cz\u0105cymi &#8211; sk\u0142oni\u0142em si\u0119 i czyni\u0105c znak krzy\u017ca z pokor\u0105 przyj\u0105\u0142em zdarzenie oddaj\u0105c je PANU BOGU i powr\u00f3ci\u0142em do \u0142awki. Znajoma natomiast zupe\u0142nie zdezorientowana i niepogodzona z zaistnia\u0142\u0105 sytuacj\u0105, czemu si\u0119 wcale nie dziwi\u0119, pozosta\u0142a na kl\u0119czkach a\u017c do b\u0142ogos\u0142awie\u0144stwa, po czym uda\u0142a si\u0119 do zakrystii, aby wyja\u015bni\u0107 nieporozumienie. Ksi\u0105dz z PMK rozumiej\u0105c sytuacj\u0119, bez \u017cadnego komentarza, ubra\u0142 si\u0119 i udzieli\u0142 Jej komunii, z pe\u0142nym zrozumieniem sytuacji. <strong>Natomiast p\u00f3\u017aniej zagadni\u0119ty ks. proboszcz PMK pouczy\u0142 j\u0105, \u017ce: <br>\r\n \u201e&#8230; to by\u0142o Pani tak trudno zrobi\u0107 ten krok do przodu i wyci\u0105gn\u0105\u0107 r\u0119k\u0119\u201d! Znajoma zaniem\u00f3wi\u0142a, bezradna odwr\u00f3ci\u0142a si\u0119 i uda\u0142a si\u0119 w stron\u0119 wyj\u015bcia. Po kilkunastu krokach dogoni\u0142 J\u0105 ks. proboszcz i zacz\u0105\u0142 prosi\u0107: <br>\r\n \u201e&#8230; niech Pani nie bierze sobie tego tak do serca (&#8230;) bo jeszcze Pani wiar\u0119 straci\u201d!? &#8211; Znajoma, kt\u00f3ra mi to wszystko potem relacjonowa\u0142a, odpowiedzia\u0142a bez namys\u0142u: \u201e O mnie, to si\u0119 ksi\u0105dz nie martwi ja wiary tak szybko nie trac\u0119 , ale o wiar\u0119 tych kap\u0142an\u00f3w i o siebie, to jak najbardziej (&#8230;)\u201d <\/strong>&#8211; w tym czasie by\u0142em ju\u017c na zewn\u0105trz ko\u015bcio\u0142a i pr\u00f3bowa\u0142em pouk\u0142ada\u0107 my\u015bli, i uzna\u0142em &#8211; to co si\u0119 sta\u0142o &#8211; za \u015bwiadome dzia\u0142anie kap\u0142an\u00f3w, co z kolei wyklucza jak\u0105kolwiek pr\u00f3b\u0119 dyskusji &#8211; bo takowa mog\u0142a si\u0119 zako\u0144czy\u0107 tylko dope\u0142nieniem poni\u017cenia ju\u017c zadanego, niczym wi\u0119cej. <br>\r\n Teraz po tych paru dniach, dzisiaj jest wtorek 20-tego, mog\u0119 stwierdzi\u0107 jednoznacznie, \u017ce zgorszenie, jakiego stali\u015bmy si\u0119 ofiarami, nale\u017cy rozpatrywa\u0107 w kategoriach profanacji Naj\u015bwi\u0119tszego Sakramentu, bo jak nale\u017cy rozumie\u0107 sytuacj\u0119, gdy kl\u0119cz\u0105cy katolik jest uznany za wy\u0142\u0105czonego z Ko\u015bcio\u0142a Katolickiego, czyli \u017ce kl\u0119czenie sta\u0142o si\u0119 &#8211; grzechem ci\u0119\u017ckim &#8211; bo tylko taki pow\u00f3d zobowi\u0105zuje kap\u0142ana do odmowy udzielenia Komunii \u015bw., lub jestem ju\u017c w ca\u0142kowitym b\u0142\u0119dzie. Oto wys\u0142uchujemy Homilii o Mi\u0142osierdziu, o niesko\u0144czonej mi\u0142o\u015bci mi\u0142osiernej, o radosnym \u0142\u0105czeniu si\u0119 w ekumenicznym ta\u0144cu mi\u0142o\u015bci &#8211; a tutaj katolicy we w\u0142asnym ko\u015bciele s\u0105 potraktowani jak ci\u0119\u017ccy grzesznicy za to, \u017ce ukl\u0119kn\u0119li przed \u0179ywym Panem Jezusem &#8211; oto OWOC chaosu, wprowadzonego do dogmat\u00f3w naszej wiary, gdy ju\u017c nie wiadomo, co jest pokor\u0105 a co zdrad\u0105. Po co wi\u0119c kl\u0119kamy podczas przeistoczenia, by potem, kiedy stajemy przed Panem Jezusem, nakazuje si\u0119 nam sta\u0107! Po co konsekrujemy Ko\u015bcio\u0142y i naczynia liturgiczne, aby potem profanowa\u0107 przeistoczone Cia\u0142o i Krew \u201ebrudnymi\u201d \u0142apami zak\u0142amanych wiernych, kt\u00f3rzy jak Judasz wyci\u0105gaj\u0105 swe d\u0142onie po 30 srebrnik\u00f3w, czy to nie jest przypadek opisany przez \u015bw. Paw\u0142a w Li\u015bcie do Galat\u00f3w 1; 6-9: <br>\r\n \u201e&#8230; Ale gdyby\u015bmy nawet my lub anio\u0142 z nieba g\u0142osi\u0142 wam Ewangeli\u0119 r\u00f3\u017cn\u0105 od tej, kt\u00f3r\u0105 wam g\u0142osili\u015bmy &#8211; niech b\u0119dzie przekl\u0119ty! (&#8230;)\u201d &#8211; a czy to nie jest jaka\u015b inna Ewangelia, kt\u00f3ra mi nakazuje odrzuci\u0107 Bosko\u015b\u0107 Chrystusa, by sta\u0107 przed NIM jak r\u00f3wny z r\u00f3wnym?!!! A je\u017celi chodzi o nieudzielanie Komunii \u015bw., to daj\u0119 Wam drodzy Kap\u0142ani, kt\u00f3rzy popieracie dzia\u0142ania wy\u017cej opisane, pod rozwag\u0119: <br>\r\n \u201eNie ka\u017cdy, kt\u00f3ry Mi m\u00f3wi: \u201ePanie, Panie!\u201d, wejdzie do kr\u00f3lestwa niebieskiego (&#8230;) Odejd\u017acie ode Mnie wy, kt\u00f3rzy dopuszczacie si\u0119 nieprawo\u015bci!\u201d. (Mt 6; 21-23 i 25; 45-46), oraz: \u201e(&#8230;) Kto si\u0119 przyzna do Mnie wobec ludzi (&#8230;)\u201d (\u0141k 11; 8-12) i zako\u0144cz\u0119: \u201e&#8230; Jam jest chleb \u017cycia&#8230;: widzieli\u015bcie mnie a przecie\u017c nie wierzycie\u201d. (J 6; 35-36) &#8211; bo jak mo\u017cna inaczej to wszystko zrozumie\u0107, je\u015bli nie zupe\u0142nym brakiem poczucia Sacrum w\u015br\u00f3d tych Kap\u0142an\u00f3w, kt\u00f3rzy Eucharysti\u0119 traktuj\u0105 jako swoisty teatr, gdzie si\u0119 gra sakramenty i \u0107wiczy w pos\u0142usze\u0144stwie og\u0142upiony, jak s\u0105dz\u0105, ludek Bo\u017cy. Zawr\u00f3\u0107cie, p\u00f3ki jeszcze macie czas, zanim przyjdzie na Was ostatnia chwila, po kt\u00f3rej ju\u017c nic uczyni\u0107 nie b\u0119dziecie mogli.<\/p>\r\n<p><strong><em>Andrzej Ryfa<\/em><\/strong><\/p>\r\n<p><span class=\"content\">Za gazet\u0105 internetow\u0105<\/span> <a class=\"content_sz\" href=\"http:\/\/www.polskiejutro.com\/art.php?p=11004\"><em><span class=\"content_sz\"><strong>Polskie Jutro<\/strong><\/span><\/em><\/a><span class=\"content\"> Numer 262 [14.5.2007], z podtytu\u0142em z <\/span><em><a class=\"content_sz\" href=\"http:\/\/breviarium.blogspot.com\/2007\/05\/to-byo-pani-tak-trudno-zrobi-ten-krok.html\" target=\"_blank\" rel=\"noopener noreferrer\"><strong>KRONIKI NOVUS ORDO<\/strong><\/a><\/em><\/p>\r\n<h4>&nbsp;<\/h4>\r\n<hr style=\"background-color: #000000; border-width: 0; color: #000000; height: 2px; line-height: 0; text-align: center; width: 100%;\">\r\n<h4>&nbsp;<\/h4>\r\n<blockquote>\r\n<p><strong>ZOB. R\u00d3WNIE\u017b:<\/strong><\/p>\r\n<ul>\r\n\t<li><a class=\"content_sz\" href=\"http:\/\/www.bibula.com\/?p=00671\">Papie\u017c Benedykt XVI zaostrzy\u0142 przepisy dotycz\u0105ce udzielania Komunii \u015awi\u0119tej<\/a><\/li>\r\n\t<li><a class=\"content_sz\" href=\"http:\/\/www.bibula.com\/?p=00430\">Nuncjusz papieski udzieli\u0142 Komunii \u015bw. proaborcyjnemu senatorowi John Kerry<\/a><\/li>\r\n\t<li><a class=\"content_sz\" href=\"http:\/\/www.bibula.com\/?p=00384\">Kl\u0119czysz przed Panem Bogiem? P\u00f3jdziesz do piek\u0142a!<\/a><\/li>\r\n\t<li><a class=\"content_sz\" href=\"http:\/\/www.bibula.com\/?p=00135\">&#8222;Kl\u0119kanie przed Bogiem jest ci\u0119\u017ckim grzechem!&#8221; &#8211; u\u015bwiadamiaj\u0105 ksi\u0119\u017ca w Kalifornii<\/a><\/li>\r\n<\/ul>\r\n<\/blockquote>\r\n<h4>&nbsp;<\/h4>\r\n<hr style=\"background-color: #000000; border-width: 0; color: #000000; height: 2px; line-height: 0; text-align: center; width: 100%;\">\r\n<h4>&nbsp;<\/h4>","protected":false},"excerpt":{"rendered":"Sobota 17 marca 2007 roku, Berlin. Tego dnia tradycj\u0105 tutejsz\u0105 jest tak zwany Marsz Pokutny, urz\u0105dzany rokrocznie przez Diecezj\u0119 Berli\u0144sk\u0105. Jest to swoista manifestacja \u201eresztek\u201d katolicyzmu! &#8211; w tym spogania\u0142ym mie\u015bcie. Procesja, z Krzy\u017cem wielko\u015bci oko\u0142o 5 metr\u00f3w, niesionym tradycyjnie ju\u017c przez kilkunastu cz\u0142onk\u00f3w Misji obcoj\u0119zycznych, porusza si\u0119 ulicami przez dzielnice blisko centrum le\u017c\u0105ce, wzd\u0142u\u017c [&hellip;]","protected":false},"author":1,"featured_media":0,"comment_status":"closed","ping_status":"open","sticky":false,"template":"","format":"standard","meta":{"_acf_changed":false,"_monsterinsights_skip_tracking":false,"_monsterinsights_sitenote_active":false,"_monsterinsights_sitenote_note":"","_monsterinsights_sitenote_category":0,"ngg_post_thumbnail":0,"footnotes":"","_wp_rev_ctl_limit":""},"categories":[3],"tags":[166,33],"acf":[],"_links":{"self":[{"href":"https:\/\/www.bibula.com\/index.php?rest_route=\/wp\/v2\/posts\/1015"}],"collection":[{"href":"https:\/\/www.bibula.com\/index.php?rest_route=\/wp\/v2\/posts"}],"about":[{"href":"https:\/\/www.bibula.com\/index.php?rest_route=\/wp\/v2\/types\/post"}],"author":[{"embeddable":true,"href":"https:\/\/www.bibula.com\/index.php?rest_route=\/wp\/v2\/users\/1"}],"replies":[{"embeddable":true,"href":"https:\/\/www.bibula.com\/index.php?rest_route=%2Fwp%2Fv2%2Fcomments&post=1015"}],"version-history":[{"count":0,"href":"https:\/\/www.bibula.com\/index.php?rest_route=\/wp\/v2\/posts\/1015\/revisions"}],"wp:attachment":[{"href":"https:\/\/www.bibula.com\/index.php?rest_route=%2Fwp%2Fv2%2Fmedia&parent=1015"}],"wp:term":[{"taxonomy":"category","embeddable":true,"href":"https:\/\/www.bibula.com\/index.php?rest_route=%2Fwp%2Fv2%2Fcategories&post=1015"},{"taxonomy":"post_tag","embeddable":true,"href":"https:\/\/www.bibula.com\/index.php?rest_route=%2Fwp%2Fv2%2Ftags&post=1015"}],"curies":[{"name":"wp","href":"https:\/\/api.w.org\/{rel}","templated":true}]}}