{"id":101432,"date":"2018-05-01T10:00:13","date_gmt":"2018-05-01T14:00:13","guid":{"rendered":"http:\/\/www.bibula.com\/?p=101432"},"modified":"2018-05-08T14:28:32","modified_gmt":"2018-05-08T18:28:32","slug":"sumlinski-geremek-byl-do-cna-zdemoralizowany","status":"publish","type":"post","link":"https:\/\/www.bibula.com\/?p=101432","title":{"rendered":"Sumli\u0144ski: Geremek by\u0142 do cna zdemoralizowany"},"content":{"rendered":"<p><strong>INFO: P. Wojciech Sumli\u0144ski, autor bestsellerowych ksi\u0105\u017cek literatury faktu, dotar\u0142 do bulwersuj\u0105cych szczeg\u00f3\u0142\u00f3w w sprawie \u015bmierci \u015bp. Bronislawa Geremka, by\u0142ego ministra spraw zagranicznych.<\/strong><\/p>\r\n<p>&#8211; M\u00f3wi si\u0119 o tym, \u017ce umieramy jak \u017cyjemy. Jak umar\u0142 Bronis\u0142aw Geremek &#8211; to nawet trudno o czym\u015b takim m\u00f3wi\u0107. Umar\u0142 oczywi\u015bcie w spos\u00f3b tragiczny, ale umar\u0142 tak jak \u017cy\u0142&nbsp; &#8211; w spos\u00f3b ma\u0142o godziwy. To jest bardzo delikatne sformu\u0142owanie. Umar\u0142 w towarzystwie tzw. asystentki. To by\u0142a jedna z takich asystentek, jakie z klubu Planeta dowozili do Pana Profesora ludzie pokroju Masy &#8211; czyli m\u0142ode dziewcz\u0119ta &#8211; powiedzia\u0142 p. Sumli\u0144ski w wypowiedzi dla portalu wrealu24.pl. &#8211; Wielki pan profesor by\u0142 seksoholikiem. By\u0142 cz\u0142owiekiem upad\u0142ym. By\u0142 cz\u0142owiekiem do cna zdemoralizowanym. Cz\u0142owiekiem, kt\u00f3ry gardzi\u0142 Polakami i gardzi\u0142 Ko\u015bcio\u0142em Katolickim &#8211; doda\u0142 publicysta.<\/p>\r\n<p>\u0179r\u00f3d\u0142o: <a href=\"https:\/\/www.youtube.com\/watch?v=1L94C17twKA\">youtube.com<\/a><\/p>\r\n<p>Opracowa\u0142: GK<\/p>\r\n<p class=\"zrodlo\">Za: <a href=\"http:\/\/korwin-mikke.pl\/wazne\/zobacz\/sumlinski_geremek_byl_do_cna_zdemoralizowany\/163713\">korwin-mikke.pl (01-05-2018)<\/a><\/p>\r\n<h4>&nbsp;<\/h4>\r\n<hr style=\"background-color: #000000; border-width: 0; color: #000000; height: 2px; line-height: 0; text-align: center; width: 100%;\">\r\n<h4>&nbsp;<\/h4>\r\n<h4>Koniecznie wys\u0142uchaj:<\/h4>\r\n<p>[youtube =1L94C17twKA]<\/p>\r\n<h4>&nbsp;<\/h4>\r\n<hr style=\"background-color: #000000; border-width: 0; color: #000000; height: 2px; line-height: 0; text-align: center; width: 100%;\">\r\n<h4>&nbsp;<\/h4>\r\n<h2>Sumli\u0144ski apeluje o usuni\u0119cie Geremka z Sejmu<\/h2>\r\n<p><strong>OPINIA: Jest wielkim nieporozumieniem, \u017ce jedna z sal sejmowych nosi imi\u0119 Bronis\u0142awa Geremka &#8211; stwierdzi\u0142 p. Wojciech Sumli\u0144ski, autor ksi\u0105\u017cek i publicysta.<\/strong><\/p>\r\n<p>&#8211; Geremek by\u0142 do szpiku ko\u015bci zak\u0142amany. Cale jego \u017cycie publiczne by\u0142o jednym wielkim teatrem. By\u0142 zupe\u0142nie kim\u015b innym ni\u017c nam przedstawiano. Jest nieporozumieniem, \u017ce jedna z sal sejmowych nosi jego imi\u0119. Tak jakby\u015bmy nie mieli prawdziwych autorytet\u00f3w czy bohater\u00f3w. B\u0119dziemy dociera\u0107 do os\u00f3b publicznych i b\u0119dziemy apelowa\u0107 o zmian\u0119 nazwy sali. Polacy maj\u0105 do\u015b\u0107 k\u0142amstw &#8211; podkre\u015bli\u0142 p. Sumli\u0144ski.<\/p>\r\n<p>&#8211; Geremek by\u0142 cz\u0119stym go\u015bciem jaskini rozpusty, jak\u0105 by\u0142a moja dyskoteka Planeta. Geremek by\u0142 znanym lubie\u017cnikiem. My\u015bl\u0119, \u017ce licznik mia\u0142 bogatszy ode mnie &#8211; stwierdzi\u0142 p. Jaros\u0142aw Soko\u0142owski, czyli \u015bwiadek koronny &#8222;Masa&#8221;.<\/p>\r\n<p>P. Sumli\u0144ski zaznaczy\u0142, \u017ce nie boi si\u0119 ewentualnych proces\u00f3w, bo wszystkie informacje, kt\u00f3re zawar\u0142 w swojej najnowszej ksi\u0105\u017cce, zosta\u0142y wielotorowo sprawdzone.<\/p>\r\n<p>\u0179r\u00f3d\u0142o: <a href=\"https:\/\/www.youtube.com\/watch?v=bxGGPknYN7Q\">youtube.com<\/a><\/p>\r\n<p>Opracowa\u0142: GK<\/p>\r\n<p>Za: korwin-mikke.pl (08-05-2018)<\/p>\r\n<h4>&nbsp;<\/h4>\r\n<hr style=\"background-color: #000000; border-width: 0; color: #000000; height: 2px; line-height: 0; text-align: center; width: 100%;\">\r\n<h4>&nbsp;<\/h4>","protected":false},"excerpt":{"rendered":"INFO: P. Wojciech Sumli\u0144ski, autor bestsellerowych ksi\u0105\u017cek literatury faktu, dotar\u0142 do bulwersuj\u0105cych szczeg\u00f3\u0142\u00f3w w sprawie \u015bmierci \u015bp. Bronislawa Geremka, by\u0142ego ministra spraw zagranicznych. &#8211; M\u00f3wi si\u0119 o tym, \u017ce umieramy jak \u017cyjemy. Jak umar\u0142 Bronis\u0142aw Geremek &#8211; to nawet trudno o czym\u015b takim m\u00f3wi\u0107. Umar\u0142 oczywi\u015bcie w spos\u00f3b tragiczny, ale umar\u0142 tak jak \u017cy\u0142&nbsp; &#8211; [&hellip;]","protected":false},"author":1,"featured_media":0,"comment_status":"closed","ping_status":"closed","sticky":false,"template":"","format":"standard","meta":{"_acf_changed":false,"_monsterinsights_skip_tracking":false,"_monsterinsights_sitenote_active":false,"_monsterinsights_sitenote_note":"","_monsterinsights_sitenote_category":0,"ngg_post_thumbnail":0,"footnotes":"","_wp_rev_ctl_limit":""},"categories":[9],"tags":[66,92,55,86],"acf":[],"_links":{"self":[{"href":"https:\/\/www.bibula.com\/index.php?rest_route=\/wp\/v2\/posts\/101432"}],"collection":[{"href":"https:\/\/www.bibula.com\/index.php?rest_route=\/wp\/v2\/posts"}],"about":[{"href":"https:\/\/www.bibula.com\/index.php?rest_route=\/wp\/v2\/types\/post"}],"author":[{"embeddable":true,"href":"https:\/\/www.bibula.com\/index.php?rest_route=\/wp\/v2\/users\/1"}],"replies":[{"embeddable":true,"href":"https:\/\/www.bibula.com\/index.php?rest_route=%2Fwp%2Fv2%2Fcomments&post=101432"}],"version-history":[{"count":0,"href":"https:\/\/www.bibula.com\/index.php?rest_route=\/wp\/v2\/posts\/101432\/revisions"}],"wp:attachment":[{"href":"https:\/\/www.bibula.com\/index.php?rest_route=%2Fwp%2Fv2%2Fmedia&parent=101432"}],"wp:term":[{"taxonomy":"category","embeddable":true,"href":"https:\/\/www.bibula.com\/index.php?rest_route=%2Fwp%2Fv2%2Fcategories&post=101432"},{"taxonomy":"post_tag","embeddable":true,"href":"https:\/\/www.bibula.com\/index.php?rest_route=%2Fwp%2Fv2%2Ftags&post=101432"}],"curies":[{"name":"wp","href":"https:\/\/api.w.org\/{rel}","templated":true}]}}