{"id":101208,"date":"2018-04-19T10:30:31","date_gmt":"2018-04-19T14:30:31","guid":{"rendered":"http:\/\/www.bibula.com\/?p=101208"},"modified":"2018-04-19T10:30:31","modified_gmt":"2018-04-19T14:30:31","slug":"historia-zatacza-kolo-stanislaw-michalkiewicz","status":"publish","type":"post","link":"https:\/\/www.bibula.com\/?p=101208","title":{"rendered":"Historia zatacza ko\u0142o? &#8211; <em>Stanis\u0142aw Michalkiewicz<\/em>"},"content":{"rendered":"<p>Szanowni Pa\u0144stwo!<\/p>\r\n<p>Kiedy w roku 1919 i 1920 w Sejmie Polski Odrodzonej toczy\u0142a si\u0119 debata nad przysz\u0142\u0105 konstytucj\u0105 pa\u0144stwa polskiego, grupa parlamentarzyst\u00f3w \u017cydowskich wysun\u0119\u0142a projekt, by zwarte skupiska ludno\u015bci \u017cydowskiej w miastach i miasteczkach na terenie Polski, mia\u0142y status eksterytorialny. Konstytucja marcowa z 1921 roku stan\u0119\u0142a jednak na gruncie unitarno\u015bci pa\u0144stwa i poza G\u00f3rnym \u015al\u0105skiem, kt\u00f3ry otrzyma\u0142 autonomi\u0119, a w Katowicach &#8211; \u015bl\u0105ski Sejm &#8211; \u017cadnych eksterytorialno\u015bci nie by\u0142o. Ciekawe, \u017ce tamten postulat \u017cydowskich parlamentarzyst\u00f3w spe\u0142nili dopiero Niemcy w czasie okupacji &#8211; ale oczywi\u015bcie, po swojemu &#8211; tworz\u0105c getta, kt\u00f3re nie podlega\u0142y komisarycznej administracji samorz\u0105dowej polskiej, tylko bezpo\u015brednio niemieckiej. \u0141\u00f3dzkie getto mia\u0142o nawet w\u0142asn\u0105 walut\u0119 w postaci tzw. \u201e<i>chaimek<\/i>\u201d &#8211; od imienia prezesa tamtejszego Judenratu, Chaima Rumkowskiego.<\/p>\r\n<p>Wspominam o tym wszystkim, bo akurat wielkimi krokami zbli\u017ca si\u0119 kolejna 75 rocznica Powstania w Getcie Warszawskim. Z tej okazji w\u0142adze Rzeczypospolitej Polskiej organizuj\u0105 rocznicowe uroczysto\u015bci. Jak si\u0119 jednak okazuje, znaczna cz\u0119\u015b\u0107, a mo\u017ce nawet wszystkie \u015brodowiska \u017cydowskie w Polsce, postanowi\u0142y te oficjalne obchody zbojkotowa\u0107, pod pretekstem niezgody z lini\u0105 polityczn\u0105 obecnego rz\u0105du. Akurat zbieg\u0142o si\u0119 to w czasie nie tylko z krytyk\u0105, z jak\u0105 ze strony Izraela i \u015brodowisk \u017cydowskich na \u015bwiecie, spotka\u0142a si\u0119 pr\u00f3ba nowelizacji ustawy o Instytucie Pami\u0119ci Narodowej, polegaj\u0105ca na dodaniu do istniej\u0105cego ju\u017c od roku 1998 art. 55, przewiduj\u0105cego karalno\u015b\u0107 tzw. \u201e<i>k\u0142amstwa o\u015bwi\u0119cimskiego<\/i>\u201d, a wi\u0119c ka\u017cdej wypowiedzi niezgodnej z zatwierdzon\u0105 do wierzenia wersj\u0105 historii II wojny \u015bwiatowej, a zw\u0142aszcza &#8211; historii masakry europejskich \u017byd\u00f3w przez Rzesz\u0119 Niemieck\u0105 w latach II wojny \u015bwiatowej. Nowelizacja z inicjatywy polskiej by\u0142a &#8211; powiedzmy sobie szczerze &#8211; niezbyt udan\u0105 pr\u00f3b\u0105 skorzystania z takiego samego narz\u0119dzia dla ochrony reputacji narodu polskiego, kt\u00f3remu \u015brodowiska \u017cydowskie, a ostatnio &#8211; r\u00f3wnie\u017c prezydent Izraela &#8211; pr\u00f3buj\u0105 przyprawi\u0107 odra\u017caj\u0105cy wizerunek narodu morderc\u00f3w. Zbieg\u0142o si\u0119 to r\u00f3wnie\u017c z nasileniem nacisk\u00f3w na Polsk\u0119, by zado\u015b\u0107uczyni\u0142a \u017cydowskim roszczeniom maj\u0105tkowym, szacowanym obecnie na ponad 300 miliard\u00f3w dolar\u00f3w &#8211; bo taka w\u0142a\u015bnie kwota zosta\u0142a wymieniona w li\u015bcie, jaki \u015awiatowa Organizacja Restytucji Mienia \u017bydowskiego z Nowego Jorku przekaza\u0142a Ministerstwu Sprawiedliwo\u015bci w Warszawie w zwi\u0105zku z pracami nad ustaw\u0105 \u201e<i>reprywatyzacyjn\u0105<\/i>\u201d. Wyrazem nasilenia tych nacisk\u00f3w by\u0142 nie tylko list do premiera Morawieckiego, by nie oci\u0105ga\u0142 si\u0119 z zado\u015b\u0107uczynieniem tym roszczeniom, podpisany przez 59 senator\u00f3w Stan\u00f3w Zjednoczonych, ale przede wszystkim &#8211; ameryka\u0144ska ustawa, kt\u00f3ra w Izbie Reprezentant\u00f3w Kongresu USA nosi numer HR1226. Stwarza ona dla Polski i dla narodu polskiego \u015bmiertelne niebezpiecze\u0144stwo i dlatego od grudnia ubieg\u0142ego roku grupa dzia\u0142aczy Polonii Ameryka\u0144skiej podj\u0119\u0142a desperack\u0105 pr\u00f3b\u0119 przekonania kongresman\u00f3w, by jej nie uchwalali. Warto zwr\u00f3ci\u0107 uwag\u0119, \u017ce ani prezes Jaros\u0142aw Kaczy\u0144ski, ani prezydent Andrzej Duda, ani premier Mateusz Morawiecki, nie wypowiedzieli si\u0119 na ten temat ani s\u0142owem, a i rz\u0105dowa telewizja, podobnie jak inne prorz\u0105dowe media, zachowuj\u0105 w tej sprawie podejrzan\u0105 pow\u015bci\u0105gliwo\u015b\u0107. Nawet podczas ostatnich obchod\u00f3w rocznicy katastrofy smole\u0144skiej w \u201e<i>Ameryka\u0144skiej Cz\u0119stochowie<\/i>\u201d, w kt\u00f3rej wzi\u0119\u0142y udzia\u0142 liczne osobisto\u015bci z Polski, ta sprawa by\u0142a pomini\u0119ta milczeniem, chocia\u017c by\u0142 to znakomity pretekst, by zmobilizowa\u0107 Polak\u00f3w maj\u0105cych ameryka\u0144skie obywatelstwo do pisania list\u00f3w do \u201e<i>swoich<\/i>\u201d kongresman\u00f3w, by nie g\u0142osowali za wspomnian\u0105 ustaw\u0105.<\/p>\r\n<p>Wida\u0107 jednak, \u017ce to potulne milczenie w\u0142adz pa\u0144stwowych nie robi ju\u017c najmniejszego wra\u017cenia na \u015brodowiskach \u017cydowskich ani za granic\u0105, ani w Polsce, kt\u00f3re najwyra\u017aniej d\u0105\u017c\u0105, je\u015bli nawet nie do jakiej\u015b formalnej eksterytorialno\u015bci, to w ka\u017cdym razie &#8211; do wyra\u017anego zaznaczenia swej odr\u0119bno\u015bci od pa\u0144stwa i spo\u0142ecze\u0144stwa polskiego &#8211; bo temu w\u0142a\u015bnie s\u0142u\u017cy nie tylko ostentacyjny bojkot oficjalnych uroczysto\u015bci, ale przede wszystkim &#8211; inicjatywa alternatywnych obchod\u00f3w 75 rocznicy powstania w Getcie Warszawskim, w kt\u00f3rej \u015brodowiska \u017cydowskie wyst\u0105pi\u0142yby rami\u0119 przy ramieniu z totaln\u0105 opozycj\u0105. Poniewa\u017c wszelkie poszlaki wskazuj\u0105, \u017ce totalna opozycja realizuje scenariusz odzyskiwania wp\u0142yw\u00f3w politycznych w Polsce przez Niemcy, a jak wiadomo, \u017cydowska polityka historyczna jest na obecnym etapie \u015bci\u015ble skoordynowana z niemieck\u0105, to znaczy, \u017ce rz\u0105dowi nie pomaga nawet rywalizowanie z totaln\u0105 opozycj\u0105 w gorliwo\u015bci.<\/p>\r\n<p><strong><em>Stanis\u0142aw Michalkiewicz<\/em><\/strong><\/p>\r\n<p>Felieton &nbsp;<b>\u2022<\/b>&nbsp; Radio Maryja &nbsp;<b>\u2022<\/b>&nbsp; 19 kwietnia 2018<\/p>\r\n<p><i>Sta\u0142y komentarz Stanis\u0142awa Michalkiewicza z cyklu \u201eMy\u015bl\u0105c Ojczyzna\u201d jest emitowany w Radiu Maryja w ka\u017cd\u0105 \u015brod\u0119 o godz. 20.50. Komentarze nie s\u0105 emitowane podczas przerwy wakacyjnej w lipcu i sierpniu.<\/i> <br>\r\n <br>\r\n <a title=\"\" href=\"http:\/\/www.radiomaryja.pl\/szukaj\/?q=Stanis%C5%82aw+Michalkiewicz\">Tu znajdziesz komentarze w plikach mp3 &#8211; do wys\u0142uchania lub \u015bci\u0105gni\u0119cia<\/a>.<\/p>","protected":false},"excerpt":{"rendered":"Szanowni Pa\u0144stwo! Kiedy w roku 1919 i 1920 w Sejmie Polski Odrodzonej toczy\u0142a si\u0119 debata nad przysz\u0142\u0105 konstytucj\u0105 pa\u0144stwa polskiego, grupa parlamentarzyst\u00f3w \u017cydowskich wysun\u0119\u0142a projekt, by zwarte skupiska ludno\u015bci \u017cydowskiej w miastach i miasteczkach na terenie Polski, mia\u0142y status eksterytorialny. Konstytucja marcowa z 1921 roku stan\u0119\u0142a jednak na gruncie unitarno\u015bci pa\u0144stwa i poza G\u00f3rnym \u015al\u0105skiem, [&hellip;]","protected":false},"author":1,"featured_media":0,"comment_status":"closed","ping_status":"closed","sticky":false,"template":"","format":"standard","meta":{"_acf_changed":false,"_monsterinsights_skip_tracking":false,"_monsterinsights_sitenote_active":false,"_monsterinsights_sitenote_note":"","_monsterinsights_sitenote_category":0,"ngg_post_thumbnail":0,"footnotes":"","_wp_rev_ctl_limit":""},"categories":[9],"tags":[65,22,30,98,53,34,221,59],"acf":[],"_links":{"self":[{"href":"https:\/\/www.bibula.com\/index.php?rest_route=\/wp\/v2\/posts\/101208"}],"collection":[{"href":"https:\/\/www.bibula.com\/index.php?rest_route=\/wp\/v2\/posts"}],"about":[{"href":"https:\/\/www.bibula.com\/index.php?rest_route=\/wp\/v2\/types\/post"}],"author":[{"embeddable":true,"href":"https:\/\/www.bibula.com\/index.php?rest_route=\/wp\/v2\/users\/1"}],"replies":[{"embeddable":true,"href":"https:\/\/www.bibula.com\/index.php?rest_route=%2Fwp%2Fv2%2Fcomments&post=101208"}],"version-history":[{"count":0,"href":"https:\/\/www.bibula.com\/index.php?rest_route=\/wp\/v2\/posts\/101208\/revisions"}],"wp:attachment":[{"href":"https:\/\/www.bibula.com\/index.php?rest_route=%2Fwp%2Fv2%2Fmedia&parent=101208"}],"wp:term":[{"taxonomy":"category","embeddable":true,"href":"https:\/\/www.bibula.com\/index.php?rest_route=%2Fwp%2Fv2%2Fcategories&post=101208"},{"taxonomy":"post_tag","embeddable":true,"href":"https:\/\/www.bibula.com\/index.php?rest_route=%2Fwp%2Fv2%2Ftags&post=101208"}],"curies":[{"name":"wp","href":"https:\/\/api.w.org\/{rel}","templated":true}]}}