{"id":100709,"date":"2018-03-26T10:38:12","date_gmt":"2018-03-26T14:38:12","guid":{"rendered":"http:\/\/www.bibula.com\/?p=100709"},"modified":"2018-03-26T10:38:12","modified_gmt":"2018-03-26T14:38:12","slug":"wielkanocna-militaryzacja-rzymu-wladze-obawiaja-sie-efektow-ubogacenia-kulturowego","status":"publish","type":"post","link":"https:\/\/www.bibula.com\/?p=100709","title":{"rendered":"Wielkanocna militaryzacja Rzymu. W\u0142adze obawiaj\u0105 si\u0119 efekt\u00f3w \u201eubogacenia kulturowego&#8221;"},"content":{"rendered":"<p><strong>\u201eDwa tysi\u0105ce policjant\u00f3w i karabinier\u00f3w czuwa\u0107 b\u0119dzie nad bezpiecze\u0144stwem w Rzymie podczas Wielkiego Tygodnia\u201d &#8211; poinformowa\u0142 w poniedzia\u0142ek w\u0142oski dziennik \u201eCorriere della Sera\u201d.<\/strong><\/p>\r\n<p>W Rzymie obecnie obowi\u0105zuje stan alarmowy. Ma to zwi\u0105zek z informacjami, jakie przekazano tamtejszej policji na temat obecno\u015bci w mie\u015bcie przygotowuj\u0105cego zamach terrorystyczny Tunezyjczyka.<\/p>\r\n<p>W\u0142oskie s\u0142u\u017cby b\u0119d\u0105 w stanie najwy\u017cszej gotowo\u015bci w Wielki Pi\u0105tek podczas Drogi Krzy\u017cowej w Koloseum, kt\u00f3rej b\u0119dzie przewodniczy\u0142 Franciszek, oraz w Wielkanocn\u0105 Niedziel\u0119 podczas Mszy \u015awi\u0119tej na placu \u015awi\u0119tego Piotra.<\/p>\r\n<p>\u201eCorriere della Sera\u201d przypomina, \u017ce w samym Rzymie znajduje si\u0119 4400 zabytk\u00f3w i innych atrakcji turystycznych, w tym 400 o \u201epriorytetowym znaczeniu\u201d. Niekt\u00f3re z nich s\u0105 pilnowane przez wojsko.<\/p>\r\n<p>Dodatkowe \u015brodki bezpiecze\u0144stwa w Rzymie wprowadzono na pocz\u0105tku roku 2015 po ataku d\u017cihadyst\u00f3w na redakcj\u0119 \u201eCharlie Hebdo\u201d w Pary\u017cu. W\u0142oskie s\u0142u\u017cby zosta\u0142y w\u00f3wczas oddelegowane do zapewnienia specjalnej ochrony Koloseum i Watykanowi oraz stacjom kolei i metra, lotniskom, plac\u00f3wkom dyplomatycznym oraz dzielnicom Zatybrze i Testaccio.<\/p>\r\n<p>Wed\u0142ug w\u0142adz Rzymu w czasie Wielkiego Tygodnia pojawi si\u0119 w Rzymie oko\u0142o p\u00f3\u0142 miliona pielgrzym\u00f3w i turyst\u00f3w.<\/p>\r\n<p>\u0179r\u00f3d\u0142o: rmf24.pl<\/p>\r\n<p>TK<\/p>","protected":false},"excerpt":{"rendered":"\u201eDwa tysi\u0105ce policjant\u00f3w i karabinier\u00f3w czuwa\u0107 b\u0119dzie nad bezpiecze\u0144stwem w Rzymie podczas Wielkiego Tygodnia\u201d &#8211; poinformowa\u0142 w poniedzia\u0142ek w\u0142oski dziennik \u201eCorriere della Sera\u201d. W Rzymie obecnie obowi\u0105zuje stan alarmowy. Ma to zwi\u0105zek z informacjami, jakie przekazano tamtejszej policji na temat obecno\u015bci w mie\u015bcie przygotowuj\u0105cego zamach terrorystyczny Tunezyjczyka. W\u0142oskie s\u0142u\u017cby b\u0119d\u0105 w stanie najwy\u017cszej gotowo\u015bci w [&hellip;]","protected":false},"author":1,"featured_media":0,"comment_status":"closed","ping_status":"closed","sticky":false,"template":"","format":"standard","meta":{"_acf_changed":false,"_monsterinsights_skip_tracking":false,"_monsterinsights_sitenote_active":false,"_monsterinsights_sitenote_note":"","_monsterinsights_sitenote_category":0,"ngg_post_thumbnail":0,"footnotes":"","_wp_rev_ctl_limit":""},"categories":[6],"tags":[76,207,271,136],"acf":[],"_links":{"self":[{"href":"https:\/\/www.bibula.com\/index.php?rest_route=\/wp\/v2\/posts\/100709"}],"collection":[{"href":"https:\/\/www.bibula.com\/index.php?rest_route=\/wp\/v2\/posts"}],"about":[{"href":"https:\/\/www.bibula.com\/index.php?rest_route=\/wp\/v2\/types\/post"}],"author":[{"embeddable":true,"href":"https:\/\/www.bibula.com\/index.php?rest_route=\/wp\/v2\/users\/1"}],"replies":[{"embeddable":true,"href":"https:\/\/www.bibula.com\/index.php?rest_route=%2Fwp%2Fv2%2Fcomments&post=100709"}],"version-history":[{"count":0,"href":"https:\/\/www.bibula.com\/index.php?rest_route=\/wp\/v2\/posts\/100709\/revisions"}],"wp:attachment":[{"href":"https:\/\/www.bibula.com\/index.php?rest_route=%2Fwp%2Fv2%2Fmedia&parent=100709"}],"wp:term":[{"taxonomy":"category","embeddable":true,"href":"https:\/\/www.bibula.com\/index.php?rest_route=%2Fwp%2Fv2%2Fcategories&post=100709"},{"taxonomy":"post_tag","embeddable":true,"href":"https:\/\/www.bibula.com\/index.php?rest_route=%2Fwp%2Fv2%2Ftags&post=100709"}],"curies":[{"name":"wp","href":"https:\/\/api.w.org\/{rel}","templated":true}]}}