{"id":100654,"date":"2018-03-26T06:50:57","date_gmt":"2018-03-26T10:50:57","guid":{"rendered":"http:\/\/www.bibula.com\/?p=100654"},"modified":"2018-03-25T16:45:32","modified_gmt":"2018-03-25T20:45:32","slug":"kardynal-obnaza-klamstwa-gnostykow-i-ezoterykow-proponuja-zgubne-dla-duszy-praktyki","status":"publish","type":"post","link":"https:\/\/www.bibula.com\/?p=100654","title":{"rendered":"Kardyna\u0142 obna\u017ca k\u0142amstwa gnostyk\u00f3w i ezoteryk\u00f3w. Proponuj\u0105 zgubne dla duszy praktyki"},"content":{"rendered":"<p><strong>Kard. Paul&nbsp; Cordes przestrzega przed zgubnymi ideami ezoteryzmu i gnozy. G\u0142oszone przez te nurty my\u015blowe \u201esamozbawienie\u201d jest zwyk\u0142ym k\u0142amstwem i jasno odrzuca je katolickie Magisterium.<\/strong><\/p>\r\n<p>W przeciwie\u0144stwie do r\u00f3\u017cnej ma\u015bci ezoteryk\u00f3w chrze\u015bcijanie wyznaj\u0105 wiar\u0119 \u201ew Boga, kt\u00f3ry wychodzi nam naprzeciw\u201d. Podkre\u015bla\u0142 to emerytowany kardyna\u0142 kurialny pochodz\u0105cy z Niemiec, Paul Josef Cordes, wieloletni przewodnicz\u0105cy Papieskiej Rady \u201eCor Unum\u201d. Hierarcha uczestniczy\u0142 w dwudniowej konferencji w Filozoficzno-Teologicznej Szkole Wy\u017cszej Benedykta XVI w Heiligenkreuz w Austrii. Odbywa\u0142a si\u0119 pod nazw\u0105: \u201eZbawienie czy samozbawienie? Odpowied\u017a wiary chrze\u015bcija\u0144skiej na gnoz\u0119 i ezoteryk\u0119\u201d.<\/p>\r\n<p>Kardyna\u0142 Cordes wspomina\u0142, \u017ce ju\u017c w czasach jego studi\u00f3w oferowano m\u0142odzie\u017cy \u201ejog\u0119 dla chrze\u015bcijan\u201d. Studentom obiecywano \u201eodpr\u0119\u017cenie\u201d, tak samo jak dzi\u015b w ramach wielu praktyk ezoterycznych i dalekowschodnich. Jog\u0119 oferowano nawet w plac\u00f3wkach chrze\u015bcija\u0144skich. &#8211; <em>Dzi\u015b widzimy ju\u017c jednak, \u017ce liczne praktyki medytacyjne nie uczyni\u0142y nas wcale zdrowszymi i spokojniejszymi<\/em> &#8211; powiedzia\u0142. Cordes podkre\u015bli\u0142, \u017ce w popularnym ruchu \u201eNew Age\u201d krzewi\u0105 si\u0119 szeroko teorie samozbawienia, kt\u00f3re katolicka wiara odrzuca i jasno pot\u0119pia ju\u017c od ca\u0142ych stuleci. Taka filozofia stoi w wyra\u017anej sprzeczno\u015bci z \u017cyciem i nauczaniem Jezusa Chrystusa.<\/p>\r\n<p>Jak uzupe\u0142ni\u0142 my\u015bl kardyna\u0142a opat cysterskiego klasztoru w Heiligenkreuz, o. Maximilian Abt, gnostycka filozofia ze swoim odrzuceniem Stw\u00f3rcy jest wr\u0119cz \u201ekontrprojektem\u201d wobec chrze\u015bcija\u0144stwa.<\/p>\r\n<p>Z kolei rektor Wy\u017cszej Szko\u0142y, profesor dogmatyki o. Karl Wallner, wskazywa\u0142, \u017ce samo imi\u0119 \u201eJezus\u201d jest ju\u017c programem fundamentalnie odmiennym od gnostyckiej wizji. &#8211; <em>Dzieci\u0119 zgodnie z wol\u0105 Boga mia\u0142o nosi\u0107 imi\u0119 Jezus, co oznacza <\/em>B\u00f3g zbawia<em>, albowiem On zbawi sw\u00f3j lud od jego grzech\u00f3w<\/em> &#8211; m\u00f3wi, o. Wallner cytuj\u0105c Ewangeli\u0119 wg \u015bw. Mateusza.<\/p>\r\n<p>Profesor zaznaczy\u0142, \u017ce chrze\u015bcijanie &#8211; zw\u0142aszcza na Zachodzie &#8211; musz\u0105 przyjrze\u0107 si\u0119 swojej wierze w zbawcz\u0105 moc Chrystusa, bo popada ona w coraz wi\u0119ksze zapomnienie nawet w teologii. Katolik nie mo\u017ce skupia\u0107 si\u0119 tylko na zaanga\u017cowaniu charytatywnym, spo\u0142ecznym czy politycznym, pozostaj\u0105c \u015blepym na zbawczy wymiar swojej wiary, przestrzega\u0142 dogmatyk.<\/p>\r\n<p>Pach<\/p>\r\n<p>\u0179r\u00f3d\u0142o: kath.net<\/p>","protected":false},"excerpt":{"rendered":"Kard. Paul&nbsp; Cordes przestrzega przed zgubnymi ideami ezoteryzmu i gnozy. G\u0142oszone przez te nurty my\u015blowe \u201esamozbawienie\u201d jest zwyk\u0142ym k\u0142amstwem i jasno odrzuca je katolickie Magisterium. W przeciwie\u0144stwie do r\u00f3\u017cnej ma\u015bci ezoteryk\u00f3w chrze\u015bcijanie wyznaj\u0105 wiar\u0119 \u201ew Boga, kt\u00f3ry wychodzi nam naprzeciw\u201d. Podkre\u015bla\u0142 to emerytowany kardyna\u0142 kurialny pochodz\u0105cy z Niemiec, Paul Josef Cordes, wieloletni przewodnicz\u0105cy Papieskiej Rady [&hellip;]","protected":false},"author":1,"featured_media":0,"comment_status":"closed","ping_status":"closed","sticky":false,"template":"","format":"standard","meta":{"_acf_changed":false,"_monsterinsights_skip_tracking":false,"_monsterinsights_sitenote_active":false,"_monsterinsights_sitenote_note":"","_monsterinsights_sitenote_category":0,"ngg_post_thumbnail":0,"footnotes":"","_wp_rev_ctl_limit":""},"categories":[3],"tags":[132,39,33],"acf":[],"_links":{"self":[{"href":"https:\/\/www.bibula.com\/index.php?rest_route=\/wp\/v2\/posts\/100654"}],"collection":[{"href":"https:\/\/www.bibula.com\/index.php?rest_route=\/wp\/v2\/posts"}],"about":[{"href":"https:\/\/www.bibula.com\/index.php?rest_route=\/wp\/v2\/types\/post"}],"author":[{"embeddable":true,"href":"https:\/\/www.bibula.com\/index.php?rest_route=\/wp\/v2\/users\/1"}],"replies":[{"embeddable":true,"href":"https:\/\/www.bibula.com\/index.php?rest_route=%2Fwp%2Fv2%2Fcomments&post=100654"}],"version-history":[{"count":0,"href":"https:\/\/www.bibula.com\/index.php?rest_route=\/wp\/v2\/posts\/100654\/revisions"}],"wp:attachment":[{"href":"https:\/\/www.bibula.com\/index.php?rest_route=%2Fwp%2Fv2%2Fmedia&parent=100654"}],"wp:term":[{"taxonomy":"category","embeddable":true,"href":"https:\/\/www.bibula.com\/index.php?rest_route=%2Fwp%2Fv2%2Fcategories&post=100654"},{"taxonomy":"post_tag","embeddable":true,"href":"https:\/\/www.bibula.com\/index.php?rest_route=%2Fwp%2Fv2%2Ftags&post=100654"}],"curies":[{"name":"wp","href":"https:\/\/api.w.org\/{rel}","templated":true}]}}