{"id":100461,"date":"2018-03-16T13:05:22","date_gmt":"2018-03-16T17:05:22","guid":{"rendered":"http:\/\/www.bibula.com\/?p=100461"},"modified":"2018-03-16T13:05:39","modified_gmt":"2018-03-16T17:05:39","slug":"yad-vashem-klamie-o-historii-podpis-zdjecia-informuje-o-polskiej-policji-pilnujacej-getta","status":"publish","type":"post","link":"https:\/\/www.bibula.com\/?p=100461","title":{"rendered":"Yad Vashem k\u0142amie o historii! Podpis zdj\u0119cia informuje o polskiej policji pilnuj\u0105cej getta"},"content":{"rendered":"<p><strong>Polsk\u0105 pielgrzymk\u0119 do Izraela zbulwersowa\u0142 podpis pod zdj\u0119ciem przedstawiaj\u0105cym bram\u0119 \u0142\u00f3dzkiego getta. Napis w Instytucie Yad Vashem g\u0142osi, \u017ce miejsca pilnowali niemieccy \u017co\u0142nierze oraz\u2026 polska policja.<\/strong><\/p>\r\n<p>\u201eBrama wej\u015bciowa do getta w \u0141odzi. By\u0142a strze\u017cona przez niemieckich \u017co\u0142nierzy i polsk\u0105 policj\u0119 24 godziny na dob\u0119\u201d &#8211; g\u0142osi napis, kt\u00f3ry oburzy\u0142 Polak\u00f3w goszcz\u0105cych w Izraelu.<\/p>\r\n<p>&#8211; <em>Tych bram pilnowa\u0142a \u017cydowska policja, wprawdzie ona formalnie nie nazywa\u0142a si\u0119 \u017cydowsk\u0105, tylko s\u0142u\u017cb\u0105 porz\u0105dkow\u0105, w j\u0119zyku niemieckim brzmia\u0142o to Ordnungsdienst. Policji polskiej nie by\u0142o na terenie \u00f3wczesnego Warthegau, taka formacja nie mog\u0142a zaistnie\u0107<\/em> &#8211; powiedzia\u0142 cytowany przez tvp.info Bogdan Michalski, weteran II wojny \u015bwiatowej, by\u0142y \u017co\u0142nierz Armii Krajowej i uczestnik pielgrzymki, kt\u00f3ra dostrzeg\u0142a fa\u0142sz historyczny w Instytucie Yad Washem.<\/p>\r\n<p>Zdaniem Tadeusza P\u0142u\u017ca\u0144skiego sprawa jest przykra, gdy\u017c tak\u0105 ewidentn\u0105 nieprawd\u0119 zobaczyli \u017co\u0142nierze Armii Krajowej oraz polscy Sprawiedliwi W\u015br\u00f3d Narod\u00f3w \u015awiata, a wi\u0119c osoby ratuj\u0105ce \u017byd\u00f3w, wchodz\u0105ce w sk\u0142ad polskiej delegacji.<\/p>\r\n<p>W skandalicznej sprawie g\u0142os zabra\u0142a polska dyplomacja. Wiceminister spraw zagranicznych, uczestnik pielgrzymki do Izraela, zwr\u00f3ci\u0142 si\u0119 w tej sprawie do polskiej plac\u00f3wki dyplomatycznej w Izraelu.<\/p>\r\n<p>&#8211; <em>Nie zostawimy tej sprawy<\/em> &#8211; zapowiada Jan Dziedziczak chwal\u0105c pomys\u0142, by w trakcie kryzysu w relacjach Polski i Izraela przywie\u017a\u0107 do tego kraju polskich kombatant\u00f3w, \u015bwiadk\u00f3w II wojny \u015bwiatowej, kt\u00f3rzy maj\u0105 okazj\u0119 m\u00f3wi\u0107 tam prawd\u0119 o tym, jak zachowywali si\u0119 Niemcy, jak Polacy, a jak \u017bydzi.<\/p>\r\n<p>\u0179r\u00f3d\u0142o: tvp.info<\/p>\r\n<p>MW\u0142<\/p>","protected":false},"excerpt":{"rendered":"Polsk\u0105 pielgrzymk\u0119 do Izraela zbulwersowa\u0142 podpis pod zdj\u0119ciem przedstawiaj\u0105cym bram\u0119 \u0142\u00f3dzkiego getta. Napis w Instytucie Yad Vashem g\u0142osi, \u017ce miejsca pilnowali niemieccy \u017co\u0142nierze oraz\u2026 polska policja. \u201eBrama wej\u015bciowa do getta w \u0141odzi. By\u0142a strze\u017cona przez niemieckich \u017co\u0142nierzy i polsk\u0105 policj\u0119 24 godziny na dob\u0119\u201d &#8211; g\u0142osi napis, kt\u00f3ry oburzy\u0142 Polak\u00f3w goszcz\u0105cych w Izraelu. &#8211; Tych [&hellip;]","protected":false},"author":1,"featured_media":0,"comment_status":"closed","ping_status":"closed","sticky":false,"template":"","format":"standard","meta":{"_acf_changed":false,"_monsterinsights_skip_tracking":false,"_monsterinsights_sitenote_active":false,"_monsterinsights_sitenote_note":"","_monsterinsights_sitenote_category":0,"ngg_post_thumbnail":0,"footnotes":"","_wp_rev_ctl_limit":""},"categories":[6],"tags":[65,22,61,53,20,59],"acf":[],"_links":{"self":[{"href":"https:\/\/www.bibula.com\/index.php?rest_route=\/wp\/v2\/posts\/100461"}],"collection":[{"href":"https:\/\/www.bibula.com\/index.php?rest_route=\/wp\/v2\/posts"}],"about":[{"href":"https:\/\/www.bibula.com\/index.php?rest_route=\/wp\/v2\/types\/post"}],"author":[{"embeddable":true,"href":"https:\/\/www.bibula.com\/index.php?rest_route=\/wp\/v2\/users\/1"}],"replies":[{"embeddable":true,"href":"https:\/\/www.bibula.com\/index.php?rest_route=%2Fwp%2Fv2%2Fcomments&post=100461"}],"version-history":[{"count":0,"href":"https:\/\/www.bibula.com\/index.php?rest_route=\/wp\/v2\/posts\/100461\/revisions"}],"wp:attachment":[{"href":"https:\/\/www.bibula.com\/index.php?rest_route=%2Fwp%2Fv2%2Fmedia&parent=100461"}],"wp:term":[{"taxonomy":"category","embeddable":true,"href":"https:\/\/www.bibula.com\/index.php?rest_route=%2Fwp%2Fv2%2Fcategories&post=100461"},{"taxonomy":"post_tag","embeddable":true,"href":"https:\/\/www.bibula.com\/index.php?rest_route=%2Fwp%2Fv2%2Ftags&post=100461"}],"curies":[{"name":"wp","href":"https:\/\/api.w.org\/{rel}","templated":true}]}}