{"id":100430,"date":"2018-03-15T11:08:15","date_gmt":"2018-03-15T15:08:15","guid":{"rendered":"http:\/\/www.bibula.com\/?p=100430"},"modified":"2018-03-15T11:57:48","modified_gmt":"2018-03-15T15:57:48","slug":"klub-z-sankt-gallen-dokad-zmierza-kosciol","status":"publish","type":"post","link":"https:\/\/www.bibula.com\/?p=100430","title":{"rendered":"\u201eKlub z Sankt Gallen&#8221;. Dok\u0105d zmierza Ko\u015bci\u00f3\u0142?"},"content":{"rendered":"<p><strong>\u201eKlub mafijny z Sankt Gallen\u201d to okre\u015blenie brzmi\u0105ce tajemniczo. A tak\u017ce, jak powiedzia\u0142 jeden z jego cz\u0142onk\u00f3w, presti\u017cowo. Istotne jest jednak nie nazewnictwo, lecz rola odgrywana przez t\u0119 grup\u0119 we wsp\u00f3\u0142czesnym Ko\u015bciele. Liberalny kierunek, w kt\u00f3rym pod\u0105\u017ca wielu hierarch\u00f3w, to w znacznej mierze zas\u0142uga tej nieformalnej organizacji.<\/strong><\/p>\r\n<p>W sferze publicznej sformu\u0142owanie \u201emafia\u201d czy \u201eklub mafijny\u201d wobec grupy ko\u015bcielnych hierarch\u00f3w pojawi\u0142o si\u0119 w mediach w roku 2015, gdy grup\u0119 okre\u015bli\u0142 tym mianem kardyna\u0142 Gotfried Daneels. Podczas prezentacji swej ksi\u0105\u017ckowej biografii u\u017cyl w\u0142a\u015bnie takiego, \u201e\u017cartobliwego\u201d okre\u015blenia. Tymczasem to w\u0142a\u015bnie ten kardyna\u0142 towarzyszy\u0142 papie\u017cowi Franciszkowi podczas pierwszego spotkania z wiernymi po wyborze &#8211; na loggi Bazyliki \u015awi\u0119tego Piotra.<\/p>\r\n<p>Pierwszy raz cz\u0142onkowie grupy spotkali si\u0119 w 1996 roku, a ostatni w 2006 roku. Gospodarzem by\u0142 belgijski liberalny biskup Sankt Gallen Ivo F\u00fcrer. Z kolei w 2015 roku niemiecki watykanista Paul Badde stwierdzi\u0142, \u017ce dysponuje wiarygodnymi informacjami, jakoby 3 dni po pogrzebie Jana Paw\u0142a II, w kwietniu 2005 roku spotkali si\u0119 kardyna\u0142owie: W\u0142och Carlo Maria Martini, Niemcy Karl Lehmann i Walter Kasper i Brytyjczyk Murphy O\u2019Connor. Do spotkania dosz\u0142o jakoby w willi Nazaret w Rzymie w domu kardyna\u0142a Silvestriniego. Ostatnie spotkanie odby\u0142o si\u0119 za\u015b w 2006 roku &#8211; przynajmniej oficjalnie.<\/p>\r\n<p><em><strong>Reaktywacja?<\/strong><\/em><\/p>\r\n<p>Cz\u0119\u015b\u0107 komentator\u00f3w twierdzi, \u017ce w 2013 roku, dosz\u0142o do reaktywacji \u201emafii\u201d, cho\u0107 ju\u017c w nieco innym sk\u0142adzie. M\u00f3wi\u0142 o tym chocia\u017cby Austen Ivereigh, entuzjastyczny biograf Franciszka i by\u0142y asystent kardyna\u0142a Cormaca Murphy-O&#8217;Connora. Trudno niekiedy zweryfikowa\u0107 tego typu informacje. Zw\u0142aszcza \u017ce kardyna\u0142owie zaprzeczaj\u0105 niekt\u00f3rym doniesieniom medi\u00f3w. Istniej\u0105 jednak pewne poszlaki, wskazuj\u0105ce na istotny wp\u0142yw owego klubu na \u017cycie Ko\u015bcio\u0142a. &nbsp;<\/p>\r\n<p>Zdaniem niemieckiego dziennikarza M\u00fcllera-Meiningena, do cel\u00f3w grupy z Sankt Gallen nale\u017cy wdro\u017cenie w \u017cycie procesu decentralizacji Ko\u015bcio\u0142a.<\/p>\r\n<p>Czy\u017c do tego w\u0142a\u015bnie nie dosz\u0142o &#8211; nie tylko na synodzie ds. rodziny, ale i w posynodalnym Ko\u015bciele? Wiele na to wskazuje &#8211; cho\u0107by chaos wok\u00f3\u0142 interpretacji <em>Amoris Laetitia<\/em>. Na przyk\u0142ad Episkopat niemiecki dopu\u015bci\u0142 niekt\u00f3rych rozwiedzionych w nowych zwi\u0105zkach do Komunii, a polski nie. W efekcie cz\u0119\u015b\u0107 Ko\u015bcio\u0142a dryfuje niebezpiecznie w stron\u0119 mentalno\u015bci protestanckiej. Jaki jest w tym udzia\u0142 grupy z Sankt Gallen: liberalnej i przeciwnej konserwatywnemu Benedyktowi XVI ?<\/p>\r\n<p>Cele mafii z Saint Gallen najlepiej chyba przedstawi\u0142 kardyna\u0142 Godfried Danneels: uczynienie Ko\u015bcio\u0142a bardziej nowoczesnym. Unowocze\u015bnienie oznacza liberalizacj\u0119. Ta za\u015b, jak zauwa\u017caj\u0105 komentatorzy, dokona\u0142a si\u0119 ju\u017c w znacznym stopniu. Pete Baklinski (Life Site News 01.03.2017) zwraca uwag\u0119, \u017ce obecnie przedstawiciele Watykanu chwal\u0105 heretyka Marcina Lutra, a krytykuj\u0105 tradycjonalist\u00f3w i kultywuj\u0105ce \u0142aci\u0144sk\u0105 Tradycj\u0119 zakony. Jego zdaniem wsp\u00f3\u0142cze\u015bnie najwy\u017csi hierarchowie nawo\u0142uj\u0105 do troski o \u015brodowisko i reorganizacj\u0119 systemu ekonomicznego, zamiast koncentrowa\u0107 si\u0119 na wierze. G\u0142osz\u0105cy b\u0142\u0119dne pogl\u0105dy biskupi podnoszeni s\u0105 za\u015b do rangi kardyna\u0142\u00f3w. W\u0142adze ograniczaj\u0105 te\u017c wp\u0142ywy konserwatywnych duchownych. Oto owo \u201eunowocze\u015bnienie\u201d.<\/p>\r\n<p><em><strong>Kardyna\u0142 Martini &#8211; pogromca \u201ezacofania\u201d Ko\u015bcio\u0142a<\/strong><\/em><\/p>\r\n<p>Przyjrzyjmy si\u0119 bli\u017cej sylwetkom wybranych cz\u0142onk\u00f3w mafii z Sankt Gallen. S\u0105 to niew\u0105tpliwie hierarchowie kontrowersyjni &#8211; delikatnie m\u00f3wi\u0105c. Jeden z nich, kardyna\u0142 Martini w wywiadzie z &#8222;Corriere della Sera&#8221; w 2012 stwierdzi\u0142, \u017ce Ko\u015bci\u00f3\u0142 jest zacofany o 200 lat. Krytykowa\u0142 ponadto pomp\u0119 w rytach i ubiorze liturgicznym. Wezwa\u0142 tak\u017ce do zgody na przyjmowanie Sakrament\u00f3w przez rozwiedzionych w nowych zwi\u0105zkach. Kardyna\u0142 Martini nak\u0142ania\u0142 r\u00f3wnie\u017c do kolegialno\u015bci w rz\u0105dzeniu Ko\u015bcio\u0142em. Wykazywa\u0142 sceptycyzm wobec Mszy w starym rycie. Podkre\u015bla\u0142 ponadto dwuznacznie, \u017ce nie mo\u017cna\u2026 uznawa\u0107 \u201eBoga za katolickiego Boga\u201d. Jego zdaniem Stw\u00f3rca znajduje si\u0119 bowiem \u201eponad wszystkimi tworzonymi przez nas barierami i granicami\u201d (<em>Night Conversations with Cardinal Martini<\/em>). Kardyna\u0142 do swej \u015bmierci pe\u0142ni\u0142 funkcj\u0119 nieformalnego lidera katolibera\u0142\u00f3w.<\/p>\r\n<p><em><strong>Kardyna\u0142 Martini a Franciszek<\/strong><\/em><\/p>\r\n<p>Niekt\u00f3rzy dostrzegaj\u0105 pokrewie\u0144stwo w pogl\u0105dach kardyna\u0142a Martiniego i papie\u017ca Franciszka, a nawet podobie\u0144stwo poszczeg\u00f3lnych ich wypowiedzi. &#8211; <em>Wiem, \u017ce \u017cyj\u0105 pary homoseksualne, ludzie szanowani i dbaj\u0105cy o dobro wsp\u00f3lne. Nigdy mnie nie proszono ani nigdy bym ich os\u0105dza\u0142. Nigdy te\u017c bym si\u0119 na to nie zdecydowa\u0142<\/em> &#8211; powiedzia\u0142 purpurat (<em>Night Conversations with Cardinal Martini: The Relevance of the Church<\/em>, s. 98). Do\u015b\u0107 podobne s\u0142owa pad\u0142y kiedy\u015b z ust Franciszka &#8211; &#8211; <em>Je\u015bli kto\u015b jest gejem i szuka Boga i ma dobr\u0105 wol\u0119, to kim\u017ce jestem, by go s\u0105dzi\u0107<\/em> &#8211; powiedzia\u0142 papie\u017c w samolocie z Rzymu z Rio de Janeiro.<\/p>\r\n<p>Do potwierdzenia tezy o duchowym pokrewie\u0144stwie obu hierarch\u00f3w sk\u0142aniaj\u0105 r\u00f3wnie\u017c ciep\u0142e s\u0142owa z ust Franciszka pod adresem kardyna\u0142a Martiniego. Papie\u017c w rocznic\u0119 \u015bmierci duchownego okre\u015bli\u0142 go mianem \u201eojca Ko\u015bcio\u0142a\u201d. Nazwa\u0142 go r\u00f3wnie\u017c \u201epostaci\u0105 prorock\u0105\u201d oraz cz\u0142owiekiem \u201erozeznania i pokoju\u201d.<\/p>\r\n<p><em><strong>Kardyna\u0142 Kasper i sakramenty dla cudzo\u0142o\u017cnik\u00f3w<\/strong><\/em><\/p>\r\n<p>Po \u015bmierci kardyna\u0142a Martiniego pa\u0142eczk\u0119 przyw\u00f3dcy frakcji katolibera\u0142\u00f3w (lub jednego z nich) przej\u0105\u0142 kardyna\u0142 Walter Kasper &#8211; wieloletni polemista Benedykta XVI. Ten sam, kt\u00f3ry na nadzwyczajnym synodzie o rodzinie w 2014 roku m\u00f3wi\u0142 o mo\u017cliwo\u015bci dopuszczenia rozwiedzionych w nowych zwi\u0105zkach do Komunii \u015awi\u0119tej &#8211; po odpowiednim procesie pokuty. Z kolei we wrze\u015bniu 2016 roku duchowny ten uzna\u0142 Franciszkow\u0105 adhortacj\u0119 <em>Amoris Laetitia<\/em>&nbsp;za \u201ezmian\u0119 paradygmatu w nauczaniu Ko\u015bcio\u0142a\u201d. Nic w tym dziwnego. Wszak jej liberalna interpretacja to spe\u0142nienie marze\u0144 niemieckiego purpurata.<\/p>\r\n<p>Papie\u017c Franciszek pochwali\u0142 kardyna\u0142a Waltera Kaspera ju\u017c podczas swojego pierwszego przem\u00f3wienia na modlitwie Anio\u0142 Pa\u0144ski. &#8211; <em>W ci\u0105gu ostatnich kilku dni czyta\u0142em ksi\u0105\u017ck\u0119 kardyna\u0142a, kardyna\u0142a Kaspera, m\u0105drego teologa, dobrego teologa, na temat mi\u0142osierdzia. Ta ksi\u0105\u017cka da\u0142a mi wiele dobrego. Kardyna\u0142 Kasper powiedzia\u0142, \u017ce uczucie mi\u0142osierdzia, \u017ce to s\u0142owo zmienia wszystko. Odrobina mi\u0142osierdzia sprawia, \u017ce \u015bwiat staje si\u0119 mniej ch\u0142odny i bardziej sprawiedliwy<\/em> &#8211; powiedzia\u0142 w\u00f3wczas Ojciec \u015awi\u0119ty.<\/p>\r\n<p><strong><em>Kardyna\u0142 Godfried Danneels<\/em><\/strong><\/p>\r\n<p>Wspomniany ju\u017c cz\u0142onek grupy, kardyna\u0142 Godfried Danneels zosta\u0142 pos\u0105dzony o ukrywanie nadu\u017cy\u0107 seksualnych. Nie kry\u0142 te\u017c swoich sprzecznych z nauk\u0105 Ko\u015bcio\u0142a pogl\u0105d\u00f3w. W 1990 roku radzi\u0142 belgijskiemu kr\u00f3lowi podpisanie ustawy o aborcji i homoma\u0142\u017ce\u0144stwach. Ponadto odm\u00f3wi\u0142 wycofania uznawanych za pornograficzne materia\u0142\u00f3w z katolickich szk\u00f3\u0142. Co wi\u0119cej, wed\u0142ug jego biograf\u00f3w, kardyna\u0142 w 2003 roku chwali\u0142 \u00f3wczesnego belgijskiego premiera Guya Verhofstadta za liberalizacj\u0119 prawa o zwi\u0105zkach jednop\u0142ciowych. Cho\u0107 nie uznawa\u0142 za uzasadnione okre\u015blenia ich mianem ma\u0142\u017ce\u0144stw, to cieszy\u0142 si\u0119, \u017ce ustawa promuje stabilno\u015b\u0107 zwi\u0105zk\u00f3w.<\/p>\r\n<p>Nale\u017cy jednak podkre\u015bli\u0107, \u017ce sam polityk stwierdzi\u0142, \u017ce nie pami\u0119ta tego listu. Mimo to podkre\u015bli\u0142, \u017ce nigdy nie mia\u0142 problem\u00f3w z kardyna\u0142em. Nie wystawia to purpuratowi \u015bwiadectwa obro\u0144cy ortodoksji. Wszak, jak przypomina Edward Pentin, za rz\u0105d\u00f3w Guya Verhofstadta w Belgii zalegalizowano nie tylko homoma\u0142\u017ce\u0144stwa, lecz r\u00f3wnie\u017c eutanazj\u0119, in vitro i eksperymenty na embrionach.<\/p>\r\n<p>To w\u0142a\u015bnie kardyna\u0142 Godfried Danneels dost\u0105pi\u0142 &#8211; jako jeden z nielicznych &#8211; zaszczytu pojawienia si\u0119 na papieskim balkonie &#8211; tu\u017c po wyborze Franciszka. Zosta\u0142 te\u017c zaproszony na synod biskup\u00f3w po\u015bwi\u0119cony rodzinie w 2015 roku. Jest to zdumiewaj\u0105ce, bior\u0105c pod uwag\u0119 jego pogl\u0105dy. Tymczasem to w\u0142a\u015bnie on, podobnie jak inni cz\u0142onkowie \u201emafii z Sankt Gallen\u201d stoj\u0105 zapewne w znacznym stopniu za dokonuj\u0105cym si\u0119 w Ko\u015bciele skr\u0119tem w lewo.<\/p>\r\n<p><strong><em>Marcin Jendrzejczak<\/em><\/strong><\/p>\r\n<p class=\"zrodlo\">Za: <a href=\"https:\/\/www.pch24.pl\/klub-z-sankt-gallen--dokad-zmierza-kosciol-,58899,i.html\">PoloniaChristiana &#8211; pch24.pl (2018-03-13)<\/a><\/p>\r\n<h4>&nbsp;<\/h4>\r\n<hr style=\"background-color: #000000; border-width: 0; color: #000000; height: 2px; line-height: 0; text-align: center; width: 100%;\">\r\n<h4>&nbsp;<\/h4>\r\n<blockquote>\r\n<p><strong>KOMENTARZ <em>BIBU\u0141Y<\/em><\/strong>: A co\/kto opr\u00f3cz \u201eKlubu mafijnego z Sankt Gallen\u201d i nienawi\u015bci do Ko\u015bci\u00f3\u0142a katolickiego \u0142\u0105czy tych trzech hierarch\u00f3w? Ano, <strong>\u0142\u0105czy nie kto inny jak jak\u017ce \u015bwi\u0119ty Jan Pawe\u0142 II<\/strong>! To w\u0142a\u015bnie ten\u017ce &#8222;Wielki Papie\u017c&#8221; w swojej m\u0105dro\u015bci mianowa\u0142 ich kardyna\u0142ami: Carlo Martini w 1983 roku, Godfried Danneels w 1983 roku, Walter Kasper w 2001 roku. Kto\u015b powie, no tak, bo to i tamto, bo wypada\u0142o, \u017ce z racji zajmowanych stanowisk, \u017ce&#8230; Bzdury! Spo\u015br\u00f3d tysi\u0119cy potencjalnych kandydat\u00f3w-biskup\u00f3w autentycznie dbaj\u0105cy o Tradycj\u0119 i przysz\u0142o\u015b\u0107 Ko\u015bcio\u0142a Papie\u017c mo\u017ce wybra\u0107 tak\u0105 osob\u0119, kt\u00f3ra b\u0119dzie rokowa\u0107 nadziej\u0119 na trwa\u0142o\u015b\u0107 Ko\u015bcio\u0142a w stanie niezmiennego nauczania. Tym bardziej, \u017ce ta mafijna tr\u00f3jka znana by\u0142a ju\u017c doskonale ze swych pogl\u0105d\u00f3w. No c\u00f3\u017c, je\u015bli jednak kto\u015b nienawidzi Tradycji i d\u0105\u017cy do zmiany Ko\u015bcio\u0142a &#8211; a w\u0142a\u015bnie takim by\u0142 modernista Karol Wojty\u0142a, a p\u00f3\u017aniej Jan Pawe\u0142 II &#8211; wybierze w\u0142a\u015bnie tych, kt\u00f3rzy wspomog\u0105 go w tej rewolucyjnej drodze.<\/p>\r\n<\/blockquote>\r\n<h4>&nbsp;<\/h4>\r\n<hr style=\"background-color: #000000; border-width: 0; color: #000000; height: 2px; line-height: 0; text-align: center; width: 100%;\">\r\n<h4>&nbsp;<\/h4>","protected":false},"excerpt":{"rendered":"\u201eKlub mafijny z Sankt Gallen\u201d to okre\u015blenie brzmi\u0105ce tajemniczo. A tak\u017ce, jak powiedzia\u0142 jeden z jego cz\u0142onk\u00f3w, presti\u017cowo. Istotne jest jednak nie nazewnictwo, lecz rola odgrywana przez t\u0119 grup\u0119 we wsp\u00f3\u0142czesnym Ko\u015bciele. Liberalny kierunek, w kt\u00f3rym pod\u0105\u017ca wielu hierarch\u00f3w, to w znacznej mierze zas\u0142uga tej nieformalnej organizacji. W sferze publicznej sformu\u0142owanie \u201emafia\u201d czy \u201eklub mafijny\u201d [&hellip;]","protected":false},"author":1,"featured_media":0,"comment_status":"closed","ping_status":"closed","sticky":false,"template":"","format":"standard","meta":{"_acf_changed":false,"_monsterinsights_skip_tracking":false,"_monsterinsights_sitenote_active":false,"_monsterinsights_sitenote_note":"","_monsterinsights_sitenote_category":0,"ngg_post_thumbnail":0,"footnotes":"","_wp_rev_ctl_limit":""},"categories":[3],"tags":[33],"acf":[],"_links":{"self":[{"href":"https:\/\/www.bibula.com\/index.php?rest_route=\/wp\/v2\/posts\/100430"}],"collection":[{"href":"https:\/\/www.bibula.com\/index.php?rest_route=\/wp\/v2\/posts"}],"about":[{"href":"https:\/\/www.bibula.com\/index.php?rest_route=\/wp\/v2\/types\/post"}],"author":[{"embeddable":true,"href":"https:\/\/www.bibula.com\/index.php?rest_route=\/wp\/v2\/users\/1"}],"replies":[{"embeddable":true,"href":"https:\/\/www.bibula.com\/index.php?rest_route=%2Fwp%2Fv2%2Fcomments&post=100430"}],"version-history":[{"count":0,"href":"https:\/\/www.bibula.com\/index.php?rest_route=\/wp\/v2\/posts\/100430\/revisions"}],"wp:attachment":[{"href":"https:\/\/www.bibula.com\/index.php?rest_route=%2Fwp%2Fv2%2Fmedia&parent=100430"}],"wp:term":[{"taxonomy":"category","embeddable":true,"href":"https:\/\/www.bibula.com\/index.php?rest_route=%2Fwp%2Fv2%2Fcategories&post=100430"},{"taxonomy":"post_tag","embeddable":true,"href":"https:\/\/www.bibula.com\/index.php?rest_route=%2Fwp%2Fv2%2Ftags&post=100430"}],"curies":[{"name":"wp","href":"https:\/\/api.w.org\/{rel}","templated":true}]}}