{"id":100385,"date":"2018-03-14T10:49:08","date_gmt":"2018-03-14T14:49:08","guid":{"rendered":"http:\/\/www.bibula.com\/?p=100385"},"modified":"2018-03-14T10:49:08","modified_gmt":"2018-03-14T14:49:08","slug":"poklosie-pomarcowe-stanislaw-michalkiewicz","status":"publish","type":"post","link":"https:\/\/www.bibula.com\/?p=100385","title":{"rendered":"Pok\u0142osie pomarcowe &#8211; <em>Stanis\u0142aw Michalkiewicz<\/em>"},"content":{"rendered":"<p>Ajajajajajajaj! Ile\u017c niewymownych cierpie\u0144 zadali polscy nazi\u015bci biednym \u017cydowskim ofiarom, kt\u00f3rych nie uda\u0142o si\u0119 wyholokaustowa\u0107 ani Hitlerowi, ani nawet &#8211; Stalinowi &#8211; bo i Stalin, pod koniec \u017cycia nosi\u0142 si\u0119 z zamiarem urz\u0105dzenia \u017bydom holokaustu, jako, \u017ce mia\u0142 w zwyczaju holokaustowa\u0107 dawnych swoich wsp\u00f3lnik\u00f3w w rozmaitych rewolucyjnych przedsi\u0119wzi\u0119ciach. W\u015br\u00f3d tych wsp\u00f3lnik\u00f3w Stalina \u017bydzi mieli swoj\u0105 wyra\u017an\u0105 nadreprezentacj\u0119, na co zwr\u00f3ci\u0142a mi uwag\u0119 pewna, nie\u017cyj\u0105ca ju\u017c Rosjanka, kt\u00f3r\u0105 pozna\u0142em u mojej siostry w Budapeszcie, a kt\u00f3ra by\u0142a z ni\u0105 zaprzyja\u017aniona. Podczas kolacji powiedzia\u0142em jej, \u017ce w sprawie komuny my Polacy jeste\u015bmy w\u0142a\u015bciwie niewinni, bo to wy, Rosjanie przywlekli\u015bcie do nas t\u0119 zaraz\u0119 ze sob\u0105, ale wy, Rosjanie, nie macie ju\u017c na swoje usprawiedliwienie niczego. Na co ona zacz\u0119\u0142a mi wylicza\u0107 po kolei wybitnych bolszewik\u00f3w, poczynaj\u0105c oczywi\u015bcie od Lenina. &#8211; A Lenin &#8211; powiedzia\u0142a &#8211; to kto? Rosjanin, czy \u017byd? A Stalin to Rosjanin, czy Gruzin? A Dzier\u017cy\u0144ski to kto? Rosjanin, czy Polak? A Trocki to kto? Rosjanin, czy \u017byd? &#8211; i tak dalej. A kiedy ju\u017c sko\u0144czy\u0142a t\u0119 wyliczank\u0119, powiedzia\u0142a: nar\u00f3d rosyjski najd\u0142u\u017cej opiera\u0142 si\u0119 bolszewizmowi z broni\u0105 w r\u0119ku! Wobec takich argument\u00f3w nie wypada\u0142o nic innego, jak si\u0119 z tym zgodzi\u0107, ale szkoda, \u017ce w obecnej rosyjskiej publicystyce i retoryce politycznej te\u017c w\u0105tek w og\u00f3le nie jest wyeksponowany, a mumia Lenina nadal smrodzi na Placu Czerwonym w Moskwie. Najgorsze s\u0105 nieproszone rady, ale wydaje mi si\u0119, \u017ce zamiast bredzi\u0107 o jakim\u015b \u201e<i>s\u0142owia\u0144stwie<\/i>\u201d, kt\u00f3re w Polsce na mil\u0119 \u015bmierdzi gurowszczyzn\u0105, Rosjanie lepiej by zrobili, prezentuj\u0105c si\u0119 jako nar\u00f3d z broni\u0105 w r\u0119ku opieraj\u0105cy si\u0119 bolszewizmowi. Po pierwsze dlatego, \u017ce to prawda, przynajmniej do pewnego czasu, a po drugie dlatego, \u017ce na dzisiejszym Zachodzie, na podobie\u0144stwo tornada przewala si\u0119 komunistyczna rewolucja, tyle, ze nie prowadzona wed\u0142ug strategii bolszewickiej, tylko wymy\u015blonej jeszcze w latach 20-tych XX wieku przez w\u0142oskiego komunist\u0119 Antoniego Gramsciego. O ile tedy \u201e<i>s\u0142owia\u0144stwo<\/i>\u201d, mo\u017ce poza jakimi\u015b wariatami, nikogo w Europie do niczego dzi\u015b nie zainspiruje, to op\u00f3r wobec komunizmu &#8211; jak najbardziej i to niejednego. Ale to problem Rosjan, w jaki spos\u00f3b zamierzaj\u0105 dzisiaj prezentowa\u0107 si\u0119 \u015bwiatu &#8211; czy jako czciciele gruzi\u0144skiego ludojada, t\u0119skni\u0105cy za okruchami ze sto\u0142u pa\u0144skiego, czy jako bastion oporu wobec komunistycznej rewolucji, przy pomocy kt\u00f3rej starsi i m\u0105drzejsi pr\u00f3buj\u0105 przerobi\u0107 historyczne europejskie narody na \u201e<i>masy<\/i>\u201d &#8211; rodzaj nawozu Historii, na kt\u00f3rym mog\u0142yby wyrasta\u0107 cudne kwiatuszki w rodzaju pana red. Adama Michnika, czy Seweryna Blumsztajna.<\/p>\r\n<p>Tak si\u0119 bowiem sk\u0142ada, \u017ce w komunistycznej rewolucji, zar\u00f3wno tej bolszewickiej, jak i tej wsp\u00f3\u0142czesnej, \u017bydzi byli i s\u0105 w awangardzie. Zawsze niezadowoleni, \u017ce jeszcze nie panuj\u0105 nad \u015bwiatem, co w ich mniemaniu obieca\u0142 im przecie\u017c Stw\u00f3rca Wszech\u015bwiata i niech\u0119tni wobec narod\u00f3w staj\u0105cych im na zawadzie, masowo poparli bolszewicki internacjonalizm, jako program dla wszystkich narod\u00f3w z wyj\u0105tkiem \u017cydowskiego, kt\u00f3ry r\u00f3wnie\u017c pod bolszewikami tworzy\u0142 \u201e<i>parti\u0119 wewn\u0119trzn\u0105<\/i>\u201d, zorganizowan\u0105 ju\u017c na zasadzie solidarno\u015bci narodowej. Temu programowi dla narod\u00f3w mniej warto\u015bciowych przeciwstawili si\u0119 r\u00f3wnie\u017c Polacy, o czym \u015bwiadczy piosenka z 1920 roku, akcentuj\u0105ca elementy polskiej to\u017csamo\u015bci narodowej: \u201e<i>Hej tam na Litwie z naszych ko\u015bcio\u0142\u00f3w porobili \u017bydzi stajnie dla wo\u0142\u00f3w. P\u00f3jdziem wygna\u0107 te bydl\u0119ta, bo tam nasza wiara \u015bwi\u0119ta, bagnet na bro\u0144, bolszewika go\u0144!<\/i>\u201d Dlatego te\u017c i Polacy, zamiast w zadr\u0119cza\u0107 si\u0119 kompleksami, imitowa\u0107 zachodnich p\u00f3\u0142g\u0142\u00f3wk\u00f3w i przeprasza\u0107 wszystkich dooko\u0142a za suflowane im winy, powinni wyeksponowa\u0107 ten or\u0119\u017cny triumf nad bolszewikami w 1920 roku, wi\u0105\u017c\u0105c go z wiktori\u0105 wiede\u0144sk\u0105 Jana III Sobieskiego, kt\u00f3ra uchroni\u0142a Europ\u0119 przed bisurma\u0144skim zalewem tak samo, jak polskie zwyci\u0119stwo w wojnie bolszewickiej uchroni\u0142o j\u0105 przed zalewem bolszewickim. \u201e<i>Lasem polskich dzid narody zas\u0142aniane od podboju, wynuci\u0142y pie\u015b\u0144 swobody, pie\u015b\u0144 mi\u0142o\u015bci, pie\u015b\u0144 pokoju<\/i>\u201d. To, \u017ce dzisiaj w tej pie\u015bni coraz wi\u0119cej fa\u0142szywych ton\u00f3w, to tylko chwilowe zak\u0142\u00f3cenie, kt\u00f3remu europejskie narody powinny si\u0119 przeciwstawi\u0107, je\u015bli nie chc\u0105 zosta\u0107 przerobione na \u201e<i>naw\u00f3z Historii<\/i>\u201d.<\/p>\r\n<p>Jednym z wa\u017cnych narz\u0119dzi przerabiania historycznych europejskich narod\u00f3w na \u201e<i>naw\u00f3z Historii<\/i>\u201d jest \u201e<i>pedagogika wstydu<\/i>\u201d, kt\u00f3rej celem jest wzbudzenie w tych narodach poczucia winy wobec \u017byd\u00f3w. Gdyby to si\u0119 uda\u0142o, to \u017bydzi mogliby zdominowa\u0107 te narody psychicznie bez konieczno\u015bci uciekania si\u0119 do terroru, wi\u0119c nic dziwnego, \u017ce si\u0119 tak energicznie wok\u00f3\u0142 tego uwijaj\u0105. Takie okazje, jak 50 rocznica \u201e<i>wydarze\u0144 marcowych<\/i>\u201d, kt\u00f3re przecie\u017c by\u0142y spontanicznym buntem p o l s k i e j m\u0142odzie\u017cy przeciwko komunie, kt\u00f3r\u0105 wcze\u015bniej, przy pomocy sowieckich bagnet\u00f3w, zainstalowali \u017cydowscy arywi\u015bci w rodzaju Jakuba Bermana, Hilarego Minca, Romana Zambrowskiego, czy J\u00f3zefa R\u00f3\u017ca\u0144skiego, s\u0105 dzisiaj intensywnie eksploatowane przez \u017cydowsk\u0105 propagand\u0119, w\u0142a\u015bnie w ramach pedagogiki wstydu. Potomstwo dawnych funkcjonariuszy komunistycznego aparatu propagandy, funkcjonariuszy komunistycznego aparatu gospodarczego, w kt\u00f3rym dawni szewcy, krawcy, czy osobnicy bez \u017cadnego wykszta\u0142cenia ani zawodu, zostawali dyrektorami departament\u00f3w w ministerstwach, dyrektorami zjednocze\u0144 itp., funkcjonariuszy aparatu partyjnego, gorliwie realizuj\u0105cy wszystkie pomys\u0142y moskiewskiej centrali &#8211; oczywi\u015bcie nie zapominaj\u0105c o sobie &#8211; i wreszcie funkcjonariusze komunistycznego aparatu terroru, to znaczy &#8211; bezpieki i wojska. To w\u0142a\u015bnie oni, w efekcie \u00f3wczesnej rozgrywki mi\u0119dzy frakcj\u0105 \u201e<i>partyzant\u00f3w<\/i>\u201d, czyli dawnych \u201e<i>Cham\u00f3w<\/i>\u201d, a frakcj\u0105 \u201e<i>\u017byd\u00f3w<\/i>\u201d w tej samej partii komunistycznej, utracili \u201e<i>miejsca pracy<\/i>\u201d i nie maj\u0105c ju\u017c tu nic do roboty, wyjechali na Zach\u00f3d. Tam nie wypada\u0142o przechwala\u0107 si\u0119 udzia\u0142em w komunistycznym aparacie, dajmy na to, terroru &#8211; ale wypada\u0142o drapowa\u0107 si\u0119 w konstium m\u0119cze\u0144ski i pomstowa\u0107 na \u201e<i>polski antysemityzm<\/i>\u201d. Skoro ta retoryka okaza\u0142a si\u0119 u\u017cyteczna przed 50 laty, to nic dziwnego, \u017ce dzisiaj te\u017c zosta\u0142a intensywnie wykorzystana. W nast\u0119pstwie tego prezydent Andrzej Duda w przem\u00f3wieniu wyg\u0142oszonym na Uniwersytecie Warszawskim w obliczu ca\u0142ego \u015bwiata \u201e<i>przeprosi\u0142<\/i>\u201d w imieniu \u201e<i>Rzeczypospolitej<\/i>\u201d, kontynuuj\u0105c obrzydliw\u0105 tradycj\u0119 przy\u0142\u0105czania si\u0119 do oskar\u017ce\u0144 narodu polskiego, zapocz\u0105tkowan\u0105 przez Aleksandra Kwa\u015bniewskiego i kontynuowan\u0105 przez Bronis\u0142awa Komorowskiego, kt\u00f3remu najwyra\u017aniej sko\u0144czy\u0142a si\u0119 kwarantanna. To ju\u017c si\u0119 robi nowa \u015bwiecka tradycja i mo\u017cna by pomy\u015ble\u0107, \u017ce ci\u0105\u017cy nad nami jakie\u015b fatum, gdyby nie to, \u017ce ci wszyscy prezydenci, to rezultat naszej lekkomy\u015blno\u015bci, wskutek kt\u00f3rej wodz\u0105 nas za nos rozmaici szczuro\u0142apowie.<\/p>\r\n<p><strong><em>Stanis\u0142aw Michalkiewicz<\/em><\/strong><\/p>\r\n<p>Felieton &nbsp;<b>\u2022<\/b>&nbsp; Portal Informacyjny \u201eMagna Polonia\u201d (www.magnapolonia.org) &nbsp;<b>\u2022<\/b>&nbsp; 14 marca 2018<\/p>","protected":false},"excerpt":{"rendered":"Ajajajajajajaj! Ile\u017c niewymownych cierpie\u0144 zadali polscy nazi\u015bci biednym \u017cydowskim ofiarom, kt\u00f3rych nie uda\u0142o si\u0119 wyholokaustowa\u0107 ani Hitlerowi, ani nawet &#8211; Stalinowi &#8211; bo i Stalin, pod koniec \u017cycia nosi\u0142 si\u0119 z zamiarem urz\u0105dzenia \u017bydom holokaustu, jako, \u017ce mia\u0142 w zwyczaju holokaustowa\u0107 dawnych swoich wsp\u00f3lnik\u00f3w w rozmaitych rewolucyjnych przedsi\u0119wzi\u0119ciach. W\u015br\u00f3d tych wsp\u00f3lnik\u00f3w Stalina \u017bydzi mieli swoj\u0105 [&hellip;]","protected":false},"author":1,"featured_media":0,"comment_status":"closed","ping_status":"closed","sticky":false,"template":"","format":"standard","meta":{"_acf_changed":false,"_monsterinsights_skip_tracking":false,"_monsterinsights_sitenote_active":false,"_monsterinsights_sitenote_note":"","_monsterinsights_sitenote_category":0,"ngg_post_thumbnail":0,"footnotes":"","_wp_rev_ctl_limit":""},"categories":[9],"tags":[66,53,34,55],"acf":[],"_links":{"self":[{"href":"https:\/\/www.bibula.com\/index.php?rest_route=\/wp\/v2\/posts\/100385"}],"collection":[{"href":"https:\/\/www.bibula.com\/index.php?rest_route=\/wp\/v2\/posts"}],"about":[{"href":"https:\/\/www.bibula.com\/index.php?rest_route=\/wp\/v2\/types\/post"}],"author":[{"embeddable":true,"href":"https:\/\/www.bibula.com\/index.php?rest_route=\/wp\/v2\/users\/1"}],"replies":[{"embeddable":true,"href":"https:\/\/www.bibula.com\/index.php?rest_route=%2Fwp%2Fv2%2Fcomments&post=100385"}],"version-history":[{"count":0,"href":"https:\/\/www.bibula.com\/index.php?rest_route=\/wp\/v2\/posts\/100385\/revisions"}],"wp:attachment":[{"href":"https:\/\/www.bibula.com\/index.php?rest_route=%2Fwp%2Fv2%2Fmedia&parent=100385"}],"wp:term":[{"taxonomy":"category","embeddable":true,"href":"https:\/\/www.bibula.com\/index.php?rest_route=%2Fwp%2Fv2%2Fcategories&post=100385"},{"taxonomy":"post_tag","embeddable":true,"href":"https:\/\/www.bibula.com\/index.php?rest_route=%2Fwp%2Fv2%2Ftags&post=100385"}],"curies":[{"name":"wp","href":"https:\/\/api.w.org\/{rel}","templated":true}]}}