{"id":100381,"date":"2018-03-14T10:34:00","date_gmt":"2018-03-14T14:34:00","guid":{"rendered":"http:\/\/www.bibula.com\/?p=100381"},"modified":"2018-03-14T10:34:00","modified_gmt":"2018-03-14T14:34:00","slug":"odpowiedzialnosc-zbiorowa-w-sprawie-birczy-mon-nie-wyjasnil-jak-doszlo-do-zmiany-tablicy","status":"publish","type":"post","link":"https:\/\/www.bibula.com\/?p=100381","title":{"rendered":"Odpowiedzialno\u015b\u0107 zbiorowa w sprawie Birczy. MON nie wyja\u015bni\u0142 jak dosz\u0142o do zmiany tablicy"},"content":{"rendered":"<p><strong>Resort obrony narodowej odpowiedzia\u0142 na pytania dotycz\u0105ce okoliczno\u015bci zamiany p\u0142yty pami\u0105tkowej na Grobie Nieznanego \u0179o\u0142nierza w Warszawie. Jak si\u0119 okazuje, za usuni\u0119cie nazwy \u201eBircza\u201d w\u0142a\u015bciwie nikt nie odpowiada\u2026 No, chyba \u017ceby przyj\u0105\u0107 zasad\u0119 odpowiedzialno\u015bci zbiorowej.<\/strong><\/p>\r\n<p>Przypomnijmy. Na obchody \u015awi\u0119ta Niepodleg\u0142o\u015bci na Grobie Nieznanego \u0179o\u0142nierza pojawi\u0142y si\u0119 nowe tablice pami\u0105tkowe. Znalaz\u0142y si\u0119 na nich nazwy miejscowo\u015bci na Wo\u0142yniu i Lubelszczy\u017anie oraz w Ma\u0142opolsce Wschodniej, kt\u00f3re odpiera\u0142y ataki si\u0142 UPA. Wsr\u00f3d nich pojawi\u0142a si\u0119 inskrypcja \u201eBircza 1945-1946\u201d.<\/p>\r\n<p>Jakie\u017c by\u0142o zdziwienie, gdy w przeddzie\u0144 narodowego \u015bwi\u0119ta Antoni Macierewicz, \u00f3wczesny szef MON, dokona\u0142 ods\u0142oni\u0119cia nowych tablic\u2026 <a href=\"http:\/\/www.pch24.pl\/obroncy-birczy-wymazani--komu-przeszkadza-pamiec-o-ofiarach-upa-,56305,i.html\">Nazwa Bircza zosta\u0142a usuni\u0119ta!<\/a> Sprawa wywo\u0142a\u0142a oburzenie, a pos\u0142owie oraz mieszka\u0144cy Birczy za\u017c\u0105dali wyja\u015bnie\u0144.<\/p>\r\n<p>Jak si\u0119 okaza\u0142o, usuni\u0119cie nazwy Birczy z tablicy zosta\u0142o wykonane zgodnie z decyzj\u0105 ministra obrony narodowej Antoniego Macierewicza. Dalsza cz\u0119\u015b\u0107 wyja\u015bnie\u0144 resortu wskazuje jednak, \u017ce by\u0142a to odpowiedzialno\u015b\u0107 zbiorowa, bo \u201ewszelkie czynno\u015bci w niniejszej sprawie by\u0142y wykonane w oparciu o ustalenia zespo\u0142u eksperckiego z\u0142o\u017conego z przedstawicieli Instytutu Pami\u0119ci Narodowej, Urz\u0119du ds. Kombatant\u00f3w i Os\u00f3b Represjonowanych, MON, Wojskowego Biura Historycznego, Dow\u00f3dztwa Garnizonu Warszawa, Muzeum Wojska Polskiego, \u015awiatowego Zwi\u0105zku \u0179o\u0142nierzy AK, Og\u00f3lnopolskiego Zwi\u0105zku \u0179o\u0142nierzy Batalion\u00f3w Ch\u0142opskich oraz \u015brodowisk naukowych\u201d.<\/p>\r\n<p>Innymi s\u0142owy: winnych brak. Spraw\u0119 ostro skrytykowa\u0142 ks. Tadeusz Isakowicz-Zaleski, wskazuj\u0105c, \u017ce taka odpowied\u017a jest pokr\u0119tna i jest powodowana strachem przed przyznaniem, \u017ce na zmian\u0119 dezycji mia\u0142 wp\u0142yw szef ukrai\u0144skiego IPN.<\/p>\r\n<blockquote class=\"twitter-tweet\" data-lang=\"pl\" data-twitter-extracted-i1521033757733410686=\"true\">\r\n<p dir=\"ltr\" lang=\"pl\">Ale\u017c pokr\u0119tna odpowied\u017a <a href=\"https:\/\/twitter.com\/MON_GOV_PL?ref_src=twsrc%5Etfw\">@MON_GOV_PL<\/a> ws. <a href=\"https:\/\/twitter.com\/hashtag\/Bircza?src=hash&amp;ref_src=twsrc%5Etfw\">#Bircza<\/a>! Zwalanie winy na innych, a zarazem strach przed powiedzeniem prawdy, \u017ce g\u0142. &#8222;konsulatem&#8221; by\u0142 zak\u0142amany szef IPN w Kijowie. No c\u00f3\u017c, <a href=\"https:\/\/twitter.com\/hashtag\/Polska?src=hash&amp;ref_src=twsrc%5Etfw\">#Polska<\/a> przed <a href=\"https:\/\/twitter.com\/hashtag\/Ukraina?src=hash&amp;ref_src=twsrc%5Etfw\">#Ukraina<\/a> wci\u0105\u017c na kolanach. <a href=\"https:\/\/twitter.com\/dziejepl?ref_src=twsrc%5Etfw\">@dziejepl<\/a> <a href=\"https:\/\/twitter.com\/WBH_2016?ref_src=twsrc%5Etfw\">@WBH_2016<\/a> <a href=\"https:\/\/twitter.com\/PiotrZgorzelski?ref_src=twsrc%5Etfw\">@PiotrZgorzelski<\/a> <a href=\"https:\/\/twitter.com\/Cenckiewicz?ref_src=twsrc%5Etfw\">@Cenckiewicz<\/a> <a href=\"https:\/\/twitter.com\/Tysol?ref_src=twsrc%5Etfw\">@Tysol<\/a> <a href=\"https:\/\/t.co\/OY2dJXAOvK\">https:\/\/t.co\/OY2dJXAOvK<\/a><\/p>\r\n\r\n\u201d\u201d Isakowicz-Zaleski (@IsakowiczZalesk) <a href=\"https:\/\/twitter.com\/IsakowiczZalesk\/status\/973495353742909440?ref_src=twsrc%5Etfw\">13 marca 2018<\/a><\/blockquote>\r\n<p>Nale\u017cy tak\u017ce przypomnie\u0107, \u017ce MON odpowiadaj\u0105c na pytania o tablic\u0119 poinformowa\u0142 PCh24.pl, \u017ce decyzja o usuni\u0119ciu nazwy Bircza <em><a href=\"http:\/\/www.pch24.pl\/mon-odpowiedzial-nam-w-sprawie-birczy,56571,i.html\">podyktowana by\u0142a konieczno\u015bci\u0105 wyboru spo\u015br\u00f3d 200 miejscowo\u015bci o podobnym charakterze, podobnych warto\u015bciach historycznyc<\/a>h<\/em>.<\/p>\r\n<p><strong>Zobacz tak\u017ce:&nbsp;<\/strong><\/p>\r\n<ul>\r\n\t<li><a href=\"http:\/\/www.pch24.pl\/&nbsp;http:\/\/www.pch24.pl\/bircza-znika-z-tablicy-na-grobie-nieznanego-zolnierza--pod-wplywem-ukrainskiego-negacjonisty-,56109,i.html#ixzz59j4KhC3o\">Bircza znika z tablicy na Grobie Nieznanego \u0179o\u0142nierza. Pod wp\u0142ywem ukrai\u0144skiego negacjonisty?<\/a><\/li>\r\n\t<li><a href=\"http:\/\/www.pch24.pl\/bircza-pamieta--wladze-samorzadowe-o-powrocie-tablicy-na-grob-nieznanego-zolnierza-,56126,i.html\">Bircza pami\u0119ta. W\u0142adze samorz\u0105dowe o powrocie tablicy na Gr\u00f3b Nieznanego \u0179o\u0142nierza<\/a><\/li>\r\n\t<li><a href=\"http:\/\/www.pch24.pl\/zywi-to-pamietaja--zywi-dzis-czuwaja--bircza-upomina-sie-o-bohaterow,56323,i.html\">\u201e\u0179ywi to pami\u0119taj\u0105. \u0179ywi dzi\u015b czuwaj\u0105\u201d. Bircza upomina si\u0119 o bohater\u00f3w<\/a><\/li>\r\n<\/ul>\r\n<p>\u0179r\u00f3d\u0142o: dorzeczy.pl<\/p>\r\n<p>MA<\/p>","protected":false},"excerpt":{"rendered":"Resort obrony narodowej odpowiedzia\u0142 na pytania dotycz\u0105ce okoliczno\u015bci zamiany p\u0142yty pami\u0105tkowej na Grobie Nieznanego \u0179o\u0142nierza w Warszawie. Jak si\u0119 okazuje, za usuni\u0119cie nazwy \u201eBircza\u201d w\u0142a\u015bciwie nikt nie odpowiada\u2026 No, chyba \u017ceby przyj\u0105\u0107 zasad\u0119 odpowiedzialno\u015bci zbiorowej. Przypomnijmy. Na obchody \u015awi\u0119ta Niepodleg\u0142o\u015bci na Grobie Nieznanego \u0179o\u0142nierza pojawi\u0142y si\u0119 nowe tablice pami\u0105tkowe. Znalaz\u0142y si\u0119 na nich nazwy miejscowo\u015bci [&hellip;]","protected":false},"author":1,"featured_media":0,"comment_status":"closed","ping_status":"closed","sticky":false,"template":"","format":"standard","meta":{"_acf_changed":false,"_monsterinsights_skip_tracking":false,"_monsterinsights_sitenote_active":false,"_monsterinsights_sitenote_note":"","_monsterinsights_sitenote_category":0,"ngg_post_thumbnail":0,"footnotes":"","_wp_rev_ctl_limit":""},"categories":[8],"tags":[65,98,167,17],"acf":[],"_links":{"self":[{"href":"https:\/\/www.bibula.com\/index.php?rest_route=\/wp\/v2\/posts\/100381"}],"collection":[{"href":"https:\/\/www.bibula.com\/index.php?rest_route=\/wp\/v2\/posts"}],"about":[{"href":"https:\/\/www.bibula.com\/index.php?rest_route=\/wp\/v2\/types\/post"}],"author":[{"embeddable":true,"href":"https:\/\/www.bibula.com\/index.php?rest_route=\/wp\/v2\/users\/1"}],"replies":[{"embeddable":true,"href":"https:\/\/www.bibula.com\/index.php?rest_route=%2Fwp%2Fv2%2Fcomments&post=100381"}],"version-history":[{"count":0,"href":"https:\/\/www.bibula.com\/index.php?rest_route=\/wp\/v2\/posts\/100381\/revisions"}],"wp:attachment":[{"href":"https:\/\/www.bibula.com\/index.php?rest_route=%2Fwp%2Fv2%2Fmedia&parent=100381"}],"wp:term":[{"taxonomy":"category","embeddable":true,"href":"https:\/\/www.bibula.com\/index.php?rest_route=%2Fwp%2Fv2%2Fcategories&post=100381"},{"taxonomy":"post_tag","embeddable":true,"href":"https:\/\/www.bibula.com\/index.php?rest_route=%2Fwp%2Fv2%2Ftags&post=100381"}],"curies":[{"name":"wp","href":"https:\/\/api.w.org\/{rel}","templated":true}]}}