{"id":100378,"date":"2018-03-14T10:27:55","date_gmt":"2018-03-14T14:27:55","guid":{"rendered":"http:\/\/www.bibula.com\/?p=100378"},"modified":"2018-03-14T10:28:18","modified_gmt":"2018-03-14T14:28:18","slug":"logika-pis-rajom-podatkowym-mowimy-nie-ale-sami-chetnie-skorzystamy","status":"publish","type":"post","link":"https:\/\/www.bibula.com\/?p=100378","title":{"rendered":"Logika PiS: Rajom podatkowym m\u00f3wimy NIE, ale sami ch\u0119tnie skorzystamy"},"content":{"rendered":"<p><strong>Na jednym z niedawnych szczyt\u00f3w Unii Europejskiej rozprawiano mi\u0119dzy innymi o rajach podatkowych. Na szczycie tym, nasz najukocha\u0144szy premier, Mateusz Morawiecki oznajmi\u0142, \u017ce &#8222;z rajami trzeba walczy\u0107&#8221;. <\/strong><\/p>\r\n<p>Nied\u0142ugo po tej deklaracji, urz\u0119dnicy skarbowi <a href=\"http:\/\/prokapitalizm.pl\/czy-polska-to-kraj-kombinatorow-i-oszustow-podatkowych.html\">ruszyli<\/a> na nasze rodzime &#8222;raje&#8221; &#8211; tj. na wielkie bazary i targowiska. Zacz\u0119to r\u00f3wnie\u017c wzywa\u0107 na przes\u0142uchania nowo\u017ce\u0144c\u00f3w, by sprawdzi\u0107, czy i oni nie organizowali przypadkiem wesel korzystaj\u0105c z jakiego\u015b rodzimego &#8222;raju&#8221;. Jednocze\u015bnie og\u0142oszono wszem i wobec, \u017ce wielka ameryka\u0144ska korporacja &#8211; bank JP Morgan, nie wytwarzaj\u0105ca \u017cadnych d\u00f3br, a tylko obracaj\u0105ca pieni\u0119dzmi swoich klient\u00f3w, <a href=\"http:\/\/prokapitalizm.pl\/jp-morgan-dostaje-prezent-od-rzadu-morawieckiego-20-mln-zl-dotacji.html\">otrzyma\u0142a<\/a> od rz\u0105du naszego najukocha\u0144szego premiera, dotacj\u0119 w wysoko\u015bci 20 mln z\u0142. No, tyle mo\u017ce by si\u0119 akurat uzbiera\u0142o z towaru jaki skonfiskowano handlarzom na bazarach, z na\u0142o\u017conych na nich mandat\u00f3w oraz z doliczonego podatku. C\u00f3\u017c, kasa musi si\u0119 domkn\u0105\u0107&#8230;<br>\r\n <br>\r\n Ale wracaj\u0105c do &#8222;raj\u00f3w&#8221;&#8230; Ot\u00f3\u017c <a href=\"https:\/\/wiadomosci.wp.pl\/pis-chce-sprzedac-nieruchomosc-unikajac-podatku-wykorzystuje-firme-slup-na-cyprze-6229341046802049a\" target=\"_blank\" rel=\"noopener\">czytam<\/a> w\u0142a\u015bnie, \u017ce sp\u00f3\u0142ka <a href=\"https:\/\/pl.wikipedia.org\/wiki\/Srebrna_(sp%C3%B3%C5%82ka)\" target=\"_blank\" rel=\"noopener\">Srebrna<\/a>, zwi\u0105zana &#8211; jak twierdz\u0105 niekt\u00f3rzy z\u0142o\u015bliwcy &#8211; z parti\u0105 rz\u0105dz\u0105c\u0105 PiS, planuje sprzeda\u017c nale\u017c\u0105cego do niej w centrum Warszawy gruntu, wraz z budynkiem. Niby niczego z\u0142ego w tym nie ma, nawet je\u015bli sp\u00f3\u0142ka rzeczywi\u015bcie zwi\u0105zana jest z parti\u0105 Jaros\u0142awa Kaczy\u0144skiego i Instytutem Lecha Kaczy\u0144skiego. To znaczy, niczego z\u0142ego by nie by\u0142o, gdyby nie spos\u00f3b, w jaki Srebrna rzekomo chce swoj\u0105 nieruchomo\u015b\u0107 up\u0142ynni\u0107. Cho\u0107 firma jest jedynym jej w\u0142a\u015bcicielem, sprzeda\u017c\u0105 zaj\u0105\u0107 ma si\u0119 cypryjska sp\u00f3\u0142ka Conarius. Cel jest najprawdopodobniej jeden &#8211; <strong>unikn\u0105\u0107 zap\u0142acenia podatku w Polsce<\/strong>. Ma to przynie\u015b\u0107, z tego tytu\u0142u, nawet kilkana\u015bcie mln z\u0142 oszcz\u0119dno\u015bci. I w tym nie by\u0142oby oczywi\u015bcie niczego z\u0142ego, gdyby nie stanowisko, jakie partia rz\u0105dz\u0105ca prezentuje w kwestii &#8222;raj\u00f3w&#8221;&#8230; <br>\r\n <br>\r\n Robert Gwiazdowski z Centrum Adama Smitha, na \u0142amach &#8222;Rz&#8221;, tak oto <a href=\"http:\/\/www.rp.pl\/Opinie\/303139892-Kazdy-ma-prawo--do-niskich-podatkow-Nawet-PiS.html&amp;cid=44&amp;template=restricted\" target=\"_blank\" rel=\"noopener\">skwitowa\u0142<\/a> t\u0119 informacj\u0119: &#8222;Podobno sp\u00f3\u0142ka Srebrna, nale\u017c\u0105ca do Instytutu Lecha Kaczy\u0144skiego, planuje sprzeda\u0107 nieruchomo\u015b\u0107 w Warszawie przy wykorzystaniu cypryjskiego wehiku\u0142u podatkowego. Je\u015bli to prawda, to jest bardzo dobra wiadomo\u015b\u0107. Bo oznacza, \u017ce wbrew cynicznym twierdzeniom opozycji jest tam jeszcze kto\u015b rozs\u0105dny potrafi\u0105cy liczy\u0107&#8221;.<br>\r\n <br>\r\n &#8222;Je\u015bli to prawda&#8230;&#8221;&#8230; No w\u0142a\u015bnie&#8230; Wiadomo\u015b\u0107 rozpowszechniaj\u0105 wrogie PiS-owi media, wi\u0119c ostro\u017cno\u015b\u0107 w kupowaniu tego newsa jest oczywi\u015bcie zalecana. Ale gdyby jednak by\u0142a to prawda, to co na to nasz najukocha\u0144szy premier?! Wszak Srebrna chcia\u0142aby skorzysta\u0107 przy transakcji z &#8222;raju podatkowego&#8221;. Je\u015bli by\u0142by konsekwentny, ju\u017c teraz powinien wys\u0142a\u0107 do siedziby firmy swoich zaufanych kontroler\u00f3w, by przetrzepali troch\u0119 papiery i wybili ten szalony pomys\u0142 z g\u0142owy cz\u0142onkom zarz\u0105du Srebrnej. <strong>Przecie\u017c optymalizacja podatkowa jest &#8222;be&#8221;!<\/strong><\/p>\r\n<p>A w tym zarz\u0105dzie to przecie\u017c \u017cadna krzywda nikomu si\u0119 nie dzieje. Jak <a href=\"http:\/\/www.se.pl\/wiadomosci\/polityka\/goss-pozyczyla-prezesowi-i-teraz-zarobia-80-000-zl_1043513.html\" target=\"_blank\" rel=\"noopener\">poinformowa\u0142<\/a> kilka dni temu &#8222;Superekspress&#8221;, pani Janina Goss &#8211; cz\u0142onek zarz\u0105du Srebrnej, kt\u00f3ra kilka lat temu po\u017cyczy\u0142a Jaros\u0142awowi Kaczy\u0144skiemu 200 tys. z\u0142, zasiada w radzie nadzorczej pa\u0144stwowej sp\u00f3\u0142ki PGE i tylko w roku 2017 zarobi\u0142a prawie 80 tys. z\u0142. Fakt, 80 tys. to nie kilkana\u015bcie milion\u00f3w, jednak pani Goss dzier\u017cy pono\u0107 sto\u0142ek w jeszcze innej pa\u0144stwowej firmie &#8211; BO\u015a Banku, gdzie te\u017c jej dochody licz\u0105 si\u0119 w dziesi\u0105tkach tysi\u0119cy z\u0142. <br>\r\n <br>\r\n Nie ulega wi\u0119c w\u0105tpliwo\u015bci, \u017ce w PiS-ie &#8211; jak to zauwa\u017cy\u0142 Robert Gwiazdowski &#8211; liczy\u0107 rzeczywi\u015bcie potrafi\u0105. Szkoda tylko, \u017ce reszta podatnik\u00f3w musi si\u0119 na to wszystko zrzuca\u0107. Kiedy\u015b popularne by\u0142o powiedzenie: &#8222;Umiesz liczy\u0107, licz na siebie&#8221;. I wielu Polak\u00f3w pewnie by tak chcia\u0142o, tylko \u017ce nasz najukocha\u0144szy rz\u0105d, z obecnym najukocha\u0144szym premierem Morawieckim, ci\u0105gle im w tym przeszkadza. <br>\r\n <br>\r\n K<\/p>","protected":false},"excerpt":{"rendered":"Na jednym z niedawnych szczyt\u00f3w Unii Europejskiej rozprawiano mi\u0119dzy innymi o rajach podatkowych. Na szczycie tym, nasz najukocha\u0144szy premier, Mateusz Morawiecki oznajmi\u0142, \u017ce &#8222;z rajami trzeba walczy\u0107&#8221;. Nied\u0142ugo po tej deklaracji, urz\u0119dnicy skarbowi ruszyli na nasze rodzime &#8222;raje&#8221; &#8211; tj. na wielkie bazary i targowiska. Zacz\u0119to r\u00f3wnie\u017c wzywa\u0107 na przes\u0142uchania nowo\u017ce\u0144c\u00f3w, by sprawdzi\u0107, czy i [&hellip;]","protected":false},"author":1,"featured_media":0,"comment_status":"closed","ping_status":"closed","sticky":false,"template":"","format":"standard","meta":{"_acf_changed":false,"_monsterinsights_skip_tracking":false,"_monsterinsights_sitenote_active":false,"_monsterinsights_sitenote_note":"","_monsterinsights_sitenote_category":0,"ngg_post_thumbnail":0,"footnotes":"","_wp_rev_ctl_limit":""},"categories":[8],"tags":[98,52],"acf":[],"_links":{"self":[{"href":"https:\/\/www.bibula.com\/index.php?rest_route=\/wp\/v2\/posts\/100378"}],"collection":[{"href":"https:\/\/www.bibula.com\/index.php?rest_route=\/wp\/v2\/posts"}],"about":[{"href":"https:\/\/www.bibula.com\/index.php?rest_route=\/wp\/v2\/types\/post"}],"author":[{"embeddable":true,"href":"https:\/\/www.bibula.com\/index.php?rest_route=\/wp\/v2\/users\/1"}],"replies":[{"embeddable":true,"href":"https:\/\/www.bibula.com\/index.php?rest_route=%2Fwp%2Fv2%2Fcomments&post=100378"}],"version-history":[{"count":0,"href":"https:\/\/www.bibula.com\/index.php?rest_route=\/wp\/v2\/posts\/100378\/revisions"}],"wp:attachment":[{"href":"https:\/\/www.bibula.com\/index.php?rest_route=%2Fwp%2Fv2%2Fmedia&parent=100378"}],"wp:term":[{"taxonomy":"category","embeddable":true,"href":"https:\/\/www.bibula.com\/index.php?rest_route=%2Fwp%2Fv2%2Fcategories&post=100378"},{"taxonomy":"post_tag","embeddable":true,"href":"https:\/\/www.bibula.com\/index.php?rest_route=%2Fwp%2Fv2%2Ftags&post=100378"}],"curies":[{"name":"wp","href":"https:\/\/api.w.org\/{rel}","templated":true}]}}