{"id":100275,"date":"2018-03-06T12:16:10","date_gmt":"2018-03-06T17:16:10","guid":{"rendered":"http:\/\/www.bibula.com\/?p=100275"},"modified":"2018-03-06T12:16:10","modified_gmt":"2018-03-06T17:16:10","slug":"sejm-przyjal-uchwale-w-sprawie-marca-1968-robert-winnicki-falszujecie-najnowsza-historie-polski","status":"publish","type":"post","link":"https:\/\/www.bibula.com\/?p=100275","title":{"rendered":"Sejm przyj\u0105\u0142 uchwa\u0142\u0119 w sprawie Marca 1968. Robert Winnicki: fa\u0142szujecie najnowsz\u0105 histori\u0119 Polski"},"content":{"rendered":"<p><strong>\u201eUchwa\u0142a o Marcu\u201968 nie powinna by\u0107 przyj\u0119ta w tym kszta\u0142cie, dlatego \u017ce zawiera oczywist\u0105 nieprawd\u0119\u201d, powiedzia\u0142 we wtorek w Sejmie RP pose\u0142 Robert Winnicki.<\/strong><strong>&nbsp;<\/strong><\/p>\r\n<p>Szef Ruchu Narodowego w bardzo mocnych s\u0142owach skrytykowa\u0142 przygotowany przez Sejm projekt ustawy. Jego zdaniem jego tre\u015b\u0107 fa\u0142szuje obraz najnowszej historii Polski.<strong>&nbsp;<\/strong><\/p>\r\n<p>&#8211; <em>Po pierwsze: w projekcie uchwa\u0142y nie ma mowy o tym, \u017ce wydarzenia sprzed 50 lat by\u0142y skutkiem m.in. walki frakcji w \u0142onie PZPR, i \u017ce to by\u0142 jeden z g\u0142\u00f3wnych powod\u00f3w dla kt\u00f3rych wydarzy\u0142 si\u0119 Marzec\u201968. Po drugie: opis Marca\u201968 nie jest prawdziwy, je\u017celi nie powiemy o tym, \u017ce wtedy wyjecha\u0142o z Polski r\u00f3wnie\u017c co najmniej tysi\u0105c stalinist\u00f3w: ubek\u00f3w, morderc\u00f3w s\u0105dowych, oficer\u00f3w Ludowego Wojska Polskiego, takich jak Stefan Michnik czy Helena Woli\u0144ska. Bez powiedzenia tej prawdy &nbsp;uchwa\u0142a o Marcu\u201968 jest po prostu nieprawdziwa<\/em> &#8211; powiedzia\u0142 Winnicki. Jego wypowied\u017a nie spodoba\u0142a si\u0119 wi\u0119kszo\u015bci zasiadaj\u0105cych w Sejmie pos\u0142\u00f3w, kt\u00f3rzy zacz\u0119li krzycze\u0107, gwizda\u0107, bucze\u0107 i tupa\u0107.<\/p>\r\n<p>&#8211; <em>W imieniu Ruchu Narodowego domagam si\u0119 prawdy o Marcu\u201968! Nie tw\u00f3rzmy mitologii na temat tamtych wydarze\u0144, kt\u00f3re s\u0105 jednym z mit\u00f3w za\u0142o\u017cycielskich III RP<\/em> &#8211; doda\u0142 Winnicki.<\/p>\r\n<p>Po wyst\u0105pieniu szefa Ruchu Narodowego g\u0142os zabra\u0142 pose\u0142 Piotr Babinetz (PiS), kt\u00f3ry przedstawi\u0142 tre\u015b\u0107 uchwa\u0142y w sprawie 50. rocznicy Marca\u201968.<\/p>\r\n<p>W dokumencie podkre\u015blono, \u017ce Marzec\u201968 rozpocz\u0105\u0142 si\u0119 od protest\u00f3w przeciwko zdj\u0119ciu ze sceny Teatru Narodowego \u201eDziad\u00f3w\u201d w inscenizacji Kazimierza Dejmka. Dodano, \u017ce spektakl ten by\u0142 \u201esprzeciwem wobec totalitarnej dyktatury, cenzury i prze\u015bladowa\u0144 politycznych\u201d.<\/p>\r\n<p>\u201eOdpowiedzi\u0105 w\u0142adz sta\u0142o si\u0119 uruchomienie represji wobec uczestnik\u00f3w demonstracji, rozpocz\u0119cie fali antysemickich czystek oraz nagonki prasowej. Komuni\u015bci u\u017cyli ca\u0142ego szeregu k\u0142amstw, dokonuj\u0105c publicznych spektakli nienawi\u015bci w \u015brodkach masowego przekazu. Dosz\u0142o tak\u017ce do brutalnych dzia\u0142a\u0144 s\u0142u\u017cb specjalnych pa\u0144stwa policyjnego: aresztowa\u0144, proces\u00f3w politycznych, masowych zwolnie\u0144 z pracy i relegacji z uczelni\u201d \u201d\u201d napisano w uchwale.<\/p>\r\n<p>Autorzy uchwa\u0142y podkre\u015blili ponadto, \u017ce Sejm RP, pami\u0119taj\u0105c o \u201edramatycznych losach \u017byd\u00f3w polskich &#8211; zmuszanych przez w\u0142adze komunistyczne do opuszczenia Polski w 1968 roku, wyra\u017ca zdecydowany sprzeciw wobec jakichkolwiek objaw\u00f3w antysemityzmu\u201d.<\/p>\r\n<p>\u201eSejm Rzeczypospolitej Polskiej solidaryzuje si\u0119 z obywatelami polskimi, niezale\u017cnie od ich narodowo\u015bci i wyznania, mieszkaj\u0105cymi w kraju i za granic\u0105, prze\u015bladowanymi przez re\u017cim komunistyczny oraz wyra\u017ca najwy\u017cszy szacunek dla odwagi i po\u015bwi\u0119cenia tych, kt\u00f3rzy podj\u0119li walk\u0119 z komunizmem\u201d \u201d\u201d g\u0142osi tre\u015b\u0107 uchwa\u0142y.<\/p>\r\n<p>Na koniec zaznaczono, \u017ce \u201eSejm RP wyra\u017ca szacunek dla wszystkich walcz\u0105cych w\u00f3wczas o wolno\u015b\u0107 i demokracj\u0119, pot\u0119pia komunistycznych organizator\u00f3w antysemickich prze\u015bladowa\u0144 oraz dzi\u0119kuje za solidarno\u015b\u0107 z prze\u015bladowanymi\u201d.<\/p>\r\n<p>Po odczytaniu tre\u015bci uchwa\u0142y niemal wszyscy zebrani w Sejmie pos\u0142owie wstali i zacz\u0119li bi\u0107 gromkie brawa. Nast\u0119pnie g\u0142os ponownie zabra\u0142 pose\u0142 Winnicki. &#8211; <em>Trzeba jasno powiedzie\u0107, \u017ce jeden z mit\u00f3w za\u0142o\u017cycielskich III RP to w\u0142a\u015bnie Marzec\u201968, w kt\u00f3rym to jedna frakcja PZPR walczy\u0142a z drug\u0105 i podzia\u0142y narodowo\u015bciowe by\u0142y tylko pretekstem. W jednej frakcji by\u0142o troch\u0119 wi\u0119cej \u017byd\u00f3w, a w drugiej troch\u0119 mniej. Taka jest prawda<\/em> &#8211; m\u00f3wi\u0142 staraj\u0105c si\u0119 nie reagowa\u0107 na kolejn\u0105 fal\u0119 buczenia i tupania wymierzon\u0105 w jego kierunku.<\/p>\r\n<p>&#8211; <em>Trzeba powiedzie\u0107 poza tym, \u017ce w Marcu\u201968 i po nim bezpo\u015brednio z Polski wyjecha\u0142o ponad tysi\u0105c stalinist\u00f3w, ponad tysi\u0105c tych kt\u00f3rzy byli mordercami s\u0105dowymi, jak Helena Woli\u0144ska czy Stefan Michnik! UB-k\u00f3w, morderc\u00f3w \u0179W i innych. Tego nie ma w projekcie tej uchwa\u0142y! I dlatego nie mo\u017ce by\u0107 zgody na fa\u0142szowanie najnowszej historii Polski<\/em> &#8211; powt\u00f3rzy\u0142 Winnicki.<\/p>\r\n<p>Za przyj\u0119ciem uchwa\u0142y g\u0142osowa\u0142o 424 pos\u0142\u00f3w, przeciw 3, wstrzyma\u0142o si\u0119 2 pos\u0142\u00f3w. Pierwotnie uchwa\u0142a mia\u0142a by\u0107 przyj\u0119ta przez aklamacj\u0119.<\/p>\r\n<p>\u0179r\u00f3d\u0142o: TVP Parlament<\/p>\r\n<p>TK<\/p>\r\n<p class=\"zrodlo\">Za: <a href=\"http:\/\/www.pch24.pl\/sejm-przyjal-uchwale-w-sprawie-marca-1968--robert-winnicki--falszujecie-najnowsza-historie-polski,58719,i.html\">PoloniaChristiana &#8211; pch24.pl (2018-03-06)<\/a><\/p>\r\n<h4>&nbsp;<\/h4>\r\n<hr style=\"background-color: #000000; border-width: 0; color: #000000; height: 2px; line-height: 0; text-align: center; width: 100%;\">\r\n<h4>&nbsp;<\/h4>\r\n<h2>Pawe\u0142 Lisicki dla PCh24: w Marcu\u201968 to komuni\u015bci chcieli pozby\u0107 si\u0119 \u017cydowskich konkurent\u00f3w<\/h2>\r\n<p><strong><em>Polscy komuni\u015bci wykorzystali antysemityzm do rozgrywek frakcyjnych. Zdawali sobie doskonale spraw\u0119, jak wielk\u0105 niepopularno\u015bci\u0105 ciesz\u0105 si\u0119 w spo\u0142ecze\u0144stwie \u017bydzi z powodu ich wcze\u015bniejszego masowego zaanga\u017cowania w budow\u0119 systemu terroru po 1944 roku &#8211; <\/em>m\u00f3wi w rozmowie z portalem PCh24.pl Pawe\u0142 Lisicki, redaktor naczelny tygodnika \u201eDo Rzeczy\u201d, autor ksi\u0105\u017cki \u201eKrew na naszych r\u0119kach?\u201d.<\/strong><\/p>\r\n<p><strong><em>Po co by\u0142 komunistom Marzec\u201968?<\/em><\/strong><\/p>\r\n<p>W Polsce komuni\u015bci wykorzystali antysemityzm do rozgrywek frakcyjnych. Zdawali sobie doskonale spraw\u0119, jak wielk\u0105 niepopularno\u015bci\u0105 ciesz\u0105 si\u0119 w spo\u0142ecze\u0144stwie \u017bydzi z powodu ich wcze\u015bniejszego masowego zaanga\u017cowania w budow\u0119 systemu terroru po 1944 roku.<\/p>\r\n<p>Wed\u0142ug wszystkich znanych raport\u00f3w, tak \u00f3wczesnych dyplomat\u00f3w jak i ustale\u0144 historyk\u00f3w, \u017bydzi dominowali w wy\u017cszych strukturach bezpiecze\u0144stwa, propagandy i gospodarki. W du\u017cej mierze by\u0142o to \u015bwiadome posuni\u0119cie Stalina, kt\u00f3ry m\u00f3g\u0142 by\u0107 pewien ich lojalno\u015bci i braku skrupu\u0142\u00f3w. To dodatkowo podsyca\u0142o niech\u0119\u0107 do nich.<\/p>\r\n<p>Z tego postanowili skorzysta\u0107 polscy komuni\u015bci, \u017ceby pozby\u0107 si\u0119 \u017cydowskich konkurent\u00f3w w walce o w\u0142adz\u0119. \u0179eby skutecznie przeprowadzi\u0107 t\u0119 operacj\u0119 pr\u00f3bowali wznieci\u0107 kampani\u0119 antysemick\u0105, w ten spos\u00f3b ukrywaj\u0105c swoje istotne cele. Jednak z ograniczon\u0105 skuteczno\u015bci\u0105, bo Polacy niech\u0119tnie w niej uczestniczyli.<\/p>\r\n<p><strong><em>Stosunki polsko-\u017cydowskie by\u0142y do niedawna tematem tabu. Je\u015bli ju\u017c temat ten by\u0142 poruszany, to tylko po to, aby przedstawi\u0107 Polak\u00f3w w jak najbardziej negatywnym \u015bwietle, jako rasist\u00f3w i antysemit\u00f3w. Sk\u0105d takie podej\u015bcie do tej kwestii?<\/em><\/strong><\/p>\r\n<p>W tak zwanej historiografii \u015bwiatowej ca\u0142kowicie dominuje \u017cydowski punkt widzenia. To co\u015b, co w ksi\u0105\u017cce \u201eKrew na naszych r\u0119kach?\u201d nazwa\u0142em \u201eReligi\u0105 Holocaustu\u201d. Wszystkie konflikty polsko-\u017cydowskie, kt\u00f3re by\u0142y czym\u015b naturalnym, bior\u0105c pod uwag\u0119 r\u00f3\u017cnice religijne, kulturowe, j\u0119zykowe, obyczajowe plus konkurencj\u0119 ekonomiczn\u0105, pr\u00f3buje si\u0119 przedstawi\u0107 w taki spos\u00f3b, aby odpowiada\u0142o to dogmatom holocaustianizmu.<\/p>\r\n<p>A wi\u0119c pokazuje si\u0119 \u017byd\u00f3w zawsze jako ofiary, a Polak\u00f3w jako prowodyr\u00f3w i sprawc\u00f3w. U\u017cywa si\u0119 fa\u0142szywych miar i b\u0142\u0119dnych kryteri\u00f3w. Konflikt polsko \u017cydowski przed wojn\u0105 przypomina\u0142 klasyczne konflikty narodowo\u015bciowe w USA, Korea\u0144czyk\u00f3w z Latynosami, czy czarnych z bia\u0142ymi na po\u0142udniu. Chodzi o to, by udowodni\u0107, \u017ce Hitler dokonuj\u0105c holocaustu, m\u00f3g\u0142 liczy\u0107 na poparcie Polak\u00f3w. W ten spos\u00f3b w\u0142\u0105cza si\u0119 ich w niemieck\u0105 win\u0119.<\/p>\r\n<p><strong><em>Dlaczego \u201eofiary Marca\u201968\u201d s\u0105 dzi\u015b gloryfikowane i przedstawiane jako ci skrzywdzeni przez Polak\u00f3w? Dlaczego nikt na Zachodzie nawet nie chce si\u0119 zaj\u0105kn\u0105\u0107 o krwawych kartach w ich \u017cyciorysie?<\/em><\/strong><\/p>\r\n<p>To r\u00f3wnie\u017c efekt holocaustianizmu. Skoro \u017bydzi byli ofiar\u0105 absolutn\u0105, to nie wolno my\u015ble\u0107 o nich jako o mo\u017cliwych sprawcach. M\u00f3wi si\u0119 zatem, \u017ce je\u015bli zdarzali si\u0119 \u017cydowscy komuni\u015bci, kt\u00f3rych liczb\u0119 zwykle si\u0119 pomniejsza, to albo odreagowywali holocaust, albo pr\u00f3bowali przed nim uciec. W ten spos\u00f3b ka\u017cdy komunistyczny zbrodniarz \u017cydowskiego pochodzenia z g\u00f3ry niejako zostaje usprawiedliwiony: m\u00f3g\u0142 zgin\u0105\u0107 w holocau\u015bcie. Inaczej traktuje si\u0119 sprawc\u00f3w nale\u017c\u0105cych do innych narod\u00f3w, na przyk\u0142ad polskich zbrodniarzy.<\/p>\r\n<p><strong><em>Dlaczego 50 lat po wydarzeniach marca 1968 powsta\u0142o na ten temat tak niewiele ksi\u0105\u017cek, film\u00f3w, seriali dokumentalnych? Dlaczego \u017caden rz\u0105d nie zorganizowa\u0142 kampanii skierowanej do przedstawicieli Zachodu w tej sprawie? Dlaczego w polskich plac\u00f3wkach dyplomatycznych nie przygotowano paneli dyskusyjnych, konferencji naukowych etc.? A mo\u017ce komu\u015b jest na r\u0119k\u0119 przyklejanie do Polak\u00f3w \u0142atki antysemit\u00f3w?<\/em><\/strong><\/p>\r\n<p>Po pierwsze po 1989 roku \u017caden rz\u0105d nie docenia\u0142 znaczenia walki o pami\u0119\u0107. Obecny za\u015b rz\u0105d wprawdzie rozumie znaczenie polityki historycznej i wag\u0119 to\u017csamo\u015bci, jednak w sensie praktycznym wykazuje si\u0119 daleko id\u0105ca amatorszczyzn\u0105. Dzia\u0142a reaktywnie, rozpoczyna wojn\u0119 z daleko silniejszym przeciwnikiem nie b\u0119d\u0105c do niej przygotowany, dokonuje szar\u017c bez strategicznego rachunku zysk\u00f3w i strat.<\/p>\r\n<p>Z perspektywy holocaustanizmu Polakom zosta\u0142a przypisana rola wsp\u00f3\u0142sprawc\u00f3w. Nie mo\u017cemy si\u0119 na to godzi\u0107. Ale jedn\u0105 rzecz\u0105 jest s\u0142uszna niezgoda, drug\u0105 roztropny spos\u00f3b przeciwdzia\u0142ania. Trzeba szuka\u0107 te\u017c sprzymierze\u0144c\u00f3w w\u015br\u00f3d \u015brodowisk \u017cydowskich, tych, kt\u00f3rzy s\u0105 krytycznie nastawieni do w\u0142asnej przesz\u0142o\u015bci, dla kt\u00f3rych udzia\u0142 \u017byd\u00f3w w systemie komunistycznym nie jest powodem do chwa\u0142y, ale rzecz\u0105 godn\u0105 pot\u0119pienia.<\/p>\r\n<p>Nie wszyscy \u017bydzi s\u0105 wyznawcami holocaustianizmu, s\u0105 tam te\u017c, s\u0142abe wprawdzie, ale jednak, \u015brodowiska krytyczne wobec obecnie dominuj\u0105cej propagandy.<\/p>\r\n<p><strong><em>Dlaczego to w\u0142a\u015bnie \u017bydzi tak ch\u0119tnie brali udzia\u0142 w tworzeniu totalitaryzm\u00f3w? Wspomn\u0119 tylko najbli\u017cszych wsp\u00f3\u0142pracownik\u00f3w Lenina: Trocki, Sokolnikow, Zinowiew, Kamieniew.<\/em><\/strong><\/p>\r\n<p>Faktycznie, od drugiej po\u0142owy XIX wieku liczba \u017byd\u00f3w w grupach anarchist\u00f3w, komunist\u00f3w, r\u00f3\u017cnego rodzaju lewicowych radyka\u0142\u00f3w staje si\u0119 coraz wi\u0119ksza, tak, \u017ce na prze\u0142omie wieku XIX i XX dominuj\u0105 ju\u017c w ruchu komunistycznym. Powod\u00f3w jest kilka.<\/p>\r\n<p>Po pierwsze m\u0142odzie\u017c \u017cydowska podlega takim samym procesom jak w og\u00f3le \u00f3wczesna m\u0142odzie\u017c: odej\u015bcie od religii przodk\u00f3w, od odziedziczonej wiary dotyka wszystkie \u015brodowiska.<\/p>\r\n<p>Po drugie w\u015br\u00f3d rewolucjonist\u00f3w w Rosji w og\u00f3le du\u017co by\u0142o przedstawicieli podbitych narod\u00f3w, kt\u00f3rzy nie uto\u017csamiali si\u0119 z pa\u0144stwem car\u00f3w, m.in. Polak\u00f3w i \u0141otyszy.<\/p>\r\n<p>W przypadku \u017byd\u00f3w zerwanie z tradycj\u0105 ojc\u00f3w ma wyj\u0105tkowo gwa\u0142towny przebieg. W Rosji carskiej cho\u0107by, kt\u00f3ra w drugiej po\u0142owie XIX wieku sta\u0142a si\u0119 g\u0142\u00f3wn\u0105 wyl\u0119garnia rewolucjonist\u00f3w, \u017bydzi mieli zamkni\u0119te drogi kariery i awansu spo\u0142ecznego. Komunizm oferowa\u0142 im w og\u00f3le zapomnienie o kwestii przynale\u017cno\u015bci narodowej.<\/p>\r\n<p>By\u0142y te\u017c dodatkowe czynniki t\u0142umacz\u0105ce atrakcyjno\u015b\u0107 komunizmu dla \u017byd\u00f3w. Pierwszym by\u0142a radykalnie antychrze\u015bcija\u0144ska tradycja, w kt\u00f3rej zostali wychowani, kt\u00f3r\u0105 wynie\u015bli z domu. Dla nich nie tylko konkretne pa\u0144stwo narodowe by\u0142o zagro\u017ceniem, ale w og\u00f3le ka\u017cde pa\u0144stwo chrze\u015bcija\u0144skie. \u0141atwiej ni\u017c przedstawicielom innych narod\u00f3w przychodzi\u0142o im my\u015ble\u0107 o ca\u0142kowitym obaleniu systemu religijnego, ko\u015bcielnego.<\/p>\r\n<p>Nie maj\u0105c w\u0142asnego pa\u0144stwa i nie b\u0119d\u0105c przywi\u0105zanym do \u017cadnej konkretnej tradycji pa\u0144stwowej byli idealnym narz\u0119dziami do realizacji ideologii anarchistycznej i komunistycznej. Drugim dodatkowym czynnikiem, opr\u00f3cz antychrystianizmu, by\u0142 r\u00f3wnie\u017c wynikaj\u0105cy z tradycji, ekskluzywizm. Judaizm by\u0142 skrajnie, w sensie narodowym, ekskluzywny. Chrze\u015bcija\u0144stwo by\u0142o religi\u0119, w oczach \u017byd\u00f3w, prze\u015bladowc\u00f3w, religia z\u0142\u0105. Zatem w komunizmie odnajdywali jedn\u0105 w\u0142a\u015bciw\u0105 form\u0119 uniwersalizmu. Liczni \u017cydowscy rewolucjoni\u015bci zachowali zniekszta\u0142con\u0105, ze\u015bwiecczon\u0105 form\u0119 dawnej religii, z kt\u00f3rej przej\u0119li wrogo\u015b\u0107 do chrze\u015bcija\u0144stwa i Ko\u015bcio\u0142a, silne poczucie solidarno\u015bci grupowej i t\u0119sknot\u0119 za uniwersalizmem antyreligijnym.<\/p>\r\n<p><strong><em>Czy zgodzi si\u0119 Pan z twierdzeniem, \u017ce Marzec\u201968 jest naturaln\u0105 konsekwencj\u0105 totalitarnej codzienno\u015bci? Przecie\u017c historia niejednokrotnie pokazywa\u0142a, \u017ce tego typu systemu potrzebuj\u0105 wrog\u00f3w zar\u00f3wno rzeczywistych jak i urojonych, kt\u00f3rych mo\u017cna \u201ebezkarnie\u201d eksterminowa\u0107. <\/em><\/strong><\/p>\r\n<p>Systemy totalitarne wywodz\u0105 si\u0119, je\u015bli chodzi o ich korzenie, z my\u015bli o\u015bwieceniowej. To tam, w po\u0142owie XVIII wieku pierwszy raz pojawi\u0142a si\u0119 idea ca\u0142kowitej przebudowy spo\u0142ecze\u0144stwa, uformowania go na nowo, zgodnie z r\u00f3\u017cnymi wcze\u015bniej przyj\u0119tymi za\u0142o\u017ceniami. Mieli je wypracowa\u0107 w spos\u00f3b naukowy i niepodwa\u017calny filozofowie.<\/p>\r\n<p>Pierwsza wielka zbrodnia masowa, zbrodnia ludob\u00f3jcza mia\u0142a miejsce w Wandei, w czasie Rewolucji Francuskiej, a to, \u017ce do niej dosz\u0142o wynika\u0142o wprost z ideologicznych za\u0142o\u017ce\u0144 radykalnych jakobin\u00f3w. Skoro jaka\u015b grupa ludno\u015bci nie chcia\u0142a dopasowa\u0107 si\u0119 do stwierdzonego rzekomo w spos\u00f3b naukowy nowego modelu spo\u0142ecze\u0144stwa, to nale\u017ca\u0142o j\u0105 zlikwidowa\u0107.<\/p>\r\n<p>Wed\u0142ug \u00f3wczesnych radyka\u0142\u00f3w Pan B\u00f3g nie istnia\u0142, a cz\u0142owiek nie mia\u0142 \u017cadnej osobnej, przyrodzonej, bezwarunkowej warto\u015bci. Tak jak mamy prawo pozbywa\u0107 si\u0119 szkodliwych insekt\u00f3w czy zwierz\u0105t, tak te\u017c, my\u015bleli rewolucjoni\u015bci, nale\u017cy usun\u0105\u0107 zbytecznych, szkodliwych ludzi. Ludzi zb\u0119dnych i niebezpiecznych z punktu widzenia powodzenia projektu ideologicznego nale\u017ca\u0142o zatem eliminowa\u0107, tak m\u0119\u017cczyzn, jak kobiety i dzieci.<\/p>\r\n<p>Ten sam mechanizm dzia\u0142a\u0142 w przypadku Hitlera czy Stalina. Pierwszy uznawa\u0142 za niepodwa\u017calne ustalenia ideologii darwinizmu spo\u0142ecznego i rasowego. Zgodnie z t\u0105 pseudonauk\u0105 r\u00f3\u017cne rasy mia\u0142y r\u00f3\u017cn\u0105 warto\u015b\u0107. Nie istnia\u0142 B\u00f3g i nie obowi\u0105zywa\u0142o bezwarunkowe prawo moralne &#8211; uwa\u017cali niemieccy nazi\u015bci. Przysz\u0142o\u015b\u0107 nale\u017ca\u0142a do tego, kto dysponowa\u0142 naukowym kluczem do jej okre\u015blenia. Trzeba by\u0142o zatem usun\u0105\u0107 ludzi rasy ni\u017cszej, ludzi s\u0142abszych i chorych, \u017ceby zapewni\u0107 wspania\u0142\u0105 przysz\u0142o\u015b\u0107 czystych Aryjczyk\u00f3w.<\/p>\r\n<p>Z kolei Stalin uznawa\u0142 za prawdziw\u0105 teori\u0119 klas, zgodnie z kt\u00f3r\u0105 nale\u017ca\u0142o wyeliminowa\u0107 klasy bur\u017cuazyjne i arystokratyczne, co mia\u0142o przynie\u015b\u0107 raj na ziemi i panowanie klasy robotniczej. W obu przypadkach rozumowanie by\u0142o dok\u0142adnie takie samo. Zaczyna\u0142o si\u0119 od przyj\u0119cia za prawdziwe rzekomych ustale\u0144 nauki a nast\u0119pnie wprowadza\u0142o si\u0119 je w \u017cycie. Je\u015bli nauka &#8211; teoria ras czy klas &#8211; domaga\u0142a si\u0119 usuni\u0119cia jakiej\u015b grupy to odpowiedzialny przyw\u00f3dca mia\u0142 tego dokona\u0107.<\/p>\r\n<p><strong><em>Dzi\u0119kuj\u0119 za rozmow\u0119.<\/em><\/strong><\/p>\r\n<p>Tomasz D. Kolanek<\/p>\r\n<p class=\"zrodlo\">Za: <a href=\"http:\/\/www.pch24.pl\/pawel-lisicki-dla-pch24--w-marcu68-to-komunisci-chcieli-pozbyc-sie-zydowskich-konkurentow--,58722,i.html\">PoloniaChristiana &#8211; pch24.pl (2018-03-06)<\/a><\/p>\r\n<h4>&nbsp;<\/h4>\r\n<hr style=\"background-color: #000000; border-width: 0; color: #000000; height: 2px; line-height: 0; text-align: center; width: 100%;\">\r\n<h4>&nbsp;<\/h4>\r\n<h2>Marzec \u201968 i \u017cydowska w\u015bciek\u0142o\u015b\u0107 za\u2026 antykomunizm<\/h2>\r\n<p><strong>Pi\u0119\u0107dziesi\u0105ta rocznica Marca \u201968 w Polsce wykorzystywana jest przez lewicowe gazety, media diaspory \u017cydowskiej i izraelskie (a tak\u017ce niemieckie), by ponownie uderzy\u0107 w rzekomy \u201etradycyjny polski antysemityzm\u201d. Niekt\u00f3rych wp\u0142ywowych dzia\u0142aczy \u017cydowskich &#8211; takich jak Efraim Zuroff &#8211; oburza jednak fakt, i\u017c polski rz\u0105d \u201emia\u0142 czelno\u015b\u0107\u201d uzna\u0107 komunizm za system zbrodniczy, nazwa\u0107 \u201eludob\u00f3jczym\u201d i zr\u00f3wna\u0107 z nazizmem. Bo wynika\u0142oby z tego, \u017ce skoro komunizm by\u0142 \u201eludob\u00f3jczy\u201d, to \u017bydzi zajmuj\u0105cy wysokie stanowiska w strukturach partii komunistycznej byli \u201eludob\u00f3jcami\u201d. A to podoba\u0107 si\u0119 nie mo\u017ce. <\/strong><\/p>\r\n<p>O polskim Marcu \u201968 pisze si\u0119 w dwojaki spos\u00f3b. Przede wszystkim w kontek\u015bcie \u201etradycyjnego polskiego antysemityzmu\u201d, kt\u00f3ry doprowadzi\u0142 do wygnania po\u0142owy z szacowanej na 30 tysi\u0119cy os\u00f3b wsp\u00f3lnoty \u017cydowskiej. Ci jej reprezentanci, kt\u00f3rzy pozostali, zacz\u0119li ukrywa\u0107 swoj\u0105 to\u017csamo\u015b\u0107, os\u0142abiaj\u0105c tym samym obecno\u015b\u0107 kultury \u017cydowskiej w naszym kraju.<\/p>\r\n<p>Nieco inaczej pisano jeszcze przed \u201eafer\u0105\u201d z nowelizacj\u0105 ustawy o IPN. Po jej przyj\u0119ciu, a tak\u017ce p\u00f3\u017aniejszych dzia\u0142aniach, nasili\u0142a si\u0119 antypolska retoryka &#8211; i to mimo i\u017c izraelscy politycy przyznaj\u0105, \u017ce Polska to najwa\u017cniejszy sojusznik spo\u015br\u00f3d pa\u0144stw UE, pomagaj\u0105cy os\u0142abia\u0107 antyizraelskie rezolucje. Ma wa\u017cne znaczenie biznesowe dla rozwoju izraelskiej bran\u017cy nowych technologii. Tel Awiw jest te\u017c zainteresowany sprzeda\u017c\u0105 gazu do Polski, a tak\u017ce \u015bcis\u0142\u0105 wsp\u00f3\u0142prac\u0105 z nami przy rozwoju odnawialnych \u017ar\u00f3de\u0142 energii.<\/p>\r\n<p><strong>Tylko tu uda\u0142o si\u0119 reaktywowa\u0107 wsp\u00f3lnot\u0119 \u017cydowsk\u0105 <\/strong><\/p>\r\n<p>Jeszcze w 2012 roku Agencja Praw Podstawowych, kt\u00f3ra przeprowadzi\u0142a badania na grupie 5 847 \u017byd\u00f3w w Belgii, Francji, Niemczech, na W\u0119grzech, we W\u0142oszech, na \u0141otwie, w Szwecji i Wielkiej Brytanii. Stwierdzi\u0142a, i\u017c dwie trzecie ankietowanych uwa\u017ca\u0142a antysemityzm w tych krajach za powa\u017cny problem. Na W\u0119grzech stwierdzi\u0142o tak 90, a we Francji &#8211; 85 procent. Z badania europejskiej agencji dowiadujemy si\u0119 tak\u017ce, \u017ce 38 procent \u017byd\u00f3w unika\u0142o noszenia rzeczy, kt\u00f3re pozwoli\u0142yby na identyfikacj\u0119 ich narodowo\u015bci. We Francji czyni\u0142a tak po\u0142owa badanych a w \u201etolerancyjnej\u201d Szwecji, kt\u00f3ra gani Polsk\u0119 za \u201eksenofobi\u0119\u201d, nawet 60 procent. Badanie wykaza\u0142o, \u017ce prawie po\u0142owa \u017byd\u00f3w z tych pa\u0144stw chcia\u0142a wyjecha\u0107 do Izraela lub innego kraju, obawiaj\u0105c si\u0119 atak\u00f3w fizycznych. Francj\u0119 chcia\u0142o opu\u015bci\u0107 a\u017c 70 procent \u017byd\u00f3w.<\/p>\r\n<p>Jako \u017ce diaspora pe\u0142ni wa\u017cn\u0105 funkcj\u0119 w polityce zagranicznej Izraela, Europejskie Centrum Monitorowania Rasizmu i Ksenofobii (EUMC) &#8211; obecnie Agencja Praw Podstawowych &#8211; przygotowa\u0142o now\u0105, robocz\u0105 definicj\u0119 antysemityzmu. Obj\u0119\u0142a ona nie tylko rasowe czy religijne uprzedzenia do samych \u017byd\u00f3w, ale r\u00f3wnie\u017c krytyk\u0119 polityki Izraela, por\u00f3wnywanie jej do \u201erasistowskiej\u201d polityki narodowo-socjalistycznych Niemiec.<\/p>\r\n<p>O tych i innych kwestiach parlamentarzy\u015bci izraelscy oraz wa\u017cni politycy z Europy oraz USA dyskutowali na pierwszej, historycznej sesji zagranicznej Knesetu. Zorganizowano j\u0105 w Polsce w styczniu 2014 roku. Wtedy to w mediach wydawanych w Izraelu oraz Stanach Zjednoczonych ukaza\u0142o si\u0119 szereg artyku\u0142\u00f3w o imponuj\u0105cym odrodzeniu \u017cydowskim w naszym kraju. Autorzy tych materia\u0142\u00f3w nie pi\u0119tnowali \u201epolskiego antysemityzmu\u201d. Wypowiadaj\u0105cy si\u0119 na \u0142amach gazet \u017bydzi m\u00f3wili, \u017ce dobrze czuj\u0105 si\u0119 w Polsce i z wielk\u0105 nadziej\u0105 patrz\u0105 w przysz\u0142o\u015b\u0107. Dziennikarze czo\u0142owych gazet (ameryka\u0144skich i izraelskich) pisali o m\u0142odej generacji \u017byd\u00f3w, \u201eodkrywaj\u0105cych\u201d swe korzenie oraz o m\u0142odych Polakach, kt\u00f3rzy zaanga\u017cowali si\u0119 w propagowanie ich kultury. Wierzono, \u017ce mo\u017cliwe jest odrodzenie du\u017cej wsp\u00f3lnoty \u017cydowskiej w Polsce.<\/p>\r\n<p>Sami \u017bydzi szacuj\u0105, \u017ce w naszym kraju mieszka oko\u0142o 25 tysi\u0119cy os\u00f3b, kt\u00f3re maj\u0105 takie jak oni korzenie, ale o nich nie wiedz\u0105. Dlatego te\u017c zadaniem instytucji odradzaj\u0105cych si\u0119 w Krakowie, Warszawie i \u0141odzi jest u\u015bwiadomienie im tego. Wszyscy byli zgodni, \u017ce w Polsce nie ma antysemityzmu na du\u017c\u0105 skal\u0119 &#8211; takiego jak w innych krajach europejskich, na przyk\u0142ad Francji.<\/p>\r\n<p>Jonathan Ornstein, szef Centrum Wsp\u00f3lnoty \u017bydowskiej w Krakowie wyrazi\u0142 si\u0119 jeszcze bardziej dobitnie, stwierdzaj\u0105c w 2012 r. dla \u201eThe Tablet\u201d, i\u017c \u201ePolska jest jedynym krajem w Europie, gdzie powiod\u0142y si\u0119 pr\u00f3by reaktywowania wsp\u00f3lnoty \u017cydowskiej. W wi\u0119kszo\u015bci przypadk\u00f3w pr\u00f3by o\u017cywienia tej wsp\u00f3lnoty w krajach europejskich nie by\u0142y pozytywnym do\u015bwiadczeniem. Polska jest jedynym krajem na \u015bwiecie, w kt\u00f3rym bycie \u017bydem na co dzie\u0144 jest bezpieczniejsze, \u0142atwiejsze i bardziej akceptowalne ni\u017c gdzie indziej\u201d. W owym czasie zwracano tak\u017ce uwag\u0119, \u017ce spo\u015br\u00f3d pa\u0144stw ca\u0142ej Europy to w\u0142a\u015bnie nad Wis\u0142\u0105 mo\u017cna robi\u0107 najlepsze interesy. &#8211; <em>Polski rz\u0105d dostaje rocznie r\u00f3wnowarto\u015b\u0107 dwudziestu miliard\u00f3w dolar\u00f3w z funduszy europejskich na rozw\u00f3j przemys\u0142u i infrastruktury, a dotacje oferowane na za\u0142o\u017cenie nowych firm innowacyjnych (start-ups) s\u0105 naprawd\u0119 sowite. Za ka\u017cdego dolara wniesionego przez firm\u0119 zagraniczn\u0105 do gospodarki polskiej w postaci my\u015bli innowacyjnej, rz\u0105d daje trzy dolary w formie dotacji. Polski rz\u0105d jest wyj\u0105tkowo zainteresowany izraelskimi technologiami <\/em>&#8211; przekonywa\u0142 inwestor\u00f3w z Tel Awiwu ekspert David Vita. Stwierdzi\u0142 tak\u017ce: &#8211; <em>Nikt w Polsce nie neguje Holokaustu ani faktu pomagania nazistom przez niekt\u00f3rych Polak\u00f3w (\u2026). W pewnym sensie Polacy s\u0105 bardziej otwarci na m\u00f3wienie o Holokau\u015bcie ni\u017c my sami. <\/em><em>&nbsp;<\/em><\/p>\r\n<p><strong>Co si\u0119 wi\u0119c sta\u0142o, \u017ce \u017bydzi demonizuj\u0105 rzekomy \u201epolski antysemityzm\u201d?<\/strong><\/p>\r\n<p>25 stycznia &#8211; jeszcze przed wybuchem \u201eafery\u201d w sprawie ustawy o IPN &#8211; \u201eThe Jewish Chronicle\u201d, najstarszy i bardzo wp\u0142ywowy tygodnik \u017cydowski (wydawany w Londynie od 1841 roku), pisa\u0142 o polskim Marcu \u201968 zwracaj\u0105c uwag\u0119 na tajne porozumienie z rz\u0105dem brytyjskim dla umo\u017cliwienia wjazdu polskich \u017byd\u00f3w do Wielkiej Brytanii.<\/p>\r\n<p>\u201eAntysemityzm ze strony nominalnie socjalistycznego rz\u0105du polskiego doprowadzi\u0142 do tajnej umowy o z\u0142agodzeniu warunk\u00f3w wst\u0119pnych dla polskich \u017byd\u00f3w poszukuj\u0105cych schronienia\u201d &#8211; czytamy. Gazeta przypomnia\u0142a, \u017ce lobby \u017cydowskie w r\u00f3\u017cnych krajach podj\u0119\u0142o dzia\u0142ania, by rz\u0105dy zezwoli\u0142y na wjazd \u017byd\u00f3w, nazywanych \u201epi\u0105t\u0105 kolumn\u0105\u201d i \u201ewyp\u0119dzonych\u201d z pracy i dom\u00f3w w Polsce. Medium przypomnia\u0142o, \u017ce w tym roku przypada 50. rocznica \u201ekampanii antysemickiej z 1968 r.\u201d, w wyniku kt\u00f3rej po\u0142owa polskich \u017byd\u00f3w opu\u015bci\u0142a kraj. Na pocz\u0105tku 1968 roku ruch protestu studenckiego nabra\u0142 rozp\u0119du w Polsce, podobnie jak w wielu krajach, a rz\u0105d komunistyczny zareagowa\u0142 antysemick\u0105 kampani\u0105, by go powstrzyma\u0107 &#8211; komentuje pismo. \u201ePocz\u0105tkowe protesty nie mia\u0142y nic wsp\u00f3lnego z \u017bydami, Izraelem i syjonizmem &#8211; czytamy &#8211; ale dw\u00f3ch wybitnych student\u00f3w, kt\u00f3rzy zostali aresztowani w jednym z pierwszych wiec\u00f3w, by\u0142o \u017bydami. Antysemityzm zapewni\u0142 w\u0142adzom dobry i niezawodny spos\u00f3b reakcji\u201d. Lista nazwisk g\u0142\u00f3wnie \u017cydowskich \u201epod\u017cegaczy ruchu protestacyjnego\u201d zosta\u0142a przekazana mediom. W\u0142adys\u0142aw Gomu\u0142ka, pierwszy sekretarz KC PZPR tu\u017c po wojnie sze\u015bciodniowej Izraela z krajami arabskimi okre\u015bli\u0142 syjonist\u00f3w mianem \u201epi\u0105tej kolumny\u201d &#8211; przypomina medium.<\/p>\r\n<p>W marcu 1968 roku, w d\u0142ugim przem\u00f3wieniu Gomu\u0142ka wyja\u015bni\u0142, \u017ce istniej\u0105 trzy typy \u017byd\u00f3w: syjoni\u015bci lojalni tylko wobec Izraela, \u201ekosmopolici\u201d, kt\u00f3rzy nie s\u0105 lojalni ani wobec Polski, ani Izraela, a tak\u017ce ci, kt\u00f3rzy s\u0105 prawdziwie lojalni wobec Polski. Twierdzi\u0142, \u017ce partia odrzuci\u0142a antysemityzm rozumiany jako sprzeciw wobec \u017byd\u00f3w tylko dlatego, \u017ce s\u0105 \u017bydami, ale ostrzeg\u0142, \u017ce \u201esyjoni\u015bci\u201d b\u0119d\u0105 musieli opu\u015bci\u0107 Polsk\u0119, podczas gdy \u201ekosmopolici\u201d b\u0119d\u0105cy lud\u017ami o podejrzanej lojalno\u015bci, nie powinni zajmowa\u0107 \u017cadnego stanowiska o znaczeniu og\u00f3lnonarodowym. W mi\u0119dzyczasie w ca\u0142ym kraju zorganizowano dziesi\u0105tki wiec\u00f3w, podczas kt\u00f3rych pojawi\u0142y si\u0119 slogany: \u201eOczy\u015bci\u0107 parti\u0119 z syjonist\u00f3w\u201d czy \u201eSyjoni\u015bci do Izraela\u201d. Rezolucje antysyjonistyczne przyjmowano w miejscach pracy i na spotkaniach partyjnych. W mediach t\u0142umaczono, \u017ce za protestami studenckimi kryje si\u0119 \u201espisek syjonistyczny\u201d.<\/p>\r\n<p>Tak postrzega Marzec \u201968 \u017cydowski tygodnik. Dalej dodano, \u017ce oskar\u017cenia wobec \u017byd\u00f3w jako \u201eagent\u00f3w mi\u0119dzynarodowego imperializmu\u201d by\u0142y absurdalne. Autor napisa\u0142, i\u017c re\u017cim potwierdzi\u0142 swoj\u0105 w\u0142adz\u0119 w obliczu ruchu protestu wzywaj\u0105cego do wi\u0119kszej wolno\u015bci. \u0141\u0105cz\u0105c za\u015b protesty z \u017bydami, rz\u0105d mia\u0142 nadziej\u0119 na zminimalizowanie poparcia dla wrzenia z 1968 roku. Kampania by\u0142a bowiem &#8211; czytamy dalej &#8211; rozgrywana z wykorzystaniem \u201etradycyjnego polskiego antysemityzmu\u201d, kt\u00f3ry od dawna \u201eprzedstawia\u0142 \u017byd\u00f3w jako zdradzieckich i reprezentuj\u0105cych ukryte zagro\u017cenie dla narodu polskiego\u201d. By\u0142 to, wed\u0142ug s\u0142\u00f3w polskiego historyka Dariusza Stoli, \u201es\u0142owny, symboliczny pogrom\u201d (sic!!!!).<\/p>\r\n<p>Ten \u201epogrom\u201d m\u00f3g\u0142 mie\u0107 wymiar symboliczny, ale jego wp\u0142yw na \u017cycie pozosta\u0142ych \u017byd\u00f3w w Polsce by\u0142o ogromne &#8211; dodaje gazeta. \u201eThe Jewish Chronicle\u201d zauwa\u017ca, \u017ce \u201ewielu \u017cydowskich cz\u0142onk\u00f3w Partii Komunistycznej zosta\u0142o wyrzuconych z kraju, a oko\u0142o 9 tysi\u0119cy \u017byd\u00f3w straci\u0142o prac\u0119 i mieszkania. Kilku pope\u0142ni\u0142o samob\u00f3jstwo\u201d.<\/p>\r\n<p>Gazeta przypomnia\u0142a, \u017ce liczba polskich \u017byd\u00f3w ubiegaj\u0105cych si\u0119 o opuszczenie kraju wzros\u0142a. Jednak nawet wtedy ci, kt\u00f3rzy chcieli wyemigrowa\u0107, musieli spe\u0142ni\u0107 dwa warunki: oficjalnie og\u0142osi\u0107 Izrael jako cel (gdziekolwiek faktycznie zamierzali jecha\u0107) i musieli zrzec si\u0119 polskiego obywatelstwa. Oko\u0142o po\u0142owa z 30 tysi\u0119cy \u017byd\u00f3w mieszkaj\u0105cych w Polsce na pocz\u0105tku 1968 roku opu\u015bci\u0142a kraj do 1971 r. Spo\u015br\u00f3d nich mniej ni\u017c jedna trzecia trafi\u0142a do Izraela.<\/p>\r\n<p><strong>Brytyjczycy nie chcieli \u201ekomunist\u00f3w i terroryst\u00f3w\u201d<\/strong><\/p>\r\n<p>W maju 1968 r. \u017cydowskie \u015brodowiska w Wielkiej Brytanii wszcz\u0119\u0142y masowe akcje, maj\u0105ce pom\u00f3c w otwarciu granic dla \u201euchod\u017ac\u00f3w ze Wschodu\u201d. Co ciekawe, pismo wskaza\u0142o, \u017ce nie wszyscy brytyjscy urz\u0119dnicy mieli ochot\u0119 ich przyjmowa\u0107. Oliver Miles z Ministerstwa Spraw Zagranicznych stwierdzi\u0142 na przyk\u0142ad, \u017ce \u201epolski antysemityzm w du\u017cej mierze wynika\u0142 z tego, i\u017c zaraz po wojnie by\u0142o tak wielu \u017byd\u00f3w w aparacie partyjnym\u201d. Inny urz\u0119dnik, do kt\u00f3rego mia\u0142a zwr\u00f3ci\u0107 si\u0119 ambasada brytyjska w Warszawie z zapytaniem o miejsce dla polskich \u017byd\u00f3w, odpowiedzia\u0142 szorstko, \u017ce z r\u0105k \u201eterroryst\u00f3w \u017cydowskich\u201d zgin\u0119\u0142o wielu brytyjskich \u017co\u0142nierzy i cywili. Byli oni \u201enara\u017ceni na kule i bomby \u017cydowskich terroryst\u00f3w w okresie do 1948 roku\u201d.<\/p>\r\n<p>Mimo niech\u0119ci, lobbing zadzia\u0142a\u0142 i w styczniu 1969 r. minister spraw wewn\u0119trznych James Callaghan zezwoli\u0142 \u017bydom z Polski na wjazd do kraju. Nie wiadomo, ilu spo\u015br\u00f3d nich si\u0119 uda\u0142o. Rz\u0105d chcia\u0142, by \u201eten akt hojno\u015bci pozosta\u0142 tajny\u201d. Co ciekawe, wp\u0142ywowy tygodnik zwr\u00f3ci\u0142 uwag\u0119, \u017ce \u201epolska antysyjonistyczna kampania z 1968 roku\u201d nie by\u0142a czym\u015b wyj\u0105tkowym, czy \u201eodosobnionym\u201d przyk\u0142adem antysemityzmu w Europie. Francuski antysyjonizm \u0142\u0105czy\u0142 tradycyjne idee dotycz\u0105ce \u017cydowskiego spisku, zdrady i nielojalno\u015bci z zarzutami o izraelski \u201erasizm, faszyzm i kolonializm\u201d. Taka forma antysemityzmu przetrwa\u0142a do dzi\u015b.<\/p>\r\n<p>Wszystko to napisano w artykule, kt\u00f3ry ukaza\u0142 si\u0119 21 stycznia. Po wybuchu \u201eafery z IPN\u201d pojawi\u0142y si\u0119 ju\u017c inne relacje na temat Marca \u201968. Niemiecki \u201eDie Welt\u201d wykorzysta\u0142 rocznic\u0119, by napi\u0119tnowa\u0107 \u201eksenofobi\u0119\u201d Polak\u00f3w, kt\u00f3rzy nie chc\u0105 przyjmowa\u0107 imigrant\u00f3w z Afryki i Bliskiego Wschodu. Cytuj\u0105c \u201ewybitnego polskiego historyka\u201d &#8211; jak si\u0119 wyra\u017cono o Janie Grossie &#8211; wskazano, \u017ce Marzec \u201968 by\u0142 okazj\u0105 do pozbycia si\u0119 \u017cydowskiej obecno\u015bci z Polski. W 1968 r. walka o w\u0142adz\u0119 w ramach partii komunistycznej mi\u0119dzy zwolennikami reform a ich przeciwnikami doprowadzi\u0142a do \u201eantysyjonistycznej\u201d kampanii. W rzeczywisto\u015bci &#8211; zdaniem \u201eDie Welt\u201d &#8211; by\u0142a to \u201eczystka ostatnich polskich \u017byd\u00f3w\u201d. Niemieckie medium zacytowa\u0142o wypowiedzi m.in. rabina Michaela Schudricha, kt\u00f3ry przestrzeg\u0142 przed zr\u00f3wnywaniem antysemickiej kampanii z 1968 r. z obecnym sporem. \u201eBy\u0142oby ca\u0142kowitym b\u0142\u0119dem twierdzenie, \u017ce lata 1968 i 2018 to to samo, nawet je\u015bli s\u0142yszymy podobne g\u0142osy\u201d &#8211; komentowa\u0142.<\/p>\r\n<p>R\u00f3wnie\u017c agencja Bloomberg czy \u201eWashington Post\u201d wspominaj\u0105c Marzec \u201968 akcentuj\u0105 zaniepokojenie m\u0142odych \u017byd\u00f3w narastaj\u0105cym antysemityzmem. Leonid Bershidsky w artykule z 27 lutego, kt\u00f3ry ukaza\u0142 si\u0119 na stronie Bloomberg News, da\u0142 wyraz swemu niedowierzaniu, i\u017c kierownictwo PiS jest antysemickie. \u201eMartwi\u0119 si\u0119 jednak, \u017ce teraz nie ma ju\u017c si\u0142y, by zrobi\u0107 cokolwiek z demonami, kt\u00f3re zosta\u0142y przebudzone. W tej cz\u0119\u015bci \u015bwiata trudno je b\u0119dzie u\u015bpi\u0107\u201d. Bardziej skoncentrowa\u0142 si\u0119 na \u201enieudolno\u015bci dyplomatycznej\u201d obecnej w\u0142adzy, a w sprawie wydarze\u0144 z 1968 r. przywo\u0142a\u0142 o\u015bwiadczenie \u015brodowiska \u017cydowskiego, wyra\u017caj\u0105cego zaniepokojenie z powodu rosn\u0105cego l\u0119ku przed antysemickim odrodzeniem.<\/p>\r\n<p>Cytowany przez dziennikarza Konstanty Gebert uspokaja\u0142 jednak, \u017ce w Polsce nie dochodzi do jakiejkolwiek przemocy fizycznej przeciwko \u017bydom, ale klimat polityczny sta\u0142 si\u0119 bardziej wrogi i w przestrzeni publicznej oraz w sieci kipi od antysemityzmu. Z kolei w\u0142adza nic z tym nie robi, bo nie chce utraci\u0107 \u201eantysemickich wyborc\u00f3w\u201d.<\/p>\r\n<p>\u201eWashington Post\u201d w artykule z 27 lutego pisze o zaniepokojeniu antysemityzmem i rugowaniu \u017byd\u00f3w z kraju. Gazeta wskazuje, \u017ce w ci\u0105gu ostatnich lat uda\u0142o si\u0119 pobudzi\u0107 i doprowadzi\u0107 do reaktywowania wsp\u00f3lnoty \u017cydowskiej w Polsce. Tymczasem teraz pojawi\u0142o si\u0119 niebezpiecze\u0144stwo \u201ezagra\u017caj\u0105ce temu delikatnemu i z trudem osi\u0105gni\u0119temu post\u0119powi\u201d. \u015arodowiska \u017cydowskie \u201d\u2039\u201d\u2039martwi\u0105 si\u0119, \u017ce ludzie mog\u0105 \u201eponownie zacz\u0105\u0107 ukrywa\u0107 \u017cydowskie pochodzenie lub powstrzymywa\u0107 si\u0119 od ich poszukiwania, jak zrobi\u0142o to wielu \u017byd\u00f3w po 1968 roku\u201d.<\/p>\r\n<p>Przygotowywane s\u0105 r\u00f3wnie\u017c konferencje na uczelniach w Tel Awiwie czy w Wielkiej Brytanii, z udzia\u0142em polskich dziennikarzy, uczonych, \u017cydowskich re\u017cyser\u00f3w. Maj\u0105 koncentrowa\u0107 si\u0119 na antysyjonistycznej kampanii i przymusowej imigracji \u017byd\u00f3w oraz zagini\u0119ciu ostatnich \u015blad\u00f3w przedwojennej obecno\u015bci \u017cydowskiej w Polsce. Wida\u0107 wyra\u017anie, \u017ce \u015brodowisko \u017cydowskie jest przera\u017cone mo\u017cliwo\u015bci\u0105 zaprzepaszczenia \u201edzie\u0142a\u201d jej reaktywacji. Przypomnijmy, te pr\u00f3by nie powiod\u0142y si\u0119 do tej pory w \u017cadnym pa\u0144stwie europejskim!<\/p>\r\n<p><strong>Tel Awiw walczy z \u201epr\u00f3b\u0105 sprzedawania narracji, \u017ce komunizm by\u0142 ludob\u00f3jstwem\u201d <\/strong><\/p>\r\n<p>21 grudnia, kiedy ONZ zag\u0142osowa\u0142a za przyj\u0119ciem rezolucji krytykuj\u0105cej USA za uznanie Jerozolimy jako stolicy Izraela, sze\u015b\u0107 spo\u015br\u00f3d 28 pa\u0144stw tworz\u0105cych UE wstrzyma\u0142o si\u0119 od g\u0142osu. By\u0142y to: Czechy, W\u0119gry, \u0141otwa, Polska, Rumunia i Chorwacja (kiedy\u015b wchodz\u0105ca w sk\u0142ad Jugos\u0142awii), a wi\u0119c by\u0142e pa\u0144stwa satelickie ZSRS, chocia\u017c nie wszystkie. By\u0142e kraje sowieckiej strony \u017celaznej kurtyny &#8211; w dodatku te, w kt\u00f3rych podczas niemieckiej okupacji dokona\u0142a si\u0119 rze\u017a \u017byd\u00f3w &#8211; s\u0105 obecnie najbli\u017cszymi zwolennikami Tel Awiwu w UE. Izrael jest \u017cywo zainteresowany dobrymi stosunkami dyplomatycznymi z Polsk\u0105 &#8211; pisze Herb Keinon w \u201eJerusalem Post\u201d z 3 lutego. \u201eKraj zosta\u0142 w\u0142a\u015bnie cz\u0142onkiem Rady Bezpiecze\u0144stwa ONZ na kolejne dwa lata, a rodzaj wsp\u00f3\u0142pracy, jaki rozwin\u0105\u0142 si\u0119 pomi\u0119dzy Izraelem a Grup\u0105 Wyszehradzk\u0105 (Polska, Czechy, S\u0142owacja i W\u0119gry) ma ogromne znaczenie. To do nich i Niemiec rutynowo zwraca si\u0119 Tel Awiw, gdy chce podwa\u017cy\u0107 antyizraelskie rezolucje w UE, pochodz\u0105ce z Irlandii, Szwecji, Hiszpanii czy Francji\u201d &#8211; zauwa\u017ca.<\/p>\r\n<p>Przypomnijmy, \u017ce na budapeszta\u0144skim spotkaniu w lipcu ubieg\u0142ego roku premier Netanjahu nie\u015bwiadomy, \u017ce by\u0142 nagrywany, skrytykowa\u0142 UE za to, \u017ce uzale\u017cnia robienie interes\u00f3w handlowych od rozwi\u0105zania kwestii palesty\u0144skiej. &#8211; <em>Unia Europejska jest jedynym stowarzyszeniem kraj\u00f3w na \u015bwiecie, kt\u00f3re warunkuje stosunki z Izraelem, maj\u0105cym technologie w ka\u017cdej dziedzinie, od czynnik\u00f3w politycznych. Jedynym! Nikt tego nie robi<\/em> &#8211; m\u00f3wi\u0142 oburzony. &#8211; <em>To jest szalone. To naprawd\u0119 szalone<\/em> &#8211; powiedzia\u0142, odnosz\u0105c si\u0119 do nacisk\u00f3w Brukseli w sprawie porozumienia z Palesty\u0144czykami. Przypomnia\u0142, \u017ce wci\u0105\u017c, od 2000 roku, nie zosta\u0142a przed\u0142u\u017cona umowa stowarzyszeniowa mi\u0119dzy UE a jego pa\u0144stwem. Nalega\u0142, by premierzy pa\u0144stw Grupy Wyszehradzkiej \u201epracowali\u201d nad przekonaniem Brukseli do odnowienia umowy, bez uzale\u017cniania jej od post\u0119p\u00f3w w procesie pokojowym. &#8211; <em>Chiny, Rosja i Indie maj\u0105 specjalne relacje z Izraelem, kt\u00f3re nie zale\u017c\u0105 od post\u0119pu w procesie pokojowym<\/em> &#8211; kontynuowa\u0142 Netanjahu. &#8211; <em>Przesta\u0144cie atakowa\u0107 Izrael. Zacznijcie wspiera\u0107 Izrael<\/em> (&#8230;) <em>Zacznijcie wspiera\u0107 europejsk\u0105 gospodark\u0119, robi\u0105c to, co robi\u0105 Amerykanie, Chi\u0144czycy i Hindusi <\/em>&#8211; powiedzia\u0142. &#8211; <em>Europa odcina si\u0119 od Izraela, g\u0142\u00f3wnego \u017ar\u00f3d\u0142a innowacji<\/em> &#8211; ubolewa\u0142.<\/p>\r\n<p>Ale Izrael ma r\u00f3wnie\u017c podstawowe warto\u015bci. Jedn\u0105 z nich jest obowi\u0105zek zachowania pami\u0119ci o Holokau\u015bcie &#8211; czytamy w \u201eJerusalem Post\u201d. Kryzys z Polsk\u0105 w tej kwestii wci\u0105\u017c si\u0119 rozwija i zmusza Tel Awiw do starannego zr\u00f3wnowa\u017cenia swoich interes\u00f3w i warto\u015bci.<\/p>\r\n<p>Efraim Zuroff, szef biura Centrum Szymona Wiesenthala w Jerozolimie, \u201eostatni \u0142owca nazist\u00f3w\u201d uzna\u0142, \u017ce Netanjahu i inni premierzy tolerowali wypaczanie pami\u0119ci o Holokau\u015bcie przez ostatnie 15 lat na Litwie, \u0141otwie, w Estonii, Chorwacji i na Ukrainie. &#8211; <em>Faktem jest, \u017ce niekt\u00f3re z tych kraj\u00f3w, tak jak kraje ba\u0142tyckie, s\u0105 ma\u0142e i one bardziej potrzebuj\u0105 Izraela ni\u017c Izrael potrzebuje ich<\/em> &#8211; stwierdzi\u0142. Jednak, jego zdaniem, \u201eproblem z Polsk\u0105 nie polega na tym, \u017ce jest negowany Holokaust\u201d. &#8211; <em>Raczej, \u017ce istniej\u0105 dwie wyra\u017ane tendencje: pr\u00f3ba zminimalizowania w\u0142asnego udzia\u0142u w nim i pr\u00f3ba sprzedawania narracji, \u017ce komunizm by\u0142 tak samo z\u0142y jak nazizm, i \u017ce komunizm jest ludob\u00f3jstwem. Je\u015bli komunizm jest ludob\u00f3jstwem, czyli, \u017ce \u017bydzi dopu\u015bcili si\u0119 ludob\u00f3jstwa, bo byli \u017cydowscy komuni\u015bci <\/em>&#8211; powiedzia\u0142. Zuroff ubolewa\u0142, \u017ce Izrael nie zareagowa\u0142 w por\u0119 na te \u201ewypaczenia\u201d. Teraz ponosi powa\u017cne konsekwencje.<\/p>\r\n<p>By\u0142y wysoki rang\u0105 dyplomata (m.in. pe\u0142ni\u0142 funkcj\u0119 ambasadora) Arye Mekel przekonywa\u0142, \u017ce Izrael musi dzia\u0142a\u0107 \u201eagresywnie\u201d aby zmieni\u0107 niekorzystne polskie ustawy. Dawny przedstawiciel swego pa\u0144stwa w Grecji w\u0105tpi, by Polacy m\u015bcili si\u0119, zmieniaj\u0105c swoje stanowisko wobec Izraela w UE lub w ONZ. Polskiemu rz\u0105dowi zale\u017cy na dobrych relacjach z diaspor\u0105 \u017cydowsk\u0105 i dobrej opinii na Zachodzie.<strong>&nbsp;<\/strong><\/p>\r\n<p><strong>Polski kierunek rozwijania relacji handlowych: Iran i Liban &#8211; dwaj najwi\u0119ksi wrogowie Izraela<\/strong><\/p>\r\n<p>Ju\u017c w trakcie sporu z Izraelem polski premier go\u015bci\u0142 w Libanie (12 lutego) i spotka\u0142 si\u0119 tam z premierem Saadem Haririm. Rozmawia\u0142 z nim o eksploatacji gazu ze wschodniej cz\u0119\u015bci Morza \u015ar\u00f3dziemnego, gdzie swoje z\u0142o\u017ca ma tak\u017ce Izrael. W lutym Tel Awiw wraz z Amerykanami zawar\u0142 z Egiptem intratny kontrakt na eksport gazu. Premier Morawiecki spotka\u0142 si\u0119 tak\u017ce z prezydentem Libanu, genera\u0142em Michalem Aounem, kt\u00f3ry z zadowoleniem przyj\u0105\u0142 mo\u017cliwo\u015b\u0107 udzia\u0142u polskich firm w projektach rozwojowych i budowlanych na terenie swego kraju. Chodzi mi\u0119dzy innymi o eksploracj\u0119 ropy i gazu.<\/p>\r\n<p>Tel Awiw te\u017c chce wysy\u0142a\u0107 gaz do Europy. Spieszy si\u0119 z projektem EastMed, kt\u00f3ry zak\u0142ada budow\u0119 gazoci\u0105gu lub uruchomienie terminalu kondensacyjnego na potrzeby dostaw na Stary Kontynent z p\u00f3l Lewiatan i Tamar. Jednocze\u015bnie Orlen i Grupa Lotos ju\u017c importuj\u0105 rop\u0119 z Iranu. W listopadzie zesz\u0142ego roku PKN Orlen sfinalizowa\u0142 umow\u0119 w sprawie drugiej dostawy ropy ira\u0144skiej, kt\u00f3ra ostatecznie dotar\u0142a do Polski w po\u0142owie stycznia.<\/p>\r\n<p>Polski rz\u0105d pomaga prawie setce rodzimych firm w wej\u015bciu na rynek ira\u0144ski (program Go Iran). W kwietniu zaplanowana jest kolejna wielobran\u017cowa misja firm polskich do tego kraju. Polski biznes wi\u0105\u017ce ogromne nadzieje z rozwijaniem relacji handlowych z Teheranem. Nasze pa\u0144stwa \u0142\u0105cz\u0105 dobre relacje. Persja i Imperium Osma\u0144skie jako jedyne nigdy nie uzna\u0142y rozbior\u00f3w Polski. Z kolei dla Izraela zar\u00f3wno Iran, jak i Liban, gdzie wsp\u00f3\u0142rz\u0105dzi Hezbollah, to najwi\u0119ksi wrogowie. W ostatnich tygodniach dosz\u0142o do bezpo\u015bredniego uderzenia izraelskich si\u0142 powietrznych w bazy budowane przez Ira\u0144czyk\u00f3w w Syrii i do wyj\u0105tkowego zaostrzenia relacji z Liba\u0144czykami. Nie jest tajemnic\u0105, \u017ce od grudnia ubieg\u0142ego roku dzia\u0142a ameryka\u0144sko-izraelska grupa robocza, przygotowuj\u0105ca si\u0119 do wojny z Iranem. Jednocze\u015bnie coraz \u015bmielej komentatorzy zagraniczni wspominaj\u0105 o przygotowywaniu si\u0119 Izraela do uderzenia w Liban, gdzie schronienie znajduje niezwykle silny obecnie Hezbollah, wyposa\u017cony w przeno\u015bne bardziej precyzyjne wyrzutnie rakietowe.<\/p>\r\n<p>W tle agresywnej nagonki na Polsk\u0119 istniej\u0105 znacznie powa\u017cniejsze kwestie ni\u017c mog\u0142oby si\u0119 wydawa\u0107, i nie chodzi jedynie o kosztowne roszczenia. Tel Awiw jest zdruzgotany, \u017ce \u201ecios\u201d przyszed\u0142 od obecnej w\u0142adzy &#8211; kt\u00f3ra tak mia\u0142a sprzyja\u0107 interesom \u017cydowskim &#8211; wi\u0119c \u201edyscyplinuje\u201d niepos\u0142uszn\u0105 elit\u0119 rz\u0105dz\u0105c\u0105.<\/p>\r\n<p><strong><em>Agnieszka Stelmach<\/em><\/strong><\/p>\r\n<p class=\"zrodlo\">Za: <a href=\"http:\/\/www.pch24.pl\/marzec-68-i-zydowska-wscieklosc-za-antykomunizm,58717,i.html\">PoloniaChristiana &#8211; pch24.pl (2018-03-06)<\/a><\/p>\r\n<h4>&nbsp;<\/h4>\r\n<hr style=\"background-color: #000000; border-width: 0; color: #000000; height: 2px; line-height: 0; text-align: center; width: 100%;\">\r\n<h4>&nbsp;<\/h4>","protected":false},"excerpt":{"rendered":"\u201eUchwa\u0142a o Marcu\u201968 nie powinna by\u0107 przyj\u0119ta w tym kszta\u0142cie, dlatego \u017ce zawiera oczywist\u0105 nieprawd\u0119\u201d, powiedzia\u0142 we wtorek w Sejmie RP pose\u0142 Robert Winnicki.&nbsp; Szef Ruchu Narodowego w bardzo mocnych s\u0142owach skrytykowa\u0142 przygotowany przez Sejm projekt ustawy. Jego zdaniem jego tre\u015b\u0107 fa\u0142szuje obraz najnowszej historii Polski.&nbsp; &#8211; Po pierwsze: w projekcie uchwa\u0142y nie ma mowy [&hellip;]","protected":false},"author":1,"featured_media":0,"comment_status":"closed","ping_status":"closed","sticky":false,"template":"","format":"standard","meta":{"_acf_changed":false,"_monsterinsights_skip_tracking":false,"_monsterinsights_sitenote_active":false,"_monsterinsights_sitenote_note":"","_monsterinsights_sitenote_category":0,"ngg_post_thumbnail":0,"footnotes":"","_wp_rev_ctl_limit":""},"categories":[8],"tags":[65,66,18,81],"acf":[],"_links":{"self":[{"href":"https:\/\/www.bibula.com\/index.php?rest_route=\/wp\/v2\/posts\/100275"}],"collection":[{"href":"https:\/\/www.bibula.com\/index.php?rest_route=\/wp\/v2\/posts"}],"about":[{"href":"https:\/\/www.bibula.com\/index.php?rest_route=\/wp\/v2\/types\/post"}],"author":[{"embeddable":true,"href":"https:\/\/www.bibula.com\/index.php?rest_route=\/wp\/v2\/users\/1"}],"replies":[{"embeddable":true,"href":"https:\/\/www.bibula.com\/index.php?rest_route=%2Fwp%2Fv2%2Fcomments&post=100275"}],"version-history":[{"count":0,"href":"https:\/\/www.bibula.com\/index.php?rest_route=\/wp\/v2\/posts\/100275\/revisions"}],"wp:attachment":[{"href":"https:\/\/www.bibula.com\/index.php?rest_route=%2Fwp%2Fv2%2Fmedia&parent=100275"}],"wp:term":[{"taxonomy":"category","embeddable":true,"href":"https:\/\/www.bibula.com\/index.php?rest_route=%2Fwp%2Fv2%2Fcategories&post=100275"},{"taxonomy":"post_tag","embeddable":true,"href":"https:\/\/www.bibula.com\/index.php?rest_route=%2Fwp%2Fv2%2Ftags&post=100275"}],"curies":[{"name":"wp","href":"https:\/\/api.w.org\/{rel}","templated":true}]}}