{"id":100247,"date":"2018-03-04T18:48:20","date_gmt":"2018-03-04T23:48:20","guid":{"rendered":"http:\/\/www.bibula.com\/?p=100247"},"modified":"2018-03-04T18:48:20","modified_gmt":"2018-03-04T23:48:20","slug":"jeden-izraelczyk-odpowiada-za-9-wszystkich-atakow-antysemickich-w-usa-w-2017-r-ruszyl-wlasnie-jego-proces","status":"publish","type":"post","link":"https:\/\/www.bibula.com\/?p=100247","title":{"rendered":"Jeden Izraelczyk odpowiada za 9% wszystkich atak\u00f3w antysemickich w USA w 2017 r. Ruszy\u0142 w\u0142a\u015bnie jego proces"},"content":{"rendered":"<p><strong>Michael Kadar, 19-letni obywatel USA i Izraela zosta\u0142 w \u015brod\u0119 postawiony w stan oskar\u017cenia po tym, jak przedstawiono mu zarzuty dokonania anonimowo mn\u00f3stwa antysemickich prowokacji w tym: telefonicznych (fa\u0142szywych) ostrze\u017ce\u0144 o bombach w centrach \u017cydowskich, cyberstalkingu, fa\u0142szywych zg\u0142osze\u0144 o wzi\u0119tych zak\u0142adnikach.<\/strong><\/p>\r\n<p>Kadar zosta\u0142 oskar\u017cony przez s\u0105dy federalne w Georgii, na Florydzie i w Waszyngtonie po przeprowadzeniu dochodzenia w sprawie licznych gr\u00f3\u017ab skierowanych przeciwko o\u015brodkom kultury i wa\u017cnym organizacjom \u017cydowskim, w tym Lidze Przeciwko Znies\u0142awieniom (ADL) i ambasadzie Izraela w Waszyngtonie.<\/p>\r\n<p>Raport ADL opublikowany we wtorek stanowi, i\u017c m\u0142ody \u017byd jest odpowiedzialny za co najmniej 160 (ok. 9 %) przypadk\u00f3w antysemickich atak\u00f3w w USA w 2017 roku. W o\u015bwiadczeniu dotycz\u0105cym zarzut\u00f3w przeciwko Kadarowi, dyrektor FBI Christopher Wray powiedzia\u0142, \u017ce nie ma znaczenia \u017ce \u201d\u2039\u201d\u2039gro\u017aby Kadara by\u0142y nieprawdziwe, poniewa\u017c strach odczuwany przez ofiary by\u0142 prawdziwy.<\/p>\r\n<p>W przypadku skazania Kadar mo\u017ce dosta\u0107 do 20 lat pozbawienia wolno\u015bci za ka\u017cde przest\u0119pstwo zbrodni nienawi\u015bci i maksymalnie 10 lat za ka\u017cd\u0105 gro\u017ab\u0119 zwi\u0105zan\u0105 z bomb\u0105. Inne przest\u0119pstwa s\u0105 zagro\u017cone kar\u0105 do 5 lat wi\u0119zienia.<\/p>\r\n<p>&#8211; Nie pope\u0142niajcie b\u0142\u0119du, gro\u017aby te by\u0142y aktami antysemityzmu i zas\u0142uguj\u0105 na traktowanie jako zbrodnia nienawi\u015bci &#8211; powiedzia\u0142 w o\u015bwiadczeniu dyrektor krajowy ADL, Jonathan Greenblatt. &#8211; Ich celem by\u0142y instytucje \u017cydowskie, Chciano podsyci\u0107 strach i niepok\u00f3j i postawi\u0107 ca\u0142\u0105 spo\u0142eczno\u015b\u0107 \u017cydowsk\u0105 w stan gotowo\u015bci\u201d.<\/p>\r\n<p>Rodzice i prawnicy Kadara nie kwestionowali jego zaanga\u017cowania w gro\u017cenie bombami, ale twierdz\u0105, \u017ce\u2026 ma on guza m\u00f3zgu i niskie IQ.<\/p>\r\n<p>Gdy Kadarowi zacz\u0119\u0142a si\u0119 pali\u0107 ziemia pod nogami, zbieg\u0142 do Izraela. Lecz, co rzadko si\u0119 zdarza, tamtejsze w\u0142adze po aresztowaniu go, wyda\u0142y wi\u0119\u017ania Amerykanom.<\/p>\r\n<p><em>za:<\/em> <a href=\"https:\/\/www.jta.org\/2018\/03\/01\/news-opinion\/american-israel-alleged-hacker-indicted-us-bomb-threats-wave\">jta.org<\/a><\/p>","protected":false},"excerpt":{"rendered":"Michael Kadar, 19-letni obywatel USA i Izraela zosta\u0142 w \u015brod\u0119 postawiony w stan oskar\u017cenia po tym, jak przedstawiono mu zarzuty dokonania anonimowo mn\u00f3stwa antysemickich prowokacji w tym: telefonicznych (fa\u0142szywych) ostrze\u017ce\u0144 o bombach w centrach \u017cydowskich, cyberstalkingu, fa\u0142szywych zg\u0142osze\u0144 o wzi\u0119tych zak\u0142adnikach. Kadar zosta\u0142 oskar\u017cony przez s\u0105dy federalne w Georgii, na Florydzie i w Waszyngtonie po [&hellip;]","protected":false},"author":1,"featured_media":0,"comment_status":"closed","ping_status":"closed","sticky":false,"template":"","format":"standard","meta":{"_acf_changed":false,"_monsterinsights_skip_tracking":false,"_monsterinsights_sitenote_active":false,"_monsterinsights_sitenote_note":"","_monsterinsights_sitenote_category":0,"ngg_post_thumbnail":0,"footnotes":"","_wp_rev_ctl_limit":""},"categories":[7],"tags":[48,61,197,221],"acf":[],"_links":{"self":[{"href":"https:\/\/www.bibula.com\/index.php?rest_route=\/wp\/v2\/posts\/100247"}],"collection":[{"href":"https:\/\/www.bibula.com\/index.php?rest_route=\/wp\/v2\/posts"}],"about":[{"href":"https:\/\/www.bibula.com\/index.php?rest_route=\/wp\/v2\/types\/post"}],"author":[{"embeddable":true,"href":"https:\/\/www.bibula.com\/index.php?rest_route=\/wp\/v2\/users\/1"}],"replies":[{"embeddable":true,"href":"https:\/\/www.bibula.com\/index.php?rest_route=%2Fwp%2Fv2%2Fcomments&post=100247"}],"version-history":[{"count":0,"href":"https:\/\/www.bibula.com\/index.php?rest_route=\/wp\/v2\/posts\/100247\/revisions"}],"wp:attachment":[{"href":"https:\/\/www.bibula.com\/index.php?rest_route=%2Fwp%2Fv2%2Fmedia&parent=100247"}],"wp:term":[{"taxonomy":"category","embeddable":true,"href":"https:\/\/www.bibula.com\/index.php?rest_route=%2Fwp%2Fv2%2Fcategories&post=100247"},{"taxonomy":"post_tag","embeddable":true,"href":"https:\/\/www.bibula.com\/index.php?rest_route=%2Fwp%2Fv2%2Ftags&post=100247"}],"curies":[{"name":"wp","href":"https:\/\/api.w.org\/{rel}","templated":true}]}}