{"id":100240,"date":"2018-03-04T18:38:37","date_gmt":"2018-03-04T23:38:37","guid":{"rendered":"http:\/\/www.bibula.com\/?p=100240"},"modified":"2020-05-12T09:51:49","modified_gmt":"2020-05-12T13:51:49","slug":"protestantyzm-rownie-dobry-co-katolicyzm","status":"publish","type":"post","link":"https:\/\/www.bibula.com\/?p=100240","title":{"rendered":"Protestantyzm r\u00f3wnie dobry co katolicyzm?"},"content":{"rendered":"<p><strong>\u00c5\u00b9le rozumiany dialog ekumeniczny z protestantyzmem znajduje si\u0119 dzi\u015b na ustach wielu. W ubieg\u0142ym roku obchodzono \u201e500-lecie Reformacji\u201d. Do \u201e\u015bwi\u0119towania\u201d przy\u0142\u0105czy\u0142o si\u0119 nawet wielu hierarch\u00f3w, a jeszcze inni zapowiedzieli udzielanie protestantom Komunii \u015awi\u0119tej. Tymczasem jednak \u015bwiadomie i dobrowolnie wyznawany protestantyzm nara\u017ca dusze na wieczn\u0105 zgub\u0119. Jest to bowiem herezja wykluczaj\u0105ca z Ko\u015bcio\u0142a. W ramach cyklu \u201eB\u0142\u0119dy wsp\u00f3\u0142czesno\u015bci\u201d przypominamy nauczanie \u015bwi\u0119tych i papie\u017cy w tej kwestii.<\/strong><\/p>\r\n<p><em><strong>Wiar\u0119 nale\u017cy wyznawa\u0107 w ca\u0142o\u015bci i bez uszczerbku<\/strong><\/em><\/p>\r\n<p>\u201eWszyscy przecie\u017c wiemy, \u017ce w\u0142a\u015bnie Jan, Aposto\u0142 mi\u0142o\u015bci, kt\u00f3ry zdaje si\u0119, \u017ce w swej Ewangelii ods\u0142oni\u0142 tajemnice Naj\u015bwi\u0119tszego Serca Jezusowego, a kt\u00f3ry uczniom swym zwyk\u0142 by\u0142 wpaja\u0107 nowe przykazanie: Mi\u0142ujcie si\u0119 nawzajem, \u017ce w\u0142a\u015bnie on ostro zabroni\u0142 utrzymywa\u0107 stosunki z tymi, kt\u00f3rzy by nie wyznawali wiary Chrystusa w ca\u0142o\u015bci i bez uszczerbku: Si quis venit ad vos et hanc doctrinam non affert, nolite recipere eum in domum, nec Ave ei dixeritis Je\u015bli do was przyjdzie kto\u015b i nie wniesie z sob\u0105 tej nauki, nie przypu\u015b\u0107cie go do domu i nie powied\u017acie: b\u0105d\u017a pozdrowiony\u201d (Pius XI, Mortalium Animos, n. 9 \/ opoka.org.pl).<\/p>\r\n<p>Leon XIII w encyklice Satis Cognitum podkre\u015bli\u0142, \u017ce negacja cho\u0107by jednej prawdy katolickiej prowadzi do wykluczenia z Ko\u015bcio\u0142a. Przyk\u0142adem s\u0105 arianie, montani\u015bci i inni heretycy. Cho\u0107 podzielali oni wi\u0119kszo\u015b\u0107 nauk Ko\u015bcio\u0142a, to b\u0142\u0105d w konkretnym punkcie sprawi\u0142, \u017ce uznano ich za heretyk\u00f3w. Papie\u017c podkre\u015bla, \u017ce nie istnieje mo\u017cliwo\u015b\u0107 doskona\u0142ej jedno\u015bci w mi\u0142o\u015bci bez zgody odno\u015bnie wiary. (Por. Leon XIII Satis cognitum, n. 17-18).<\/p>\r\n<p>Pius IX w li\u015bcie apostolskim Ad Apostolicae Sedis podkre\u015bli\u0142, \u017ce od zarania pierwotnego Ko\u015bcio\u0142a Aposto\u0142 (\u015bwi\u0119ty Pawe\u0142) przestrzega\u0142 przed lud\u017ami zmieniaj\u0105cymi i poprawiaj\u0105cymi Ewangeli\u0119, szerz\u0105cymi fa\u0142szywe doktryny i zdradzaj\u0105cymi depozyt wiary. Podkre\u015bla\u0142, \u017ce nale\u017cy ich ob\u0142o\u017cy\u0107 anatem\u0105. (Por. Pius IX, Ad Apostolicae sedis 22.08.1851).<\/p>\r\n<p>Leon XII w encyklice Ubi primum podkre\u015bli\u0142, \u017ce niemo\u017cliwe jest, by B\u00f3g, b\u0119d\u0105cy sam\u0105 Prawd\u0105, aprobowa\u0142 wszystkie sekty wyznaj\u0105ce fa\u0142szywe nauki. Wszak nauki te s\u0105 ze sob\u0105 wzajemnie sprzeczne. Podkre\u015bla, \u017ce jest tylko jedna wiara i jeden chrzest, a poza Ko\u015bcio\u0142em nie ma zbawienia (Por. Leon XII, Ubi primum, n. 14).<\/p>\r\n<p><em><strong>Nie wolno zr\u00f3wnywa\u0107 protestantyzmu z katolicyzmem<\/strong><\/em><\/p>\r\n<p>POT\u0118PIONA w Syllabusie b\u0142ed\u00f3w teza Piusa IX brzmi \u201eProtestantyzm nie jest niczym innym, jak tylko jedn\u0105 z r\u00f3\u017cnych form tej samej prawdziwie chrze\u015bcija\u0144skiej religii, w kt\u00f3rej tak samo mo\u017cna si\u0119 podoba\u0107 Bogu, jak i w Ko\u015bciele katolickim\u201d (Syllabus b\u0142\u0119d\u00f3w, n. 18 \/ opoka.org.pl).<\/p>\r\n<p>Leon XIII w apostolskim li\u015bcie po\u015bwi\u0119conym protestanckiemu prozelityzmowi pisa\u0142 o z\u0142owrogim planie \u201eheretyckich sekt&#8221;, w postaci \u201er\u00f3\u017cnorodnych emanacji protestantyzmu&#8221;. (Por. Leon XIII, list apostolski o prozelityzmie protestanckim z 19 sierpnia 1900).<\/p>\r\n<p><em><strong>Za protestantyzm grozi ekskomunika<\/strong><\/em><\/p>\r\n<p>Zgodnie z kanonem 751 \u201eHerezj\u0105 nazywa si\u0119 uporczywe, po przyj\u0119ciu chrztu, zaprzeczanie jakiej\u015b prawdzie, w kt\u00f3r\u0105 nale\u017cy wierzy\u0107 wiar\u0105 bosk\u0105 i katolick\u0105, albo uporczywe pow\u0105tpiewanie o niej\u201d. Protestanci za\u015b zaprzeczaj\u0105 cho\u0107by dogmatom o Niepokalanym Pocz\u0119ciu Matki Bo\u017cej czy Jej Wniebowst\u0105pieniu. Uporczywe, dobrowolne, \u015bwiadome g\u0142oszenie protestanckich b\u0142\u0119d\u00f3w, przy posiadaniu \u015bwiadomo\u015bci gro\u017c\u0105cej za to kary wi\u0105\u017ce si\u0119 z automatyczn\u0105 ekskomunik\u0105.<\/p>\r\n<p>Zgodnie z kanonem 1364 &#8211; \u201e\u00a7 1. Odst\u0119pca od wiary, heretyk lub schizmatyk podlega ekskomunice wi\u0105\u017c\u0105cej moc\u0105 samego prawa, przy zachowaniu przepisu kan. 194, \u00a7 1, n. 2; duchowny mo\u017ce by\u0107 ponadto ukarany karami, o kt\u00f3rych w kan. 1336, \u00a7 1, n. 1,2 i 3\u201d. (Kodeks Prawa Kanonicznego\/zaufaj.com)<\/p>\r\n<p><em><strong>B\u0142\u0119dy Marcina Lutra i jego zwolennik\u00f3w zosta\u0142y surowo pot\u0119pione<\/strong><\/em><\/p>\r\n<p>\u201eSkoro za\u015b powy\u017csze b\u0142\u0119dy, jak r\u00f3wnie\u017c szereg innych, zawartych w ksi\u0119gach i innych pismach Marcina Lutra, My zatem w podobny spos\u00f3b pot\u0119piamy, wykluczamy i ca\u0142kowicie odrzucamy ksi\u0119gi, pisma i kazania wspomnianego Marcina Lutra, spisane w j\u0119zyku \u0142aci\u0144skim, jak r\u00f3wnie\u017c w innych j\u0119zykach, a zawieraj\u0105ce wspomniane b\u0142\u0119dy, jak r\u00f3wnie\u017c niekt\u00f3re spo\u015br\u00f3d tych b\u0142\u0119d\u00f3w i \u017cyczymy sobie, aby by\u0142y uwa\u017cane za ca\u0142kowicie pot\u0119pione, wykluczone i odrzucone\u201d. (Leon X, bulla Exsurge Domine, cyt. za: Protestantyzm pot\u0119piony przez papie\u017cy, Krak\u00f3w 2017, s. 37-38).<\/p>\r\n<p>\u201eChcemy powiadomi\u0107 wszelkich ma\u0142ej wiary, \u017ce Marcin Luter, jego zwolennicy i inni buntownicy wyst\u0105pili wobec Boga i Jego Ko\u015bcio\u0142a z zawzi\u0119to\u015bci\u0105 i bezczeln\u0105 zuchwa\u0142o\u015bci\u0105. Pragniemy ochroni\u0107 stado od jednej zatrutej duszy, aby zaraza nie rozszerzy\u0142a si\u0119 na zdrowe owce. (\u2026) wspomniany Marcin Luter i pozostali zostali ekskomunikowani, wykl\u0119ci, pot\u0119pieni, uznani za heretyk\u00f3w, zatrwardzia\u0142ych, ob\u0142o\u017conych interdyktem, pozbawionych posiad\u0142o\u015bci i niezdolnych do ich posiadania i zaliczeni do takich moc\u0105 niniejszej bulli\u201d (Leon X, Bulla Decet Romanum Pontificum, cyt. za tam\u017ce, s. 44).<\/p>\r\n<p><em><strong>Protestantyzm niszczy jedno\u015b\u0107 Ko\u015bcio\u0142a<\/strong><\/em><\/p>\r\n<p>\u201e\u015awi\u0119ty Cyprian z Kartaginy powiedzia\u0142, \u017ce ludzie gromadz\u0105cy si\u0119 (na modlitwie) poza Ko\u015bcio\u0142em niszcz\u0105 jedno\u015b\u0107 Ko\u015bcio\u0142a Chrystusa. W mocnych s\u0142owach podkre\u015bli\u0142, \u017ce ktokolwiek od\u0142\u0105cza si\u0119 od Ko\u015bcio\u0142a zostaje zaliczony do cudzo\u0142o\u017cnik\u00f3w i oddzielony od Chrystusowych obietnic. Nie mo\u017ce liczy\u0107 na nagrody od Chrystusa. Jest bowiem obcym, profanem, wrogiem\u201d. (Por. \u015bw. Cyprian z Kartaginy, O jedno\u015bci Ko\u015bcio\u0142a).<\/p>\r\n<p><em><strong>Sob\u00f3r Watyka\u0144ski II zach\u0119caj\u0105c do dialogu wskazywa\u0142 te\u017c na r\u00f3\u017cnice<\/strong><\/em><\/p>\r\n<p>\u201eTrzeba jednak przyzna\u0107 \u017ce mi\u0119dzy tymi Ko\u015bcio\u0142ami i Wsp\u00f3lnotami a Ko\u015bcio\u0142em katolickim istniej\u0105 rozbie\u017cno\u015bci wielkiej wagi, nie tylko na pod\u0142o\u017cu historycznym, socjologicznym, psychologicznym i kulturowym, lecz g\u0142\u00f3wnie w interpretacji prawdy objawionej\u201d. (Sob\u00f3r Watyka\u0144ski II, Unitatis Redintegratio n. 19 \/ zaufaj.com)<\/p>\r\n<p><em><strong>\u015awi\u0119cenia anglika\u0144skie s\u0105 niewa\u017cne<\/strong><\/em><\/p>\r\n<p>\u201eZmiany wprowadzone przez nowator\u00f3w w katolickim rycie \u015bwi\u0119ce\u0144 spowodowa\u0142y, \u017ce ryt edwardia\u0144ski pozbawiony jest wa\u017cno\u015bci. (\u2026) Tutaj od samego pocz\u0105tku zosta\u0142 wprowadzony fa\u0142sz, i chocia\u017c jak najmniej mia\u0142 on pom\u00f3c w udzielaniu \u015bwi\u0119ce\u0144, to z biegiem czasu, w takiej samej postaci pozosta\u0142, aby w przysz\u0142o\u015bci mie\u0107 du\u017ce znaczenie\u201d. (Leon XIII, List Apostolski Apostolicae Curae, cyt. za Protestantyzm pot\u0119piony przez papie\u017cy, s. 84).<\/p>\r\n<p>\u201eKtokolwiek za\u015b zwr\u00f3ci uwag\u0119 i pilnie rozwa\u017cy warunki w jakich znajduj\u0105 si\u0119 wzajemnie podzielone wsp\u00f3lnoty religijne oddzielone od Ko\u015bcio\u0142a katolickiego, kt\u00f3ry od czas\u00f3w Chrystusa Pana i Jego Aposto\u0142\u00f3w zawsze by\u0142 kierowany przez prawowitych pasterzy, a obecnie r\u00f3wnie\u017c sprawuje sw\u0105 Bosk\u0105 w\u0142adz\u0119, posiadan\u0105 od Pana Boga, ten \u0142atwo si\u0119 przekona, \u017ce \u017cadna z tych wsp\u00f3lnot religijnych, ani nawet wszystkie brane \u0142\u0105cznie, nie tworz\u0105 i nie stanowi\u0105 w \u017cadnym razie tego jednego Ko\u015bcio\u0142a katolickiego, kt\u00f3ry zosta\u0142 za\u0142o\u017cony, ustanowiony i powo\u0142any do istnienia przez naszego Pana Jezusa Chrystusa. Ponadto nie mo\u017cna nawet m\u00f3wi\u0107, \u017ce te wsp\u00f3lnoty s\u0105 czy to cz\u0142onkami, czy te\u017c cz\u0119\u015bciami tego\u017c Ko\u015bcio\u0142a, poniewa\u017c w spos\u00f3b widoczny s\u0105 od\u0142\u0105czone od jedno\u015bci katolickiej\u201d. (B\u0142. Pius IX, Iam vos Omnes, cyt. za Protestantyzm pot\u0119piony przez papie\u017cy, s. 72-73).<\/p>\r\n<p><em><strong>Ko\u015bci\u00f3\u0142 chce powrotu protestant\u00f3w do jedno\u015bci z Nim<\/strong><\/em><\/p>\r\n<p>\u201eUpragniony za\u015b powr\u00f3t do prawdy i jedno\u015bci z Ko\u015bcio\u0142em katolickim jest podstaw\u0105 nie tylko zbawienia jednostek, ale tak\u017ce ca\u0142ej spo\u0142eczno\u015bci chrze\u015bcija\u0144skiej i \u015bwiat nie b\u0119dzie m\u00f3g\u0142 si\u0119 cieszy\u0107 prawdziwym pokojem, dop\u00f3ki nie nastanie jedna owczarnia i jeden pasterz\u201d (B\u0142. Pius IX, Iam vos Omnes, cyt. za Protestantyzm pot\u0119piony przez papie\u017cy, s. 74).<\/p>\r\n<p>mjend<\/p>\r\n<ul>\r\n\t<li><a href=\"http:\/\/www.pch24.pl\/zaczynamy-cykl--bledy-wspolczesnosci--bo-nauka-kosciola-jest-wieczna-,57514,i.html\">Zaczynamy cykl #b\u0142\u0119dy wsp\u00f3\u0142czesno\u015bci. Bo nauka Ko\u015bcio\u0142a jest wieczna!<\/a><\/li>\r\n\t<li><a href=\"http:\/\/www.pch24.pl\/ubostwienie-ubostwa--czy-bieda-wystarczy-do-zbawienia-,57515,i.html\">Ub\u00f3stwienie ub\u00f3stwa. Czy bieda wystarczy do zbawienia?<\/a><\/li>\r\n\t<li><a href=\"http:\/\/www.pch24.pl\/ekumenizm-ponad-wszystko-,57680,i.html\">Ekumenizm ponad wszystko?<\/a><\/li>\r\n\t<li><a href=\"http:\/\/www.pch24.pl\/przede-wszystkim-filantropia-,57830,i.html\">Przede wszystkim filantropia?<\/a><\/li>\r\n\t<li><a href=\"http:\/\/www.pch24.pl\/starsi-bracia-wazniejsi-niz-prawda-,58003,i.html\">\u201eStarsi bracia\u201d wa\u017cniejsi ni\u017c Prawda?<\/a><\/li>\r\n\t<li><a href=\"http:\/\/www.pch24.pl\/milosc-to-tylko-uczucie-,58172,i.html\">Mi\u0142o\u015b\u0107 to tylko uczucie?<\/a><\/li>\r\n\t<li><a href=\"http:\/\/www.pch24.pl\/dobroludzizm--czy-istnieje-szczescie-bez-boga-,58313,i.html\">\u201eDobroludzizm\u201d. Czy istnieje szcz\u0119\u015bcie bez Boga?<\/a><\/li>\r\n\t<li><a href=\"http:\/\/www.pch24.pl\/zbawienie-nalezne-z-automatu-,58476,i.html\">Zbawienie nale\u017cne z automatu?<\/a><\/li>\r\n<\/ul>\r\n<p class=\"zrodlo\">Za: <a href=\"http:\/\/www.pch24.pl\/protestantyzm-rownie-dobry-co-katolicyzm-,58637,i.html\">PoloniaChristiana &#8211; pch24.pl (2018-03-02)<\/a><\/p>\r\n<h4>&nbsp;<\/h4>\r\n<hr style=\"background-color: #000000; border-width: 0; color: #000000; height: 2px; line-height: 0; text-align: center; width: 100%;\">\r\n<h4>&nbsp;<\/h4>\r\n<blockquote>\r\n<p><strong>KOMENTARZ <em>BIBU\u0141Y<\/em><\/strong>: Autor w obronie wiary katolickiej przywo\u0142a\u0142 kilkana\u015bcie dokument\u00f3w ko\u015bcielnych i wypowiedzi wielkich Papie\u017cy i ojc\u00f3w Ko\u015bcio\u0142a &#8211; wszystkich pochodz\u0105cych sprzed <em>Vaticanum II<\/em>, bo tylko wtedy mo\u017cna by\u0142o znale\u017a\u0107 prawdziwe i niezmienne Nauczanie Ko\u015bcio\u0142a. Do listy tej doda\u0142 jednak &#8211; nie wiadomo czemu, mo\u017ce aby chc\u0105c pokaza\u0107 &#8222;ci\u0105g\u0142o\u015b\u0107&#8221; nauczania Ko\u015bcio\u0142a po Soborze, co jest jednak niewykonalne &#8211; urywek z <em>Unitatis Redintegratio<\/em>, czyli dekretu soborowego o ekumenizmie. Niestety, przywo\u0142anie tego dokumentu soborowego jest zaprzeczeniem wszystkim innym cytatom, bowiem rodzaj ekumenizmu definiowanego i propagowanego przez <em>Unitatis redintegratio<\/em> zosta\u0142 jasno pot\u0119piony w encyklice <em>Mortalium animos<\/em> Piusa XI. Innymi s\u0142owy, ten dokument soborowy &#8211; jak i wszystkie inne &#8211; stoi w sprzeczno\u015bci z odwiecznym nauczaniem Ko\u015bcio\u0142a.<br>\r\nPo co zatem w opracowanich o b\u0142\u0119dach wsp\u00f3\u0142czesno\u015bci wprowadza\u0107 niepotrzebne zamieszanie?<\/p>\r\n<p>LEKTURA:<\/p>\r\n<ul>\r\n\t<li><a href=\"http:\/\/www.bibula.com\/?p=70253\" rel=\"bookmark\">Sob\u00f3r Watyka\u0144ski II &#8211; \u015bmier\u0107 zachodniej kultury<\/a><\/li>\r\n\t<li><a href=\"http:\/\/www.bibula.com\/?p=68494\" rel=\"bookmark\">Ko\u015bci\u00f3\u0142 musi odrzuci\u0107 b\u0142\u0119dy soboru &#8211; <em>ks. Jean-Michael Gleize FSSPX<\/em><\/a><\/li>\r\n<\/ul>\r\n<\/blockquote>\r\n<h4>&nbsp;<\/h4>\r\n<hr style=\"background-color: #000000; border-width: 0; color: #000000; height: 2px; line-height: 0; text-align: center; width: 100%;\">\r\n<h4>&nbsp;<\/h4>","protected":false},"excerpt":{"rendered":"\u00c5\u00b9le rozumiany dialog ekumeniczny z protestantyzmem znajduje si\u0119 dzi\u015b na ustach wielu. W ubieg\u0142ym roku obchodzono \u201e500-lecie Reformacji\u201d. Do \u201e\u015bwi\u0119towania\u201d przy\u0142\u0105czy\u0142o si\u0119 nawet wielu hierarch\u00f3w, a jeszcze inni zapowiedzieli udzielanie protestantom Komunii \u015awi\u0119tej. Tymczasem jednak \u015bwiadomie i dobrowolnie wyznawany protestantyzm nara\u017ca dusze na wieczn\u0105 zgub\u0119. Jest to bowiem herezja wykluczaj\u0105ca z Ko\u015bcio\u0142a. W ramach cyklu [&hellip;]","protected":false},"author":1,"featured_media":0,"comment_status":"closed","ping_status":"closed","sticky":false,"template":"","format":"standard","meta":{"_acf_changed":false,"_monsterinsights_skip_tracking":false,"_monsterinsights_sitenote_active":false,"_monsterinsights_sitenote_note":"","_monsterinsights_sitenote_category":0,"ngg_post_thumbnail":0,"footnotes":"","_wp_rev_ctl_limit":""},"categories":[9],"tags":[119],"acf":[],"_links":{"self":[{"href":"https:\/\/www.bibula.com\/index.php?rest_route=\/wp\/v2\/posts\/100240"}],"collection":[{"href":"https:\/\/www.bibula.com\/index.php?rest_route=\/wp\/v2\/posts"}],"about":[{"href":"https:\/\/www.bibula.com\/index.php?rest_route=\/wp\/v2\/types\/post"}],"author":[{"embeddable":true,"href":"https:\/\/www.bibula.com\/index.php?rest_route=\/wp\/v2\/users\/1"}],"replies":[{"embeddable":true,"href":"https:\/\/www.bibula.com\/index.php?rest_route=%2Fwp%2Fv2%2Fcomments&post=100240"}],"version-history":[{"count":0,"href":"https:\/\/www.bibula.com\/index.php?rest_route=\/wp\/v2\/posts\/100240\/revisions"}],"wp:attachment":[{"href":"https:\/\/www.bibula.com\/index.php?rest_route=%2Fwp%2Fv2%2Fmedia&parent=100240"}],"wp:term":[{"taxonomy":"category","embeddable":true,"href":"https:\/\/www.bibula.com\/index.php?rest_route=%2Fwp%2Fv2%2Fcategories&post=100240"},{"taxonomy":"post_tag","embeddable":true,"href":"https:\/\/www.bibula.com\/index.php?rest_route=%2Fwp%2Fv2%2Ftags&post=100240"}],"curies":[{"name":"wp","href":"https:\/\/api.w.org\/{rel}","templated":true}]}}