{"id":100197,"date":"2018-03-02T10:19:21","date_gmt":"2018-03-02T15:19:21","guid":{"rendered":"http:\/\/www.bibula.com\/?p=100197"},"modified":"2018-03-02T10:19:35","modified_gmt":"2018-03-02T15:19:35","slug":"jerusalem-post-szkaluje-gen-andersa-polacy-traktowali-zydow-tak-samo-jak-niemcy","status":"publish","type":"post","link":"https:\/\/www.bibula.com\/?p=100197","title":{"rendered":"\u201eJerusalem Post&#8221; szkaluje gen. Andersa: Polacy traktowali \u017byd\u00f3w tak samo jak Niemcy"},"content":{"rendered":"<p><strong>Wed\u0142ug izraelskich dziennikarzy, w armii Andersa panowa\u0142 powszechny antysemityzm, a \u017co\u0142nierze \u017cydowskiego pochodzenia byli zmuszani do opuszczenia jej szereg\u00f3w.<\/strong><\/p>\r\n<p>\u201eJerusalem Post\u201d opublikowa\u0142o artyku\u0142 pt. \u201eDokumenty USA z 1946 r. ujawniaj\u0105, \u017ce Polacy traktowali \u017byd\u00f3w tak samo jak Niemcy\u201d, w kt\u00f3rym wskazuje, \u017ce nastroje antysemickie w powojennej Polsce by\u0142y na porz\u0105dku dziennym. Dosta\u0142o si\u0119 si\u0119 tak\u017ce \u017co\u0142nierzom 2 Korpusu Polskiego pod dow\u00f3dztwem gen. W\u0142adys\u0142awa Andersa, kt\u00f3rzy mieli wykazywa\u0107 si\u0119 takim antysemityzmem, \u017ce \u201e\u017cydowscy \u017co\u0142nierze czuli si\u0119 przymuszeni do opuszczenia jej szereg\u00f3w i przy\u0142\u0105czenia si\u0119 do innych si\u0142 alianckich\u201d.<\/p>\r\n<p>Do ca\u0142ej sprawy odnios\u0142a si\u0119 c\u00f3rka genera\u0142a senator Anna Maria Anders. &#8211; <em>Warto przypomnie\u0107, \u017ce pochodzenie \u017cydowskie mia\u0142o oko\u0142o 3 000 \u017co\u0142nierzy 2 Korpusu Polskiego. Zostali uratowani z \u201enieludzkiej ziemi\u201d. Pozostanie w ZSRR dla wi\u0119kszo\u015bci z nich oznacza\u0142oby pewn\u0105 \u015bmier\u0107<\/em> &#8211; wskaza\u0142a c\u00f3rka bohatera.<\/p>\r\n<p>Na zarzuty dotycz\u0105ce zmuszania \u017co\u0142nierzy \u017cydowskiego pochodzenia do dezercji Anna Maria Anders odpowiedzia\u0142a, \u017ce opuszczali oni szeregi armii dobrowolnie, za cichym przyzwoleniem ojca. Nie ponosili jakichkolwiek konsekwencji, a po opuszczeniu armii brali czynny udzia\u0142 w budowaniu od podstaw armii izraelskiej. &nbsp;&#8211; <em>Warto wskaza\u0107, \u017ce w armii genera\u0142a Andersa by\u0142 m.in. Menachem Begin, p\u00f3\u017aniejszy izraelski Premier &#8211; <\/em>doda\u0142a senator.<\/p>\r\n<p>\u201eJerusalem Post\u201d powo\u0142uje si\u0119 na dokument, kt\u00f3rego nie mo\u017cna sprawdzi\u0107, bo nie zosta\u0142 on ujawniony czy te\u017c udost\u0119pniony cho\u0107by w postaci fotografii. Dodatkowo, izraelska gazeta wskazuje, \u017ce \u201eobecne przejawy antysemityzmu s\u0105 kontynuacj\u0105 dzia\u0142a\u0144 grup prawicowych sprzed 1939 r.\u201d.<\/p>\r\n<p>\u0179r\u00f3d\u0142o: tvp.info<\/p>\r\n<p>PR<\/p>\r\n<p class=\"zrodlo\">Za: <a href=\"http:\/\/www.pch24.pl\/jerusalem-post-szkaluje-gen--andersa--polacy-traktowali-zydow-tak-samo-jak-niemcy,58632,i.html\">PoloniaChristiana &#8211; pch24.pl (2018-03-02)<\/a><\/p>\r\n<blockquote>\r\n<p>[<strong>Wybrane wypowiedzi internaut\u00f3w pod w\/w tekstem na stronie \u017ar\u00f3d\u0142owej:<\/strong>]<\/p>\r\n<p>Jaka jest r\u00f3\u017cnica mi\u0119dzy \u017cmij\u0105 a \u017cydem ja nie widz\u0119 \u017cadnej r\u00f3\u017cnicy to i to pluje jadem.<br>\r\n <em>go\u015b\u0107<\/em><br>\r\n <br>\r\n @&#8221;Bos\u0142aw&#8221; Drogi Panie, Pan si\u0119 myli. Nie ma takiego zjawiska w przyrodzie, jak &#8222;\u017bydzi odnosz\u0105cy si\u0119 do \u017ar\u00f3de\u0142 i bazy badawczej&#8221;. \u017bydzi nie znaj\u0105 poj\u0119cia historii (w sensie opisu tego, co si\u0119 wydarzy\u0142o). \u017bydzi maj\u0105 haggad\u0119 (&#8222;opowiadanie&#8221; o przesz\u0142o\u015bci, rodzaj legendy). Gdy \u017byd &#8222;opowiada&#8221; o przesz\u0142o\u015bci z definicji konfabuluje. To jest mentalno\u015b\u0107, spos\u00f3b my\u015blenia ukszta\u0142towany przez tysi\u0105clecia. Wszelkie &#8222;dialogi&#8221; z \u017bydami s\u0105 bezprzedmiotowe, s\u0105 strat\u0105 czasu. To, co powinni\u015bmy zrobi\u0107 w stosunku do \u017byd\u00f3w, to trzyma\u0107 si\u0119 od nich z daleka. Kto zaczyna gr\u0119 z szulerem pope\u0142nia jeden b\u0142\u0105d &#8211; siada do sto\u0142u i bierze karty do r\u0119ki.<br>\r\n <em>wwm<\/em><\/p>\r\n<h4>&nbsp;<\/h4>\r\n<\/blockquote>\r\n<hr style=\"background-color: #000000; border-width: 0; color: #000000; height: 2px; line-height: 0; text-align: center; width: 100%;\">\r\n<h4>&nbsp;<\/h4>\r\n<h2>Polacy nie dogadali si\u0119 z \u017bydami<\/h2>\r\n<p><strong>INFO: Urz\u0119dnikom izraelskim nie uda\u0142o si\u0119 doj\u015b\u0107 do kompromisu z delegacj\u0105 polsk\u0105, kt\u00f3ra przyby\u0142a do Izraela, aby negocjowa\u0107 w sprawie &#8222;kontrowersyjnej&#8221; zdaniem \u017byd\u00f3w i ameryka\u0144skich w\u0142adz zmiany ustawy o IPN-ie.<\/strong><\/p>\r\n<p>Wg \u017ar\u00f3d\u0142a rozmowy mi\u0119dzy izraelskim zespo\u0142em kierowanym przez dyrektora generalnego MSZ Izraela, p. Juwala Rotema, zespo\u0142em dyplomat\u00f3w i historyk\u00f3w z Yad Vashem i polsk\u0105 delegacj\u0105 na czele z wiceministrem spraw zagranicznych trwa\u0142y ponad 3 godziny. \u0179r\u00f3d\u0142o doda\u0142o, \u017ce po d\u0142ugich negocjacjach obie strony nie by\u0142y w stanie znale\u017a\u0107 rozwi\u0105zania dla prawa. Dodatkowo dyrektor generalny MSZ Izraela wyrazi\u0142 tak\u017ce zaniepokojenie atmosfer\u0105 publiczn\u0105 w Polsce i rzekomymi licznymi przejawami antysemityzmu.<\/p>\r\n<p>\u0179r\u00f3d\u0142o:&nbsp;<a href=\"http:\/\/www.israelnationalnews.com\/News\/News.aspx\/242608\">www.israelnationalnews.com<\/a><\/p>\r\n<p>Opracowa\u0142: BL&nbsp;<\/p>\r\n<p class=\"zrodlo\">Za: <a href=\"http:\/\/korwin-mikke.pl\/ogolne\/zobacz\/polacy_nie_dogadali_sie_z_zydami\/160919\">korwin-mikke.pl (02-03-2018)<\/a><\/p>\r\n<h4>&nbsp;<\/h4>\r\n<hr style=\"background-color: #000000; border-width: 0; color: #000000; height: 2px; line-height: 0; text-align: center; width: 100%;\">\r\n<h4>&nbsp;<\/h4>","protected":false},"excerpt":{"rendered":"Wed\u0142ug izraelskich dziennikarzy, w armii Andersa panowa\u0142 powszechny antysemityzm, a \u017co\u0142nierze \u017cydowskiego pochodzenia byli zmuszani do opuszczenia jej szereg\u00f3w. \u201eJerusalem Post\u201d opublikowa\u0142o artyku\u0142 pt. \u201eDokumenty USA z 1946 r. ujawniaj\u0105, \u017ce Polacy traktowali \u017byd\u00f3w tak samo jak Niemcy\u201d, w kt\u00f3rym wskazuje, \u017ce nastroje antysemickie w powojennej Polsce by\u0142y na porz\u0105dku dziennym. Dosta\u0142o si\u0119 si\u0119 tak\u017ce [&hellip;]","protected":false},"author":1,"featured_media":0,"comment_status":"closed","ping_status":"closed","sticky":false,"template":"","format":"standard","meta":{"_acf_changed":false,"_monsterinsights_skip_tracking":false,"_monsterinsights_sitenote_active":false,"_monsterinsights_sitenote_note":"","_monsterinsights_sitenote_category":0,"ngg_post_thumbnail":0,"footnotes":"","_wp_rev_ctl_limit":""},"categories":[6],"tags":[65,22,61,98,159,59],"acf":[],"_links":{"self":[{"href":"https:\/\/www.bibula.com\/index.php?rest_route=\/wp\/v2\/posts\/100197"}],"collection":[{"href":"https:\/\/www.bibula.com\/index.php?rest_route=\/wp\/v2\/posts"}],"about":[{"href":"https:\/\/www.bibula.com\/index.php?rest_route=\/wp\/v2\/types\/post"}],"author":[{"embeddable":true,"href":"https:\/\/www.bibula.com\/index.php?rest_route=\/wp\/v2\/users\/1"}],"replies":[{"embeddable":true,"href":"https:\/\/www.bibula.com\/index.php?rest_route=%2Fwp%2Fv2%2Fcomments&post=100197"}],"version-history":[{"count":0,"href":"https:\/\/www.bibula.com\/index.php?rest_route=\/wp\/v2\/posts\/100197\/revisions"}],"wp:attachment":[{"href":"https:\/\/www.bibula.com\/index.php?rest_route=%2Fwp%2Fv2%2Fmedia&parent=100197"}],"wp:term":[{"taxonomy":"category","embeddable":true,"href":"https:\/\/www.bibula.com\/index.php?rest_route=%2Fwp%2Fv2%2Fcategories&post=100197"},{"taxonomy":"post_tag","embeddable":true,"href":"https:\/\/www.bibula.com\/index.php?rest_route=%2Fwp%2Fv2%2Ftags&post=100197"}],"curies":[{"name":"wp","href":"https:\/\/api.w.org\/{rel}","templated":true}]}}