{"id":100160,"date":"2018-03-01T09:58:51","date_gmt":"2018-03-01T14:58:51","guid":{"rendered":"http:\/\/www.bibula.com\/?p=100160"},"modified":"2018-03-01T09:58:51","modified_gmt":"2018-03-01T14:58:51","slug":"mozemy-uwazac-obecny-katastrofalny-stan-kosciola-za-czesc-oredzia-fatimskiego","status":"publish","type":"post","link":"https:\/\/www.bibula.com\/?p=100160","title":{"rendered":"Mo\u017cemy uwa\u017ca\u0107 obecny katastrofalny stan Ko\u015bcio\u0142a za cz\u0119\u015b\u0107 or\u0119dzia fatimskiego"},"content":{"rendered":"<p><strong><em>Prezentowane poni\u017cej pytania zosta\u0142y wys\u0142ane do bp. Bernarda Fellaya, prze\u0142o\u017conego generalnego Bractwa \u015aw. Piusa X, pod koniec 2017 r., lecz z powodu r\u00f3\u017cnych przeszk\u00f3d wywiad m\u00f3g\u0142 zosta\u0107 doko\u0144czony dopiero w lutym br.; mimo to zachowano odniesienia do setnej rocznicy objawie\u0144 w Fatimie, zawarte w pierwotnym zestawie pyta\u0144. Serwis \u201eOne Peter Five\u201d wyra\u017ca wdzi\u0119czno\u015b\u0107 Jego Ekscelencji za mo\u017cliwo\u015b\u0107 dyskusji o znaczeniu Fatimy w naszych czasach. (Wywiad przeprowadzi\u0142a dr Maike Hickson.)<\/em><\/strong><\/p>\r\n<p><strong>Rok, w kt\u00f3rym przypada setna rocznica objawie\u0144 Matki Bo\u017cej Fatimskiej, wkr\u00f3tce si\u0119 sko\u0144czy. Jak Wasza Ekscelencja ocenia spos\u00f3b, w jaki Ko\u015bci\u00f3\u0142 katolicki do tej pory j\u0105 obchodzi\u0142, a tak\u017ce to, jak przes\u0142anie fatimskie by\u0142o nam przedstawiane podczas r\u00f3\u017cnych centralnych uroczysto\u015bci? Czy, patrz\u0105c z perspektywy nieumniejszaj\u0105cej znaczenia objawie\u0144 i pe\u0142niejszego przes\u0142ania Fatimy, w tych obchodach czego\u015b zabrak\u0142o &#8211; a je\u015bli tak, to czego?<\/strong><\/p>\r\n<table class=\"outset\" style=\"height: 273px;\" width=\"244\" align=\"left\">\r\n<tbody>\r\n<tr>\r\n<td style=\"width: 234px;\"><img decoding=\"async\" class=\"\" src=\"https:\/\/news.fsspx.pl\/wp-content\/uploads\/bp-Bernard-Fellay-300x200.jpg\" alt=\"\" width=\"225\" height=\"150\"><\/td>\r\n<\/tr>\r\n<tr>\r\n<td style=\"width: 234px;\">\r\n<p class=\"zrodlo\" style=\"text-align: center;\"><em>Bp Bernard Fellay, prze\u0142o\u017cony generalny Bractwa \u015aw. Piusa X<\/em><\/p>\r\n<\/td>\r\n<\/tr>\r\n<\/tbody>\r\n<\/table>\r\n<p>Przede wszystkim podstawowym przes\u0142aniem Fatimy jest propagowanie nabo\u017ce\u0144stwa do Niepokalanego Serca Maryi. Je\u015bli czego\u015b zabrak\u0142o, to w\u0142a\u015bnie tego. Nie by\u0142o prawie \u017cadnych odniesie\u0144 do nabo\u017ce\u0144stwa do Niepokalanego Serca Maryi. Po drugie, nie by\u0142o r\u00f3wnie\u017c prawie \u017cadnych odniesie\u0144 do s\u0142ynnej trzeciej tajemnicy fatimskiej. Zatem Fatima zosta\u0142a sprowadzona do czego\u015b zwyczajnego, do jednego z wielu objawie\u0144 Naj\u015bwi\u0119tszej Maryi Panny. Tak, m\u00f3dlmy si\u0119 i przyjmujmy \u0142aski &#8211; ale nie powiedziano nic o wielkim znaczeniu Matki Bo\u017cej w naszych strasznych czasach oraz w Ko\u015bciele.<\/p>\r\n<p><strong>Czy Wasza Ekscelencja m\u00f3g\u0142by podsumowa\u0107 dla nas to, co Jego zdaniem jest g\u0142\u00f3wnym przes\u0142aniem wszystkich objawie\u0144 zwi\u0105zanych z Fatim\u0105 &#8211; a dok\u0142adniej istoty trzech tajemnic fatimskich, jakie dot\u0105d zosta\u0142y nam oficjalnie przedstawione?<\/strong><\/p>\r\n<p>W pierwszej tajemnicy, opr\u00f3cz nabo\u017ce\u0144stwa do Niepokalanego Serca Maryi jako \u015brodka zbawienia, mamy wizj\u0119 piek\u0142a. To nam przypomina o wa\u017cnych konsekwencjach grzechu i \u017ce musimy podejmowa\u0107 ofiary, aby zdoby\u0107 dusze dla nieba. W drugiej tajemnicy zosta\u0142a przedstawiona inna konsekwencja grzechu &#8211; wojna. \u201eJe\u015bli \u015bwiat si\u0119 nie nawr\u00f3ci, nast\u0105pi kolejna wojna, bardziej przera\u017caj\u0105ca ni\u017c pierwsza\u201d. Czym jest trzecia tajemnica? Opublikowana cz\u0119\u015b\u0107 jest bardzo zagadkowa: widzimy prze\u015bladowanie Ko\u015bcio\u0142a z wieloma ofiarami \u015bmiertelnymi, a w\u015br\u00f3d nich Ojca \u015awi\u0119tego. Jednak trudno z tego wiele wywnioskowa\u0107. Istotnie, w tym, co zosta\u0142o opublikowane, nie wida\u0107 triumfu Niepokalanego Serca. Zosta\u0142o to jednak ujawnione przez s. \u0141ucj\u0119 jako konkluzja trzeciej tajemnicy.<\/p>\r\n<p><strong>Kardyna\u0142 Rajmund Burke bra\u0142 udzia\u0142 w kilku wi\u0119kszych wydarzeniach w Fatimie i cz\u0119sto wyg\u0142asza\u0142 d\u0142ugie przem\u00f3wienia, takie jak to zaprezentowane podczas sympozjum z okazji stulecia Fatimy w opactwie Buckfast, 12 pa\u017adziernika 2017 r. Po om\u00f3wieniu r\u00f3\u017cnych rodzaj\u00f3w apostazji maj\u0105cych miejsce w historii Ko\u015bcio\u0142a, a tak\u017ce dzisiaj, kard. Burke m\u00f3wi\u0142 o tajemniczym przes\u0142aniu trzeciej tajemnicy fatimskiej: \u201eNie wdaj\u0105c si\u0119 w dyskusj\u0119 o tym, czy trzecia cz\u0119\u015b\u0107 tajemnicy zosta\u0142a ujawniona w ca\u0142o\u015bci, na podstawie najbardziej powa\u017cnych bada\u0144 objawie\u0144 Matki Boskiej Fatimskiej wydaje si\u0119 jasne, \u017ce ma ona zwi\u0105zek z diabolicznymi si\u0142ami, kt\u00f3re w naszych czasach swobodnie dzia\u0142aj\u0105 w \u015bwiecie, a nawet przenikaj\u0105 do samego Ko\u015bcio\u0142a, przez co dusze odst\u0119puj\u0105 od prawdy wiary, a zatem od Boskiej Mi\u0142o\u015bci p\u0142yn\u0105cej z chwalebnego przebitego Serca Jezusowego\u201d. Czy Wasza Ekscelencja m\u00f3g\u0142by skomentowa\u0107 t\u0119 analiz\u0119 w \u015bwietle szerszych dyskusji o tym, co by\u0107 mo\u017ce nie zosta\u0142o nam w pe\u0142ni ujawnione odno\u015bnie do trzeciej tajemnicy fatimskiej? Czy to, co powiedzia\u0142 kard. Burke, mo\u017ce by\u0107 wywnioskowane z oficjalnie opublikowanej cz\u0119\u015bci trzeciej tajemnicy z 2000 r. o \u201ebiskupie ubranym na bia\u0142o\u201d, zabitym na wzg\u00f3rzu?<\/strong><\/p>\r\n<p>R\u00f3wnie\u017c tutaj trudno jest wyci\u0105gn\u0105\u0107 konkretne wnioski z wizji. Mamy inne \u017ar\u00f3d\u0142a, takie jak konferencja ks. Fuentesa i listy s. \u0141ucji, w kt\u00f3rych pisze ona o diabolicznej dezorientacji w\u015br\u00f3d hierarchii. Czy zosta\u0142o to w pe\u0142ni ujawnione? W\u0142a\u015bciwie nie ma to znaczenia. Wa\u017cna jest rzeczywisto\u015b\u0107, w kt\u00f3rej \u017cyjemy. W tym sensie mo\u017cemy uwa\u017ca\u0107 obecn\u0105 katastrofaln\u0105 sytuacj\u0119 Ko\u015bcio\u0142a za cz\u0119\u015b\u0107 or\u0119dzia fatimskiego.<\/p>\r\n<p><strong>Poruszmy wi\u0119c g\u0142\u0119biej zagadnienie trzeciej tajemnicy. Wasza Ekscelencja g\u0142osi\u0142 wyk\u0142ady, w kt\u00f3rych przekonywa\u0142, \u017ce trzecia tajemnica nie zosta\u0142a jeszcze w pe\u0142ni opublikowana. Czy Wasza Ekscelencja m\u00f3g\u0142by przedstawi\u0107 swoje argumenty oraz konsekwencje tego stanu rzeczy?<\/strong><\/p>\r\n<p>Najbardziej oczywisty argument na rzecz tezy, \u017ce trzecia tajemnica nie zosta\u0142a w pe\u0142ni ujawniona, pochodzi z tekst\u00f3w s. \u0141ucji pozostawionych w jej wspomnieniach. Wprowadza ona trzeci\u0105 tajemnic\u0119, wk\u0142adaj\u0105c takie oto s\u0142owa w usta Naj\u015bwi\u0119tszej Maryi Panny: \u201eW Portugalii dogmat wiary zostanie zachowany [\u2026] na ko\u0144cu Moje Niepokalane Serce zatriumfuje, Ojciec \u015awi\u0119ty po\u015bwi\u0119ci Rosj\u0119\u201d i tak dalej. Ta cz\u0119\u015b\u0107 jest opisana przez s. \u0141ucj\u0119 jako trzecia tajemnica i nie pojawia si\u0119 w tek\u015bcie opublikowanym przez Rzym. St\u0105d wniosek, patrz\u0105c na inne cz\u0119\u015bci przes\u0142ania, kt\u00f3re zawieraj\u0105 zar\u00f3wno wizj\u0119, jak i jej wyja\u015bnienie, \u017ce brakuje wyja\u015bnienia odno\u015bnie do trzeciej tajemnicy.<\/p>\r\n<p><strong>Mam nadziej\u0119, \u017ce tym wywiadem powr\u00f3cimy do tegorocznego dyskursu o Fatimie i do obchod\u00f3w mi\u0142osiernego ostrze\u017cenia Matki Bo\u017cej, odnosz\u0105cego si\u0119 do utraty wiary, nawet na wy\u017cszych szczeblach Ko\u015bcio\u0142a. Ju\u017c w zesz\u0142ym roku [2016] ta sprawa zosta\u0142a na nowo om\u00f3wiona przez dr Alicj\u0119 von Hildebrand, kt\u00f3ra ujawni\u0142a, \u017ce apostazja i \u201einfiltracja Ko\u015bcio\u0142a a\u017c do samego szczytu\u201d jest cz\u0119\u015bci\u0105 trzeciej tajemnicy, jak to kiedy\u015b wyjawi\u0142 jej i jej m\u0119\u017cowi (Teodorykowi von Hildebrand) pewien dobrze poinformowany kap\u0142an w Rzymie. Czy Wasza Ekscelencja ma w\u0142asne niezale\u017cne \u017ar\u00f3d\u0142a, kt\u00f3re udzieli\u0142y Mu nieoficjalnych wskaz\u00f3wek, \u017ce rzeczywi\u015bcie nie wszystkie cz\u0119\u015bci spisane przez s. \u0141ucj\u0119 z Fatimy, dotycz\u0105ce trzeciej tajemnicy, zosta\u0142y do tej pory opublikowane? Je\u015bli tak, czy Wasza Ekscelencja mo\u017ce nam przekaza\u0107 kilka my\u015bli z tych \u017ar\u00f3de\u0142?<\/strong><\/p>\r\n<p>Nie, nie mam absolutnie \u017cadnej wiedzy o tym, co jeszcze mo\u017ce by\u0107 w trzeciej tajemnicy.<\/p>\r\n<p><strong>Na podstawie Jego w\u0142asnych bada\u0144 na ten temat, jakie jest zdanie Waszej Ekscelencji odno\u015bnie do tego, co brakuj\u0105ca cz\u0119\u015b\u0107 trzeciej tajemnicy mog\u0142aby konkretnie zawiera\u0107? Przed czym B\u00f3g chce nas nadal ostrzec?<\/strong><\/p>\r\n<p>Bior\u0105c pod uwag\u0119 wszystkie mo\u017cliwo\u015bci, wydaje mi si\u0119, \u017ce mog\u0142y to by\u0107 dwie cz\u0119\u015bci: jedna odnosz\u0105ca si\u0119 do strasznej katastrofy naturalnej lub spowodowanej wojn\u0105, natomiast druga do ogromnego kryzysu w Ko\u015bciele. Jest oczywiste, \u017ce najwa\u017cniejsz\u0105 spraw\u0105 jest zbawienie dusz, ale gro\u017aba kary tu na ziemi pomaga wielu ludziom powr\u00f3ci\u0107 do Boga.<\/p>\r\n<p><strong>Poniewa\u017c wydawa\u0142o mi si\u0119, \u017ce jeste\u015bmy teraz w Ko\u015bciele katolickim \u015bwiadkami tego, o czym Matka Bo\u017ca mog\u0142aby nas ostrzega\u0107 w trzeciej tajemnicy, w ubieg\u0142ym roku dotar\u0142am do pewnych wysoko postawionych rzymskich pra\u0142at\u00f3w. Poprosi\u0142am ich o pomoc w ujawnieniu brakuj\u0105cych tekst\u00f3w s. \u0141ucji, kt\u00f3re rzuci\u0142yby wi\u0119cej \u015bwiat\u0142a na mi\u0142osierne i ostrzegawcze przes\u0142anie Matki Bo\u017cej. Co wi\u0119cej, powiedziano mi, \u017ce s\u0105 w Rzymie osoby, kt\u00f3re bardzo dok\u0142adnie rozpatrywa\u0142y t\u0119 delikatn\u0105 materi\u0119, ale nic, jak si\u0119 zdaje, nie zosta\u0142o zrobione. Wiem te\u017c i o innych \u017ar\u00f3d\u0142ach, kt\u00f3re przyznaj\u0105, \u017ce maj\u0105 w\u0105tpliwo\u015bci odno\u015bnie do tego, jak Rzym do tej pory zajmowa\u0142 si\u0119 t\u0105 spraw\u0105. Jaki jest, zdaniem Waszej Ekscelencji, pow\u00f3d ci\u0105g\u0142ego wahania si\u0119 tych os\u00f3b, kt\u00f3re mog\u0142yby ujawni\u0107, dla wi\u0119kszego dobra, o wiele wi\u0119cej informacji? Czego nadal mog\u0105 si\u0119 ba\u0107 lub co maj\u0105 do stracenia? Czy takie wyjawienie [prawdy o objawieniach] nie by\u0142oby aktem mi\u0142osierdzia wobec cierpi\u0105cego Ko\u015bcio\u0142a, b\u0119d\u0105cego w g\u0142\u0119bokim kryzysie?<\/strong><\/p>\r\n<p>Pami\u0119tam, \u017ce s. \u0141ucja w wywiadzie udzielonym kardyna\u0142owi z Indii w po\u0142owie lat 90. bardzo si\u0119 obawia\u0142a, \u017ce papie\u017c ujawni sekret. Powiedzia\u0142a, \u017ce gdyby mog\u0142a co\u015b doradzi\u0107 Ojcu \u015awi\u0119temu, to zaleci\u0142aby mu wielk\u0105 roztropno\u015b\u0107. Gdyby tekst zawiera\u0142 na przyk\u0142ad informacje odno\u015bnie do przyj\u015bcia Antychrysta lub co\u015b podobnie tak bardzo powa\u017cnego, \u017ce wzbudzi\u0142oby to wielkie w\u0105tpliwo\u015bci co do autorytetu Ko\u015bcio\u0142a, to m\u00f3g\u0142by by\u0107 to pow\u00f3d, dla kt\u00f3rego w\u0142adze ko\u015bcielne nie chc\u0105 opublikowa\u0107 tekstu. Nie twierdz\u0119, \u017ce to jest w\u0142a\u015bnie ten pow\u00f3d; po prostu zastanawiam si\u0119, jakie mog\u0105 by\u0107 przyczyny, by tego nie robi\u0107.<\/p>\r\n<p><strong>Poniewa\u017c nie wydaje si\u0119, aby\u015bmy posun\u0119li si\u0119 naprz\u00f3d w pr\u00f3bach zdobycia pe\u0142niejszej wiedzy o tym, co samo niebo chcia\u0142o, \u017ceby\u015bmy wiedzieli &#8211; a jednocze\u015bnie wiedz\u0105c, \u017ce to niepowodzenie zosta\u0142o przewidziane przez Bo\u017c\u0105 Opatrzno\u015b\u0107 &#8211; jakiej rady Wasza Ekscelencja udzieli\u0142by tym szczerym katolikom, kt\u00f3rzy wci\u0105\u017c pragn\u0105 pozna\u0107 pe\u0142niejsz\u0105 prawd\u0119 o Fatimie?<\/strong><\/p>\r\n<p>Istniej\u0105 rzeczy wa\u017cniejsze ni\u017c wiedza &#8211; to \u017cycie katolickie. Oczywi\u015bcie, je\u015bli Naj\u015bwi\u0119tsza Maryja Panna chcia\u0142a, aby ta tajemnica by\u0142a znana, to jest to wa\u017cnym powodem, dla kt\u00f3rego katolicy, a mo\u017ce i \u015bwiat, powinni j\u0105 pozna\u0107. Nawet je\u015bli do tego nie dosz\u0142o, jeste\u015bmy zobowi\u0105zani do codziennego wype\u0142niania obowi\u0105zk\u00f3w stanu. To jest najwa\u017cniejsze.<\/p>\r\n<p><strong>Prosz\u0119 zatem o rad\u0119 w innej dziedzinie: wielu katolik\u00f3w obserwuje z obaw\u0105, \u017ce ci spo\u015br\u00f3d wiernych w Ko\u015bciele, kt\u00f3rzy broni\u0105 tradycyjnej katolickiej nauki o ma\u0142\u017ce\u0144stwie &#8211; jak prof. J\u00f3zef Seifert, o. Tomasz Weinandy i inni &#8211; s\u0105 skazywani na ostracyzm i uciszani. Cz\u0119\u015b\u0107 katolik\u00f3w patrzy z wielk\u0105 obaw\u0105 na to, co przyniesie przysz\u0142o\u015b\u0107 tym wszystkim, kt\u00f3rzy s\u0105 zdecydowani zachowa\u0107 wierno\u015b\u0107 Chrystusowi i Jego nauczaniu. O jakie wewn\u0119trzne usposobienie duszy i konkretne zachowanie powinni\u015bmy si\u0119 teraz modli\u0107 i stara\u0107?<\/strong><\/p>\r\n<p>Po pierwsze, miejcie wielkie zaufanie do Boga, kt\u00f3ry nigdy nie porzuci tych, kt\u00f3rzy s\u0105 wierni. Liczcie na Jego \u0142ask\u0119. Po drugie, b\u0105d\u017acie za wszelk\u0105 cen\u0119 niez\u0142omni w wierze i zachowujcie przykazania.<\/p>\r\n<p><strong>Wielu obserwator\u00f3w coraz cz\u0119\u015bciej dostrzega podobie\u0144stwa mi\u0119dzy zasadami, na kt\u00f3rych Bractwo \u015aw. Piusa X opar\u0142o sw\u00f3j sprzeciw wobec pewnych nowinek przybywaj\u0105cych wcze\u015bniej z Rzymu, a zasadami stosowanymi obecnie przez krytyk\u00f3w dokumentu papie\u017ca Franciszka <em>Amoris l\u00c3\u00a6titia<\/em>. Sam prof. Seifert wielokrotnie i wyra\u017anie odwo\u0142ywa\u0142 si\u0119 do analogicznej sprawy Bractwa. Czy Wasza Ekscelencja m\u00f3g\u0142by nam wyt\u0142umaczy\u0107 te podstawowe zasady oraz stopie\u0144, w jakim Jego zdaniem s\u0105 one do siebie podobne?<\/strong><\/p>\r\n<p>Dusze powinny d\u0105\u017cy\u0107 do zbawienia. Ko\u015bci\u00f3\u0142 nie jest czym\u015b nowym. Je\u015bli b\u0119dziemy post\u0119powa\u0107 tak, jak Ko\u015bci\u00f3\u0142 zawsze post\u0119powa\u0142 i jak zawsze post\u0119powali \u015bwi\u0119ci, b\u0119dziemy pewni, \u017ce jeste\u015bmy bezpieczni na drodze do nieba. Ko\u015bci\u00f3\u0142 zawsze rozpatrywa\u0142 niebezpieczne nowo\u015bci zrodzone przez pych\u0119. Mo\u017cemy dzi\u015b powiedzie\u0107, \u017ce istnieje pewne chorobliwe d\u0105\u017cenie do nowo\u015bci i zmiany. Ale B\u00f3g si\u0119 nie zmienia. Wiara si\u0119 nie zmienia. Przykazania si\u0119 nie zmieniaj\u0105. B\u0105d\u017acie wierni temu, czego Ko\u015bci\u00f3\u0142 zawsze naucza\u0142 w swoich katechizmach, a b\u0119dziecie pewni, \u017ce jeste\u015bcie po w\u0142a\u015bciwej stronie tej walki o Boga i Jego chwa\u0142\u0119.<\/p>\r\n<p><strong>Bractwo \u015aw. Piusa X od pocz\u0105tku sprzeciwia\u0142o si\u0119 pewnym aspektom ekumenizmu i wolno\u015bci religijnej. Jak Wasza Ekscelencja odni\u00f3s\u0142by ten wcze\u015bniejszy op\u00f3r do obecnej debaty o nierozerwalno\u015bci ma\u0142\u017ce\u0144stwa w \u015bwietle faktu, \u017ce wiele innych religii nie uznaje tego dogmatu?<\/strong><\/p>\r\n<p>Poniewa\u017c wiele religii odrzuca nierozerwalno\u015b\u0107 ma\u0142\u017ce\u0144stwa, mogliby\u015bmy pomy\u015ble\u0107, \u017ce kroki podj\u0119te przez Rzym by\u0142y inspirowane ekumenizmem &#8211; lecz nie jestem pewien, czy faktycznie zachodzi tu jaki\u015b zwi\u0105zek. My\u015bl\u0119, \u017ce problemem jest og\u00f3lna relatywizacja prawdy, a przez to zbyt pob\u0142a\u017cliwe stosowanie prawa i rozumienie przykaza\u0144 Bo\u017cych. Lub te\u017c, stosuj\u0105c zasady personalizmu, taki nacisk na osob\u0119 ludzk\u0105, \u017ce Bo\u017cy porz\u0105dek nie jest ju\u017c najwa\u017cniejszy (innymi s\u0142owy, \u017ce cz\u0142owiek staje si\u0119 Bogiem). Znajdujemy to dzi\u015b na poziomie religii, a nawet i prawodawstwa. Jan Pawe\u0142 II nazwa\u0142 to antropocentryzmem. Teraz widzimy, jak zastosowano to wobec ma\u0142\u017ce\u0144stwa. Ka\u017cdy chcia\u0142by mie\u0107 \u0142atwe \u017cycie\u2026<\/p>\r\n<p><strong>Czy Wasza Ekscelencja m\u00f3g\u0142by powiedzie\u0107 nam na koniec, jak &#8211; w \u015bwietle rosn\u0105cej apostazji w Ko\u015bciele katolickim &#8211; postrzega swoj\u0105 misj\u0119, misj\u0119 FSSPX i jego szczeg\u00f3ln\u0105 rol\u0119?<\/strong><\/p>\r\n<p>Mogliby\u015bmy powiedzie\u0107, \u017ce Bractwo \u015aw. Piusa X, dzi\u0119ki Bo\u017cej Opatrzno\u015bci, a nie przez nasze zas\u0142ugi, reprezentuje przesz\u0142o\u015b\u0107 Ko\u015bcio\u0142a, kt\u00f3r\u0105 nazywamy Tradycj\u0105. Nie mo\u017cna tego wymaza\u0107 z Ko\u015bcio\u0142a katolickiego ani z katolickiego \u017cycia. Nasz\u0105 misj\u0105 jest wi\u0119c to upami\u0119tnia\u0107. Nie jeste\u015bmy po prostu pomnikiem przesz\u0142o\u015bci; jeste\u015bmy \u017cywym \u015bwiadkiem Tradycji w Ko\u015bciele, kt\u00f3ra jest ponad wszystkimi zmianami i nastrojami wsp\u00f3\u0142czesnego \u015bwiata. Wiara pozostaje nasz\u0105 misj\u0105, w szczeg\u00f3lno\u015bci poprzez o\u017cywianie chrze\u015bcija\u0144skiego ducha, zw\u0142aszcza w\u015br\u00f3d kap\u0142an\u00f3w Ko\u015bcio\u0142a katolickiego. Nasz\u0105 w\u0142a\u015bciw\u0105 rol\u0105 jest pomoc w przywr\u00f3ceniu Ko\u015bcio\u0142owi kap\u0142a\u0144stwa w ca\u0142ej jego czysto\u015bci. Ka\u017cdy aspekt \u017cycia chrze\u015bcija\u0144skiego, a nawet Ko\u015bcio\u0142a wynika z tej zasady. Je\u015bli pragnie si\u0119 pom\u00f3c w odnowie Ko\u015bcio\u0142a, nale\u017cy rozpocz\u0105\u0107 od kap\u0142a\u0144stwa.<\/p>\r\n<p><strong>Czy Wasza Ekscelencja ma jak\u0105\u015b wiedz\u0119 na temat pog\u0142osek, \u017ce wkr\u00f3tce papie\u017c Franciszek zmieni lub podwa\u017cy <em>motu proprio Summorum Pontificum<\/em>?<\/strong><\/p>\r\n<p>Nie, nic o tym nie wiem.<\/p>\r\n<p><strong>Czy Wasza Ekscelencja ma jakiekolwiek oczekiwania co do oficjalnych relacji Bractwa z Rzymem, szczeg\u00f3lnie wobec faktu, \u017ce Wasza Ekscelencja osobi\u015bcie podpisa\u0142 <em>Correctio filialis<\/em> dotycz\u0105ce <em>Amoris l\u00c3\u00a6titia<\/em>? Czy negocjacje z Rzymem zosta\u0142y wstrzymane lub prze\u0142o\u017cone w czasie?<\/strong><\/p>\r\n<p>Nie s\u0105dz\u0119, \u017ce istnieje jaki\u015b konkretny zwi\u0105zek mi\u0119dzy moim podpisaniem <em>Correctio filiali<\/em>s a naszym postrzeganiem przez Rzym. Na razie pozostajemy w pewnym martwym punkcie, ale rzeczy s\u0105 otwarte do dalszych dyskusji.<\/p>\r\n<p><strong>Czy Wasza Ekscelencja ma dla nas jakie\u015b ostatnie s\u0142owa, kt\u00f3re pomog\u0142yby nam wzrasta\u0107 w wiernej mi\u0142o\u015bci do Pana Jezusa i Matki Bo\u017cej w \u015bwietle mi\u0142osiernego przes\u0142ania i ostrze\u017cenia z Fatimy?<\/strong><\/p>\r\n<p>Je\u015bli Naj\u015bwi\u0119tsza Maryja Panna podj\u0119\u0142a wysi\u0142ek, aby przem\u00f3wi\u0107 do \u015bwiata, to musi by\u0107 to wa\u017cne. A zatem s\u0142uchajcie Jej i Jej s\u0142\u00f3w. Wzrastajmy w wielkim nabo\u017ce\u0144stwie do Niepokalanego Serca Maryi. Ona b\u0119dzie zachowywa\u0107 i chroni\u0107 nasz\u0105 wiar\u0119, nadziej\u0119 i mi\u0142o\u015b\u0107 i prowadzi\u0107 nas, tak jak obieca\u0142a, do nieba.<\/p>\r\n<div class=\"sources\">\r\n<p><strong>\u0179r\u00f3d\u0142o<\/strong><\/p>\r\n<ul>\r\n\t<li><a class=\"wpel-icon-right\" href=\"http:\/\/fsspx.news\/en\/news-events\/news\/interview-bishop-bernard-fellay-fatima-centenary-church-crisis-35584\" rel=\"external noopener noreferrer\" data-wpel-link=\"external\" data-slimstat=\"5\">Interview: Bishop Bernard Fellay on The Fatima Centenary &amp; Church Crisis<\/a> (orygina\u0142: <a class=\"wpel-icon-right\" href=\"https:\/\/onepeterfive.com\/interview-bishop-bernard-fellay-on-the-fatima-centenary-church-crisis\/\" rel=\"external noopener noreferrer\" data-wpel-link=\"external\" data-slimstat=\"5\">Interview: Bishop Bernard Fellay on The Fatima Centenary &amp; Church Crisis<\/a>)<\/li>\r\n<\/ul>\r\n<\/div>","protected":false},"excerpt":{"rendered":"Prezentowane poni\u017cej pytania zosta\u0142y wys\u0142ane do bp. Bernarda Fellaya, prze\u0142o\u017conego generalnego Bractwa \u015aw. Piusa X, pod koniec 2017 r., lecz z powodu r\u00f3\u017cnych przeszk\u00f3d wywiad m\u00f3g\u0142 zosta\u0107 doko\u0144czony dopiero w lutym br.; mimo to zachowano odniesienia do setnej rocznicy objawie\u0144 w Fatimie, zawarte w pierwotnym zestawie pyta\u0144. Serwis \u201eOne Peter Five\u201d wyra\u017ca wdzi\u0119czno\u015b\u0107 Jego Ekscelencji [&hellip;]","protected":false},"author":1,"featured_media":0,"comment_status":"closed","ping_status":"closed","sticky":false,"template":"","format":"standard","meta":{"_acf_changed":false,"_monsterinsights_skip_tracking":false,"_monsterinsights_sitenote_active":false,"_monsterinsights_sitenote_note":"","_monsterinsights_sitenote_category":0,"ngg_post_thumbnail":0,"footnotes":"","_wp_rev_ctl_limit":""},"categories":[3],"tags":[82,32,33],"acf":[],"_links":{"self":[{"href":"https:\/\/www.bibula.com\/index.php?rest_route=\/wp\/v2\/posts\/100160"}],"collection":[{"href":"https:\/\/www.bibula.com\/index.php?rest_route=\/wp\/v2\/posts"}],"about":[{"href":"https:\/\/www.bibula.com\/index.php?rest_route=\/wp\/v2\/types\/post"}],"author":[{"embeddable":true,"href":"https:\/\/www.bibula.com\/index.php?rest_route=\/wp\/v2\/users\/1"}],"replies":[{"embeddable":true,"href":"https:\/\/www.bibula.com\/index.php?rest_route=%2Fwp%2Fv2%2Fcomments&post=100160"}],"version-history":[{"count":0,"href":"https:\/\/www.bibula.com\/index.php?rest_route=\/wp\/v2\/posts\/100160\/revisions"}],"wp:attachment":[{"href":"https:\/\/www.bibula.com\/index.php?rest_route=%2Fwp%2Fv2%2Fmedia&parent=100160"}],"wp:term":[{"taxonomy":"category","embeddable":true,"href":"https:\/\/www.bibula.com\/index.php?rest_route=%2Fwp%2Fv2%2Fcategories&post=100160"},{"taxonomy":"post_tag","embeddable":true,"href":"https:\/\/www.bibula.com\/index.php?rest_route=%2Fwp%2Fv2%2Ftags&post=100160"}],"curies":[{"name":"wp","href":"https:\/\/api.w.org\/{rel}","templated":true}]}}