{"id":100096,"date":"2018-02-26T10:48:23","date_gmt":"2018-02-26T15:48:23","guid":{"rendered":"http:\/\/www.bibula.com\/?p=100096"},"modified":"2018-02-27T10:11:48","modified_gmt":"2018-02-27T15:11:48","slug":"olszewski-bandera-ze-zbrodnia-wolynska-nie-mial-nic-wspolnego-ona-mogla-sluzyc-sowietom","status":"publish","type":"post","link":"https:\/\/www.bibula.com\/?p=100096","title":{"rendered":"Olszewski: Bandera ze zbrodni\u0105 wo\u0142y\u0144sk\u0105 nie mia\u0142 nic wsp\u00f3lnego, ona mog\u0142a s\u0142u\u017cy\u0107 Sowietom"},"content":{"rendered":"<p><strong>\u201e\u0141\u0105czenie tych dw\u00f3ch temat\u00f3w jest rzecz\u0105 co&nbsp;najmniej dziwaczn\u0105. A&nbsp;wrzucenie tego do&nbsp;jednej ustawy ma&nbsp;charakter czego\u015b pomi\u0119dzy obsesj\u0105 a&nbsp;dywersj\u0105. Mo\u017ce to&nbsp;mocne s\u0142owa, ale&nbsp;tak to&nbsp;wygl\u0105da. Bo&nbsp;trudno znale\u017a\u0107 jakie\u015b inne uzasadnienie\u201d &#8211; powiedzia\u0142 w wywiadzie dla \u201eSuper Expressu\u201d by\u0142y premier Jan Olszewski.<\/strong><\/p>\r\n<p>Olszewski stwierdzi\u0142, \u017ce Stepan Bandera jest odpowiedzialny tylko za jedn\u0105 zbrodni\u0119 skierowan\u0105 przeciwko Polsce i by\u0142 ni\u0105 zamach na&nbsp;polskiego ministra spraw wewn\u0119trznych pu\u0142kownika Bronis\u0142awa Pierackiego. \u201eI&nbsp;rzecz znamienna &#8211;&nbsp;w&nbsp;procesie winnych, mi\u0119dzy innymi Bander\u0119, skazano na&nbsp;kary \u015bmierci. Ale&nbsp;\u017cadnego wyroku nie&nbsp;wykonano. Sta\u0142o si\u0119 tak, pomimo \u017ce&nbsp;minister Pieracki by\u0142 jednym z&nbsp;najbli\u017cszych wsp\u00f3\u0142pracownik\u00f3w J\u00f3zefa Pi\u0142sudskiego. A&nbsp;decyzja o&nbsp;niewykonywaniu wyroku \u015bmierci musia\u0142a zapa\u015b\u0107 za&nbsp;wiedz\u0105, a&nbsp;najpewniej na&nbsp;podstawie decyzji samego Marsza\u0142ka. I&nbsp;sta\u0142o si\u0119 bardzo dobrze. Bo&nbsp;Bandera odegra\u0142 potem niezwykle wa\u017cn\u0105 rol\u0119 w&nbsp;historii walki Ukrai\u0144c\u00f3w o&nbsp;niepodleg\u0142o\u015b\u0107\u201d &#8211; oceni\u0142 by\u0142y premier.<\/p>\r\n<p>Olszewski jest zdania, \u017ce pomimo nieprzychylnego stanowsiak Bandery wobec Polski i Polak\u00f3w, nie jest on odpowiedzialny na ludob\u00f3jstwo na Wo\u0142yniu. \u201eNiew\u0105tpliwie jest dla Polak\u00f3w postaci\u0105 ma\u0142o sympatyczn\u0105, jego wypowiedzi na temat Polski by\u0142y bardzo nieprzychylne. Ale chcia\u0142bym bardzo mocno podkre\u015bli\u0107 i da\u0107 pod rozwag\u0119 &#8211; ten cz\u0142owiek nie mia\u0142 ze zbrodni\u0105 wo\u0142y\u0144sk\u0105 nic wsp\u00f3lnego\u201d &#8211; powiedzia\u0142 Olszewski.<\/p>\r\n<p>By\u0142y premier wyrazi\u0142 pogl\u0105d, \u017ce Bandera maj\u0105cy mo\u017cno\u015b\u0107 podejmowania realnych decyzji w czasie przebywania w niemieckie niewoli, powstrzyma\u0142by rze\u017a wo\u0142y\u0144sk\u0105. W ocenie Olszewskiego, Bandera by\u0142 \u201epolitykiem my\u015bl\u0105cym, mia\u0142 wielki zmys\u0142 polityczny i&nbsp;zdawa\u0142 sobie spraw\u0119 z&nbsp;tego, \u017ce&nbsp;po&nbsp;Stalingradzie i&nbsp;kl\u0119sce Niemc\u00f3w wynik wojny jest ju\u017c w&nbsp;zasadzie przes\u0105dzony, a&nbsp;akt ludob\u00f3jstwa wobec ludno\u015bci polskiej m\u00f3g\u0142 s\u0142u\u017cy\u0107 tylko jednej stronie &#8211;&nbsp;stronie sowieckiej. A&nbsp;na pewno bardzo szkodzi\u0142 sprawie zar\u00f3wno polskiej, jak i&nbsp;ukrai\u0144skiej. I&nbsp;tylko ta&nbsp;trzecia strona mo\u017ce si\u0119 z&nbsp;tego cieszy\u0107. Bandera by&nbsp;to&nbsp;zrozumia\u0142 \u201e.<\/p>\r\n<p>Olszewski wskaza\u0142 na potrzeb\u0119 bardziej pog\u0142\u0119bionych bada\u0144 nad ewentualn\u0105 sowieck\u0105 rol\u0105 w wywo\u0142aniu zbrodni wo\u0142y\u0144skiej.<\/p>\r\n<ul>\r\n\t<li>ZOBACZ R\u00d3WNIE\u017b: <a href=\"https:\/\/kresy.pl\/wydarzenia\/olszewski-o-ustawie-o-ipn-podwazono-najbardziej-strategiczne-kierunki-polityki-miedzynarodowej\/\">Olszewski o ustawie IPN: Podwa\u017cono nasze najbardziej strategiczne kierunki polityki mi\u0119dzynarodowej<\/a><\/li>\r\n<\/ul>\r\n<p>Kresy.pl \/ Super Express<\/p>\r\n<p class=\"zrodlo\">Za: <a href=\"https:\/\/kresy.pl\/wydarzenia\/olszewski-bandera-ze-zbrodnia-wolynska-mial-nic-wspolnego-mogla-sluzyc-sowietom\/\">Kresy.pl (26 lutego 2018)<\/a><\/p>\r\n<blockquote>\r\n<p>[<strong>Wybrane wypowiedzi internaut\u00f3w pod w\/w tekstem na stronie \u017ar\u00f3d\u0142owej:<\/strong>]<\/p>\r\n<p>Bandera by\u0142 fanatykiem ,nigdy nie pot\u0119pi\u0142 ludob\u00f3jstwa wobec nie Ukrai\u0144c\u00f3w. Pan Olszewski przypomina swoimi wypowiedziami Pani\u0105 Staniszewsk\u0105. Czasami lepiej zaj\u0105\u0107 si\u0119<br>\r\n rybkami w akwarium.<br>\r\n <em> tagore @tagore: 26 lutego 2018<\/em><\/p>\r\n<p>@tagore Bo tak to jest, je\u017celi nie czyta si\u0119 Srokowskiego,Siemaszk\u00f3w i dr.Kuli\u0144skiej.A swoj\u0105 drog\u0105, ciekawy jestem czy SE nie zmanipulowa\u0142 wypowiedzi Olszewskiego ?<br>\r\n <em> jwu 26 lutego 2018<\/em><\/p>\r\n<p>G\u0142\u0119boko posuni\u0119ta demencja starcza,to jest m\u00f3j komentarz na jego wypowied\u017a.A swoj\u0105 drog\u0105 (ponownie) stawiam sobie pytanie, sk\u0105d si\u0119 bior\u0105 ludzie ,kt\u00f3rzy z premedytacj\u0105, Polakom podstawiaj\u0105 nog\u0119 ?<br>\r\n <em> jwu 26 lutego 2018<\/em><\/p>\r\n<\/blockquote>\r\n<h4>&nbsp;<\/h4>\r\n<hr style=\"background-color: #000000; border-width: 0; color: #000000; height: 2px; line-height: 0; text-align: center; width: 100%;\">\r\n<h4>&nbsp;<\/h4>\r\n<h2>Ks. Isakowicz-Zaleski odpowiada Olszewskiemu ws. Bandery<\/h2>\r\n<p><strong>By\u0142y premier Jan Olszewski stwierdzi\u0142 wywiadzie z \u201eSuper Expressem\u201d, \u017ce Stepan Bandera nie ponosi odpowiedzialno\u015bci za zbrodni\u0119 wo\u0142y\u0144sk\u0105.<\/strong><\/p>\r\n<p>Przypomnijmy, \u017ce Jan Olszewski stwierdzi\u0142, \u017ce&nbsp;Stepan Bandera jest odpowiedzialny tylko za jedn\u0105 zbrodni\u0119 skierowan\u0105 przeciwko Polsce i by\u0142 ni\u0105 zamach na&nbsp;polskiego ministra spraw wewn\u0119trznych pu\u0142kownika Bronis\u0142awa Pierackiego. \u201eI&nbsp;rzecz znamienna &#8211;&nbsp;w&nbsp;procesie winnych, mi\u0119dzy innymi Bander\u0119, skazano na&nbsp;kary \u015bmierci. Ale&nbsp;\u017cadnego wyroku nie&nbsp;wykonano. Sta\u0142o si\u0119 tak, pomimo \u017ce&nbsp;minister Pieracki by\u0142 jednym z&nbsp;najbli\u017cszych wsp\u00f3\u0142pracownik\u00f3w J\u00f3zefa Pi\u0142sudskiego. A&nbsp;decyzja o&nbsp;niewykonywaniu wyroku \u015bmierci musia\u0142a zapa\u015b\u0107 za&nbsp;wiedz\u0105, a&nbsp;najpewniej na&nbsp;podstawie decyzji samego Marsza\u0142ka. I&nbsp;sta\u0142o si\u0119 bardzo dobrze. Bo&nbsp;Bandera odegra\u0142 potem niezwykle wa\u017cn\u0105 rol\u0119 w&nbsp;historii walki Ukrai\u0144c\u00f3w o&nbsp;niepodleg\u0142o\u015b\u0107\u201d &#8211; oceni\u0142 by\u0142y premier.<\/p>\r\n<p>Ponadto, w tym samym wywiadzie, Olszewski powiedzia\u0142: \u201e[Bandera]&nbsp;Niew\u0105tpliwie jest dla Polak\u00f3w postaci\u0105 ma\u0142o sympatyczn\u0105, jego wypowiedzi na temat Polski by\u0142y bardzo nieprzychylne. Ale chcia\u0142bym bardzo mocno podkre\u015bli\u0107 i da\u0107 pod rozwag\u0119 &#8211; ten cz\u0142owiek nie mia\u0142 ze zbrodni\u0105 wo\u0142y\u0144sk\u0105 nic wsp\u00f3lnego\u201d.<\/p>\r\n<p>Na te s\u0142owa zareagowa\u0142 ks. Tadeusz Isakowicz-Zaleski. \u201eI&nbsp;m\u00f3wi to&nbsp;polityk, kt\u00f3ry jako premier, pose\u0142 i&nbsp;doradca \u015bp. prezydenta Lecha Kaczy\u0144skiego nie&nbsp;uczyni\u0142 nigdy nic dla&nbsp;upami\u0119tnienia ofiar UPA, zbudowanej na&nbsp;strukturach banderowskiej frakcji OUN.&nbsp;To&nbsp;tak jakby twierdzi\u0107, \u017ce&nbsp;Hitler nie&nbsp;mia\u0142 nic wsp\u00f3lnego z&nbsp;Holokaustem \u017byd\u00f3w i&nbsp;nie wiedzia\u0142 o&nbsp;komorach gazowych w&nbsp;KL Auschwitz\u201d &#8211; napisa\u0142 kap\u0142an na Facebooku.<\/p>\r\n<p>W&nbsp;ocenie duchownego, jest to cz\u0119\u015b\u0107 \u015bwiadomej polityki cz\u0119\u015bci obozu prawicowego, kt\u00f3ra dla&nbsp;dobrych relacji z&nbsp;Ukrain\u0105 marginalizuje pami\u0119\u0107 o&nbsp;ukrai\u0144skim ludob\u00f3jstwie dokonanym na&nbsp;Polakach. \u201eI&nbsp;to chwili, gdy rodziny ofiar op\u0142akuj\u0105 swoich krewnych pomordowanych w&nbsp;Hucie Pieniackiej i&nbsp;Koro\u015bciatynie\u201d &#8211;&nbsp;podkre\u015bli\u0142, dodaj\u0105c: \u201eWszystko to&nbsp;pokazuje jak nowelizacja ustawy o&nbsp;IPN by\u0142a potrzebna\u201d.<\/p>\r\n<p>Kresy.pl \/ Facebook \/ Do Rzeczy<\/p>\r\n<p class=\"zrodlo\">Za: <a href=\"https:\/\/kresy.pl\/wydarzenia\/ks-isakowicz-zaleski-odpowiada-olszewskiemu-ws-bandery\/\">Kresy.pl (26 lutego 2018)<\/a><\/p>\r\n<blockquote>\r\n<p><strong>KOMENTARZ <em>BIBU\u0141Y<\/em><\/strong>: Ksi\u0105dz Isakowicz-Zaleski naprawd\u0119 m\u00f3g\u0142by w swojej argumentacji pos\u0142u\u017cy\u0107 si\u0119 czym\u015b innym ni\u017c to, \u017ce &#8222;<em>To&nbsp;tak jakby twierdzi\u0107,&nbsp;Hitler nie wiedzia\u0142 o komorach gazowych w KL Auschwitz<\/em>&#8222;, bo mo\u017ce w ten spos\u00f3b &#8211; przez swoj\u0105 ignorancj\u0119 &#8211; stan\u0105\u0107 po stronie niewinno\u015bci Bandery.<\/p>\r\n<p>Prosimy zatem o wskazanie jednego (tylko jednego!) rzetelnego \u017ar\u00f3d\u0142a historycznego (mo\u017ce by\u0107 ze zbior\u00f3w \u017cydowskich, jakichkolwiek) wskazuj\u0105cego, \u017ce Hitler wiedzia\u0142 o czym\u015b takim jak komory gazowe w KL Auschwitz maj\u0105ce za cel masowe u\u015bmiercanie wi\u0119\u017ani\u00f3w, w narracji kt\u00f3r\u0105 \u0142aduje si\u0119 nam od 50 lat do g\u0142\u00f3w. Owszem, tzw. komory gazowe istnia\u0142y w wielu obozach, r\u00f3wnie\u017c w KL Auschwitz, ale tak\u017ce by\u0142y w niemieckich koszarach wojskowych, nawet daleko w Finlandii, lecz s\u0142u\u017cy\u0142y one do tego do czego zosta\u0142y zbudowane, czyli do dezynfekcji wojskowych mundur\u00f3w, ekwipunku czy materacy, a Cyklon-B by\u0142 \u015brodkiem owadob\u00f3jczym stosowanym w\u0142a\u015bnie do tego. I w\u0142a\u015bnie tak\u0105 wiedz\u0119, zgodn\u0105 ze stanem faktycznym, mia\u0142 Hitler.<\/p>\r\n<p>I ca\u0142y czas warto te\u017c pami\u0119ta\u0107, \u017ce to co pokazywane jest turystom w KL Auschwitz jako komory gazowe, czyli miejsce masowych mord\u00f3w, <strong>jest powojenn\u0105 rekonstrukcj\u0105<\/strong>. Uczynion\u0105 r\u0119kami sowieckim celem kontynuowania przez &#8211; jeszcze wi\u0119kszych zbrodniarzy, bo przez ludob\u00f3jc\u00f3w komunistycznych &#8211; ich propagandy &#8222;antyfaszystowskiej&#8221;.<\/p>\r\n<\/blockquote>\r\n<h4>&nbsp;<\/h4>\r\n<hr style=\"background-color: #000000; border-width: 0; color: #000000; height: 2px; line-height: 0; text-align: center; width: 100%;\">\r\n<h4>&nbsp;<\/h4>\r\n<h2>Dr Kuli\u0144ska o Janie Olszewskim: \u0179aden uczciwy cz\u0142owiek nie powinien po czym\u015b takim poda\u0107 mu r\u0119ki<\/h2>\r\n<p><em><strong>Z dr Lucyn\u0105 Kuli\u0144sk\u0105, historykiem i politologiem rozmawia Anna Wiejak<\/strong><\/em><\/p>\r\n<p><strong>By\u0142y premier Jan Olszewski w rozmowie z \u201eSuper Expressem\u201d wybiela\u0142 Stepana Bander\u0119 twierdz\u0105c, i\u017c ten nie mia\u0142 nic wsp\u00f3lnego z Rzezi\u0105 Wo\u0142y\u0144sk\u0105 i sugerowa\u0142, \u017ce nale\u017ca\u0142oby doszukiwa\u0107 si\u0119 sowieckiej roli w wywo\u0142aniu tej zbrodni.<\/strong><\/p>\r\n<p>&#8211; To co przeczyta\u0142am, by\u0142o dla mnie bardzo przykre, ale mnie nie zdziwi\u0142o, poniewa\u017c ju\u017c wcze\u015bniej w wielu wypowiedziach pan Olszewski dawa\u0142 jasno do zrozumienia, \u017ce on po prostu banderyzm wspiera. Robi\u0142 to przez wiele lat i mia\u0142 niew\u0105tpliwie du\u017cy wp\u0142yw na to, \u017ce on si\u0119 na Ukrainie tak rozr\u00f3s\u0142. Wybielaj\u0105c Bander\u0119 i wykluczaj\u0105c jego \u201esprawstwo kierownicze\u201d w ludob\u00f3jstwie dokonanym przez OUN-UPA w wojew\u00f3dztwach wschodnich II RP wykaza\u0142 si\u0119 ignorancj\u0105 historyczn\u0105. Pochyli\u0142 si\u0119 nad jego uwi\u0119zieniem przez Niemc\u00f3w. Ale wiemy, \u017ce Bandera nie by\u0142 jakim\u015b \u201ezwyk\u0142ym\u201d wi\u0119\u017aniem Sachsenhausen, g\u0142odzonym, torturowanym, poni\u017canym. Bandera by\u0142 niemieckim \u201ewi\u0119\u017aniem stanu\u201d trzymanym w osobnym bloku, w ogrzewanej celi, odwiedzanym przez niemieckich notabli, kt\u00f3ry na dodatek nawet spoza krat kierowa\u0142 ludob\u00f3jstwem Polak\u00f3w. Jaki wi\u0119zie\u0144 obozowy m\u00f3g\u0142 o takim traktowaniu nawet pomy\u015ble\u0107 ? Bandera by\u0142 lojalnym p\u0142atnym kolaborantem niemieckim. W 1941 roku wmaszerowa\u0142 na Lwowszczyzn\u0119 razem z ukrai\u0144skimi batalionami pomocniczymi &#8211; stworzonymi przez Niemc\u00f3w. Dopiero kiedy Ukrai\u0144cy za\u017cyczyli sobie w\u0142asnego pa\u0144stwa, a by\u0142o to wiele wi\u0119cej ni\u017c Niemcy im chcieli da\u0107, zosta\u0142 przez nich razem z ca\u0142ym marionetkowym rz\u0105dem ukrai\u0144skim aresztowany. Ale podkre\u015blam &#8211; to nie by\u0142 zwyk\u0142y wi\u0119zie\u0144. By\u0142 trzymany, bo by\u0142 Niemcom potrzebny. W odpowiednim momencie zosta\u0142 przez nich wypuszczony i wkr\u00f3tce zosta\u0142 przewerbowany przez zachodnie wywiady. Czyli robienie z niego \u201em\u0119czennika\u201d jest po prostu bzdur\u0105.<\/p>\r\n<p>Pan Olszewski zapomnia\u0142 tak\u017ce o fakcie najistotniejszym. Bandera za antypolsk\u0105 dzia\u0142alno\u015b\u0107 terrorystyczn\u0105 OUN w Polsce w okresie mi\u0119dzywojennym, kt\u00f3rej pok\u0142osiem by\u0142y napady, zab\u00f3jstwa i mordowanie Polak\u00f3w (w tym za zaplanowanie zab\u00f3jstwa min. Pierackiego) mia\u0142 kilka wyrok\u00f3w \u015bmierci. By\u0142 to gro\u017any, sadystyczny terrorysta, kt\u00f3ry przewodzi\u0142 organizacji OUN &#8211; sponsorowanej przez wszystkich wrog\u00f3w Polski z Niemcami na czele. Jego organizacja by\u0142a te\u017c sponsorowana przez Litw\u0119, Czechy, a w pewnych okresach Rosj\u0119 Sowieck\u0105. Ciekawych tych fakt\u00f3w odsy\u0142am do swojej obszernej ksi\u0105\u017cki na temat dzia\u0142alno\u015bci terrorystycznej nacjonalistycznych organizacji ukrai\u0144skich w Polsce w latach 1922-1939. \u201ePremier\u201d powinien przecie\u017c zna\u0107, cho\u0107by podstawowe fakty. Moim zdaniem wybielanie Bandery przez JAKIEGOKOLWIEK polityka polskiego jest rzecz\u0105 wr\u0119cz haniebn\u0105. To mog\u0119 to z ca\u0142\u0105 odpowiedzialno\u015bci\u0105 powiedzie\u0107 &#8211; haniebn\u0105, nie nieprzyzwoit\u0105 tylko haniebn\u0105. To plucie na groby setek tysi\u0119cy ofiar banderyzmu.<\/p>\r\n<p>Takich rzeczy nie wolno robi\u0107 szczeg\u00f3lnie dzi\u015b, gdy jeste\u015bmy atakowani przez wrog\u00f3w naszych. To przecie\u017c dramatycznie os\u0142abia nasz\u0105 pozycj\u0119. Ka\u017cdy, kto w ten spos\u00f3b przedstawia Stepana Bander\u0119, dzia\u0142a dzi\u015b na szkod\u0119 Polski. Nie mam s\u0142\u00f3w oburzenia na takie post\u0119powanie. Kiedy wreszcie ustaw\u0105 IPN zakazano w Polsce gloryfikowania zbrodniarzy z OUN- UPA i u\u017cywania ich symboliki by\u0142y Premier wyg\u0142asza takie teksty. Ju\u017c wykluczenie z karania za k\u0142amstwa dotycz\u0105ce zbrodni ludob\u00f3jstwa \u201edzia\u0142alno\u015bci naukowej i artystycznej\u201d wzbudzi\u0142o we mnie niesmak. No c\u00f3\u017c w IPN i na uczelniach wy\u017cszych nadal pracuje wielu \u201erewizjonist\u00f3w\u201d, wielu wywodz\u0105cych si\u0119 z mniejszo\u015bci narodowych, kt\u00f3rzy nie wahali si\u0119 latami zak\u0142amywa\u0107 historii. Teraz chc\u0105 czu\u0107 si\u0119 bezkarni &#8211; nawet gdy \u017ar\u00f3d\u0142a jednoznacznie wskazuj\u0105, \u017ce K\u0141AMALI. Wida\u0107 wystraszyli si\u0119 i przypilnowali, by to co robili pozosta\u0142o bezkarne. Co do strony \u201eatystycznej\u201d to co &#8211; banderowski zesp\u00f3\u0142 b\u0119dzie m\u00f3g\u0142 wy\u015bpiewywa\u0107 bezkarnie pie\u015bni \u201eR\u017cnij Lach\u00f3w Rznij, lub \u201ewyrzezamy wszystkich Lach\u00f3w po Warszaw\u0119\u201d- to przecie\u017c strofy ze \u201e\u015apiewnika UPA\u201d, kolportowanego na Ukrainie od lat 90-tych.<\/p>\r\n<p><strong>Czy w Pani ocenie tego typu deklaracje, jak ta zawarta w wywiadzie udzielonym przez Jana Olszewskiego dla \u201eSuperExpressu\u201d powinny by\u0107 penalizowane?<\/strong><\/p>\r\n<p>&#8211; Ja w og\u00f3le jestem przeciwnikiem zamykania ludzi. Penalizacja nie jest dobrym rozwi\u0105zaniem, szczeg\u00f3lnie w odniesieniu do Polak\u00f3w, a przecie\u017c pan Olszewski si\u0119 za Polaka uwa\u017ca. Natomiast proces publiczny, udowodnienie mu, \u017ce k\u0142amie &#8211; to powinien by\u0107 koniec jego kariery politycznej. Dla mnie takie o\u015bwiadczenie powinno go w opinii ka\u017cdego przyzwoitego Polaka po prostu zdyskredytowa\u0107. Powinien zosta\u0107 poddany ostracyzmowi, je\u017celi wyst\u0119puje przeciwko tak strasznej zbrodni i stara si\u0119 j\u0105 usprawiedliwia\u0107, usprawiedliwiaj\u0105c jednego z jej prowodyr\u00f3w, cz\u0142owieka, kt\u00f3ry zbudowa\u0142 si\u0142\u0119, kt\u00f3ra potem przewodzi\u0142a mordom na Polakach i by\u0142 jej moralnym sprawc\u0105. Z cz\u0142owiekiem, kt\u00f3ry g\u0142osi publicznie takie bzdury, nikt w Polsce nigdy nie powinien podejmowa\u0107 \u017cadnego powa\u017cnego dyskursu. \u0179aden uczciwy cz\u0142owiek nie powinien po czym\u015b takim mu poda\u0107 r\u0119ki. Smutne, bo dla wielu po \u201enocnej zmianie\u201d Jan Olszewski sta\u0142 si\u0119 autorytetem. Dzi\u015b tym wywiadem z tego piedesta\u0142u z hukiem spada.<\/p>\r\n<p><strong>Dzi\u015b &#8211; zdaniem Jana Olszewskiego &#8211; na Ukrainie czczony jest nie antypolski, ale antysowiecki nurt walki UPA. Czy rzeczywi\u015bcie tak jest ?<\/strong><\/p>\r\n<p>&#8211; My powtarzamy pewne scenariusze przedwojenne. Bardzo du\u017ca cz\u0119\u015b\u0107 Ukrai\u0144c\u00f3w si\u0119 do wsp\u00f3lnoty krwi z Rosjanami poczuwa. Ci kt\u00f3rzy s\u0105 innego zdania z kolei doskonale wiedz\u0105, \u017ce Rosjanom nic nie mog\u0105 zrobi\u0107. Prawda jest taka, \u017ce oni si\u0119 Rosjan boj\u0105 i tak najch\u0119tniej to by chcieli, \u017ceby im Polacy lub w og\u00f3le Zach\u00f3d t\u0105 Ukrain\u0119 wywojowa\u0142. Ich interesuj\u0105 \u201e\u0142upy\u201d, kasa. Natomiast tymi, kt\u00f3rych si\u0119 nie boj\u0105, kt\u00f3rych mog\u0105 znowu obszarpa\u0107, okra\u015b\u0107, napa\u015b\u0107, s\u0105 Polacy, i si\u0119 nie zawahaj\u0105, bo zawsze znajd\u0105 pomoc ze strony Niemiec, Rosji\u2026 Po prostu jeste\u015bmy tutaj najs\u0142abszym ogniwem. Je\u017celi pan Olszewski mieni si\u0119 politykiem, to powinien si\u0119 zastanowi\u0107 nad tym, \u017ce przy\u0142o\u017cenie przez niego r\u0119ki do wyhodowania banderyzmu pozycj\u0119 Polski dramatycznie os\u0142abi\u0142o. Ka\u017cdy rok edukacji, tej szowinistycznej, kt\u00f3r\u0105 odbiera tamta m\u0142odzie\u017c, tworzy coraz wi\u0119ksze zagro\u017cenie dla Polski. Polska milcza\u0142a, a nawet sprzyja\u0142a. Dlaczego ? Mo\u017ce wi\u0119c nie o Polsk\u0119 chodzi\u0142o w tej grze, toczonej ponad naszymi g\u0142owami ? To jakie\u015b inne, wi\u0119ksze plany mia\u0142y nas znowu zetrze\u0107 z mapy ? Podsumowuj\u0105c: dla Ukrai\u0144c\u00f3w Rosjanie s\u0105 niedo\u015bcigli, oni nie mog\u0105 si\u0119 im w \u017caden spos\u00f3b przeciwstawi\u0107, natomiast Polak\u00f3w uwa\u017caj\u0105, tak jak i wtedy uwa\u017cali, za element mi\u0119kki i s\u0142aby, kt\u00f3ry da si\u0119 \u0142atwo obrabowa\u0107.<\/p>\r\n<p>Kiedy si\u0119 nad tym zastanawiam przychodzi mi do g\u0142owy, \u017ce celem Ukrai\u0144c\u00f3w by\u0142o oderwanie naszych wojew\u00f3dztw wschodnich od Polski. Chcieli, oderwali. Dlaczego ich nie zagospodarowuj\u0105 ? Dlaczego na nich nie pracuj\u0105, dlaczego t\u0119 naj\u017cy\u017aniejsz\u0105 ziemi\u0119 \u015bwiata oni oddaj\u0105 obcym, a przychodz\u0105 tutaj do nas pracowa\u0107 ? I znowu patrz\u0105 na te nasze zagospodarowane pola. I znowu przychodzi im do g\u0142owy, \u017ce tamtym furda &#8211; ale to zagospodarowane, te\u017c mo\u017ce by\u0107 ich. Pojawiaj\u0105 si\u0119 wci\u0105\u017c nowe \u017c\u0105dania terytorialne &#8211; bo ju\u017c chc\u0105 i Che\u0142mszczyzn\u0119 i Nadsanie, a potem a\u017c po Krak\u00f3w, a\u017c po Warszaw\u0119. Tego Pan chce panie \u201ePremierze\u201d ? Przecie\u017c pana wypowiedzi, to jest sprowadzanie zagro\u017cenia na w\u0142asny nar\u00f3d.<\/p>\r\n<p>\u017ar\u00f3d\u0142o: <a href=\"http:\/\/prawy.pl\/66738-dr-kulinska-o-janie-olszewskim-zaden-uczciwy-czlowiek-nie-powinien-po-czyms-takim-podac-mu-reki\/\">Prawy.pl<\/a><\/p>\r\n<p class=\"zrodlo\">Za: <a href=\"http:\/\/www.prawica.net\/9805\">prawica.net (27 lutego 2018)<\/a><\/p>\r\n<h4>&nbsp;<\/h4>\r\n<hr style=\"background-color: #000000; border-width: 0; color: #000000; height: 2px; line-height: 0; text-align: center; width: 100%;\">\r\n<h4>&nbsp;<\/h4>\r\n<h2>Odpowied\u017a moja i dr Lucyny Kuli\u0144skiej na brednie Jana Olszewskiego<\/h2>\r\n<p>Jan Olszewski w wywiadzie dla SE stwierdzi\u0142: <a href=\"https:\/\/dorzeczy.pl\/kraj\/57183\/Jan-Olszewski-Bandera-nie-mial-nic-wspolnego-ze-zbrodnia-wolynska.html\">\u201eBandera nie mia\u0142 nic wsp\u00f3lnego ze zbrodni\u0105 wo\u0142y\u0144sk\u0105\u201d.&nbsp;<\/a><\/p>\r\n<p>I m\u00f3wi to polityk, kt\u00f3ry jako premier, pose\u0142 i doradca \u015bp. prezydenta Lecha Kaczy\u0144skiego nie uczyni\u0142 nigdy nic dla upami\u0119tnienia ofiar UPA, zbudowanej na strukturach banderowskiej frakcji OUN. To tak jakby twierdzi\u0107, \u017ce Hitler nie mia\u0142 nic wsp\u00f3lnego z Holokaustem \u017byd\u00f3w i nie wiedzia\u0142 o komorach gazowych w KL Auschwitz.<\/p>\r\n<p>A te brednie wypowiadane przez b. masona, sprzeczne z faktami i badaniami historycznymi, to \u015bwiadoma polityka cz\u0119\u015bci obozu prawicowego, kt\u00f3ra dla dobrych relacji z Ukrain\u0105 depcze pami\u0119\u0107 i prawd\u0119 o ukrai\u0144skim ludob\u00f3jstwie dokonanym na Polakach. I to chwili, gdy rodziny ofiar op\u0142akuj\u0105 swoich krewnych pomordowanych w Hucie Pieniackiej i Koro\u015bciatynie,<\/p>\r\n<p>Polecam tak\u017ce bardzo dobr\u0105 odpowied\u017a <a href=\"http:\/\/prawy.pl\/66738-dr-kulinska-o-janie-olszewskim-zaden-uczciwy-czlowiek-nie-powinien-po-czyms-takim-podac-mu-reki\/\">dr Lucyny Kuli\u0144skiej, badaczki nacjonalizmu ukrai\u0144skiego. <\/a><\/p>\r\n<p>Wszystko to pokazuje jak nowelizacja ustawy o IPN by\u0142a potrzebna.<\/p>\r\n<p>PS. O zwi\u0105zkach Olszewskiego z masoneri\u0105 pisa\u0142 tak <a href=\"http:\/\/gosc.pl\/doc\/1091578.Na-tropie-masonow\/2\">katolicki \u201eGo\u015b\u0107 Niedzielny\u201d<\/a> jak i <a href=\"http:\/\/www.newsweek.pl\/wiedza\/historia\/polscy-masoni-loza-kopernik-newsweek-pl,artykuly,346061,1.html\">\u201eNewsweek\u201d<\/a> oraz portal<a href=\"https:\/\/www.bankier.pl\/forum\/temat_pisiory-szukaja-masonow-prosze-oto-jeden-z-nich,8663582.html\"> Bankier.pl<\/a><\/p>\r\n<p><strong><em>Ks. Tadeusz Isakowicz-Zaleski<\/em><\/strong><\/p>\r\n<p class=\"zrodlo\">Za: <a href=\"http:\/\/isakowicz.pl\/odpowiedz-moja-i-dr-lucyny-kulinskiej-na-brednie-jana-olszewskiego\/\">isakowicz.pl (27 lutego 2018)<\/a><\/p>\r\n<h4>&nbsp;<\/h4>\r\n<hr style=\"background-color: #000000; border-width: 0; color: #000000; height: 2px; line-height: 0; text-align: center; width: 100%;\">\r\n<h4>&nbsp;<\/h4>","protected":false},"excerpt":{"rendered":"\u201e\u0141\u0105czenie tych dw\u00f3ch temat\u00f3w jest rzecz\u0105 co&nbsp;najmniej dziwaczn\u0105. A&nbsp;wrzucenie tego do&nbsp;jednej ustawy ma&nbsp;charakter czego\u015b pomi\u0119dzy obsesj\u0105 a&nbsp;dywersj\u0105. Mo\u017ce to&nbsp;mocne s\u0142owa, ale&nbsp;tak to&nbsp;wygl\u0105da. Bo&nbsp;trudno znale\u017a\u0107 jakie\u015b inne uzasadnienie\u201d &#8211; powiedzia\u0142 w wywiadzie dla \u201eSuper Expressu\u201d by\u0142y premier Jan Olszewski. Olszewski stwierdzi\u0142, \u017ce Stepan Bandera jest odpowiedzialny tylko za jedn\u0105 zbrodni\u0119 skierowan\u0105 przeciwko Polsce i by\u0142 ni\u0105 [&hellip;]","protected":false},"author":1,"featured_media":0,"comment_status":"closed","ping_status":"closed","sticky":false,"template":"","format":"standard","meta":{"_acf_changed":false,"_monsterinsights_skip_tracking":false,"_monsterinsights_sitenote_active":false,"_monsterinsights_sitenote_note":"","_monsterinsights_sitenote_category":0,"ngg_post_thumbnail":0,"footnotes":"","_wp_rev_ctl_limit":""},"categories":[8],"tags":[65,98,17],"acf":[],"_links":{"self":[{"href":"https:\/\/www.bibula.com\/index.php?rest_route=\/wp\/v2\/posts\/100096"}],"collection":[{"href":"https:\/\/www.bibula.com\/index.php?rest_route=\/wp\/v2\/posts"}],"about":[{"href":"https:\/\/www.bibula.com\/index.php?rest_route=\/wp\/v2\/types\/post"}],"author":[{"embeddable":true,"href":"https:\/\/www.bibula.com\/index.php?rest_route=\/wp\/v2\/users\/1"}],"replies":[{"embeddable":true,"href":"https:\/\/www.bibula.com\/index.php?rest_route=%2Fwp%2Fv2%2Fcomments&post=100096"}],"version-history":[{"count":0,"href":"https:\/\/www.bibula.com\/index.php?rest_route=\/wp\/v2\/posts\/100096\/revisions"}],"wp:attachment":[{"href":"https:\/\/www.bibula.com\/index.php?rest_route=%2Fwp%2Fv2%2Fmedia&parent=100096"}],"wp:term":[{"taxonomy":"category","embeddable":true,"href":"https:\/\/www.bibula.com\/index.php?rest_route=%2Fwp%2Fv2%2Fcategories&post=100096"},{"taxonomy":"post_tag","embeddable":true,"href":"https:\/\/www.bibula.com\/index.php?rest_route=%2Fwp%2Fv2%2Ftags&post=100096"}],"curies":[{"name":"wp","href":"https:\/\/api.w.org\/{rel}","templated":true}]}}